{"id":250290,"date":"2025-12-20T13:24:00","date_gmt":"2025-12-20T19:24:00","guid":{"rendered":"http:\/\/vertienteglobal.com\/?p=250290"},"modified":"2025-12-20T18:25:59","modified_gmt":"2025-12-21T00:25:59","slug":"dif-yucatan-cierra-el-ano-con-entrega-de-aparatos-de-movilidad-que-transforman-vidas-en-el-oriente-del-estado","status":"publish","type":"post","link":"http:\/\/vertienteglobal.com\/?p=250290","title":{"rendered":"DIF Yucat\u00e1n cierra el a\u00f1o con entrega de aparatos de movilidad que transforman vidas en el oriente del estado"},"content":{"rendered":"\n<div class=\"twitterbutton\" style=\"float: right; padding-left: 5px;\"><a href=\"http:\/\/twitter.com\/share\" class=\"twitter-share-button\" data-count=\"horizontal\" data-text=\"DIF Yucat\u00e1n cierra el a\u00f1o con entrega de aparatos de movilidad que transforman...\" data-via=\"https:\/\/twitter.com\/VertienteGloba1\" data-url=\"http:\/\/vertienteglobal.com\/?p=250290\" data-lang=\"es\" data-related=\"Informaci\u00f3n general:S\u00edguenos para que est\u00e9ss informado\"><\/a><\/div>\n<figure class=\"wp-block-image size-full\"><img loading=\"lazy\" decoding=\"async\" width=\"512\" height=\"357\" src=\"http:\/\/vertienteglobal.com\/wp-content\/uploads\/2025\/12\/1000864827.jpg\" alt=\"\" class=\"wp-image-250291\" srcset=\"http:\/\/vertienteglobal.com\/wp-content\/uploads\/2025\/12\/1000864827.jpg 512w, http:\/\/vertienteglobal.com\/wp-content\/uploads\/2025\/12\/1000864827-300x209.jpg 300w, http:\/\/vertienteglobal.com\/wp-content\/uploads\/2025\/12\/1000864827-150x105.jpg 150w\" sizes=\"auto, (max-width: 512px) 100vw, 512px\" \/><\/figure>\n\n\n\n<p>(Redacci\u00f3n)<\/p>\n\n\n\n<p><em>En coordinaci\u00f3n con la Beneficencia P\u00fablica Federal y Estatal, se entregaron en Tizim\u00edn 177 aparatos funcionales a personas de seis municipios, con lo que se concluye la distribuci\u00f3n de m\u00e1s de 2,200 ayudas funcionales durante 2025<\/em><\/p>\n\n\n\n<p>M\u00e9rida, Yucat\u00e1n,20 de diciembre 2025.-Como parte de las acciones de cierre de a\u00f1o y del compromiso permanente con el bienestar de las personas en situaci\u00f3n de vulnerabilidad, el Gobierno del Estado, a trav\u00e9s del Sistema para el Desarrollo Integral de la Familia (DIF) Yucat\u00e1n, realiz\u00f3 en el municipio de Tizim\u00edn la \u00faltima entrega de aparatos de movilidad del a\u00f1o, en coordinaci\u00f3n con la Beneficencia P\u00fablica Federal y la Beneficencia P\u00fablica Estatal.<\/p>\n\n\n\n<p>Durante esta jornada se entregaron 177 aparatos funcionales, entre sillas de ruedas, andaderas, bastones, sillas PCI y asientos posicionadores, destinados a beneficiar a habitantes de los municipios de Panab\u00e1, Sucil\u00e1, Espita, R\u00edo Lagartos, Calotmul y Tizim\u00edn, contribuyendo a mejorar su calidad de vida, autonom\u00eda e independencia en actividades cotidianas, traslados m\u00e9dicos y procesos de rehabilitaci\u00f3n.<\/p>\n\n\n\n<p>Con esta entrega, el DIF Yucat\u00e1n concluye la distribuci\u00f3n de m\u00e1s de 2,200 aparatos de movilidad entregados a lo largo de 2025, como parte de las jornadas realizadas en coordinaci\u00f3n con la Beneficencia P\u00fablica, consolidando un esfuerzo sin precedentes en el fortalecimiento de la movilidad y la inclusi\u00f3n de personas con discapacidad, personas adultas mayores y poblaci\u00f3n en situaci\u00f3n de vulnerabilidad en todo el estado.<\/p>\n\n\n\n<p>La entrega fue encabezada por la Presidenta Honoraria del DIF Yucat\u00e1n, Mtra. Wendy Yamile M\u00e9ndez Naal, quien destac\u00f3 que detr\u00e1s de cada aparato funcional existe una historia de esfuerzo, retos y superaci\u00f3n. Se\u00f1al\u00f3 que estos apoyos no solo representan una herramienta f\u00edsica, sino una oportunidad real para transformar la vida diaria de las personas beneficiarias y de sus familias.<\/p>\n\n\n\n<p>\u201cCada silla de ruedas, cada andadera o bast\u00f3n significa descanso para una madre, mayor independencia para una persona y la posibilidad de acudir a citas m\u00e9dicas, realizar actividades diarias y recuperar dignidad. Eso es lo m\u00e1s importante de estas entregas: cambiar y transformar vidas\u201d, expres\u00f3.<\/p>\n\n\n\n<p>La Presidenta Honoraria afirm\u00f3 que esta jornada marca el cierre de un a\u00f1o de intenso trabajo, pero no el fin de los apoyos, ya que para 2026 se redoblar\u00e1n esfuerzos con nuevas jornadas de movilidad en todo el estado.<\/p>\n\n\n\n<p>Asimismo, reconoci\u00f3 el papel fundamental de las presidentas y directoras de los DIF municipales, quienes son el primer contacto con las comunidades y las encargadas de integrar la documentaci\u00f3n necesaria para que los apoyos lleguen a quienes m\u00e1s lo necesitan.<\/p>\n\n\n\n<p>En su mensaje, agradeci\u00f3 tambi\u00e9n el respaldo del director del Patronato de la Beneficencia P\u00fablica de Yucat\u00e1n, Ra\u00fal Osorio Alonzo, as\u00ed como el acompa\u00f1amiento de la Beneficencia P\u00fablica Federal, destacando que esta entrega es ejemplo claro de c\u00f3mo los tres \u00f3rdenes de gobierno pueden trabajar de manera coordinada para atender necesidades reales de la poblaci\u00f3n.<\/p>\n\n\n\n<p>La Mtra. Wendy M\u00e9ndez Naal agradeci\u00f3 el apoyo del Gobernador Joaqu\u00edn D\u00edaz Mena por su apoyo para gestionar directamente ante instancias federales para que estos aparatos sean autorizados y lleguen a Yucat\u00e1n. \u201cGracias a esta gesti\u00f3n, durante el a\u00f1o fuimos beneficiados con m\u00e1s de dos mil doscientos aparatos funcionales entregados en distintas jornadas, incluyendo aparatos auditivos y de movilidad\u201d, puntualiz\u00f3.<\/p>\n\n\n\n<p>Por su parte, autoridades municipales y del DIF de Tizim\u00edn coincidieron en que estas acciones fortalecen el tejido social y refrendan el compromiso de un gobierno cercano, humano y presente en el territorio, alineado con la visi\u00f3n del Renacimiento Maya, que pone a las personas en el centro de las decisiones p\u00fablicas y no deja a nadie atr\u00e1s.<\/p>\n\n\n\n<p>La jornada concluy\u00f3 con un mensaje de cercan\u00eda y buenos deseos por parte de la Presidenta Honoraria, quien invit\u00f3 a las y los beneficiarios a disfrutar las fiestas de fin de a\u00f1o en compa\u00f1\u00eda de sus familias, recordando que el amor, el acompa\u00f1amiento y la solidaridad son los pilares m\u00e1s importantes para el bienestar.<\/p>\n\n\n\n<p>Con esta \u00faltima entrega del a\u00f1o, el DIF Yucat\u00e1n reafirma su compromiso de seguir trabajando con sensibilidad, empat\u00eda y responsabilidad social, acercando apoyos que dignifican la vida de las personas y fortalecen a las comunidades en cada rinc\u00f3n del estado.<\/p>\n\n\n\n<figure class=\"wp-block-image size-full\"><img loading=\"lazy\" decoding=\"async\" width=\"512\" height=\"341\" src=\"http:\/\/vertienteglobal.com\/wp-content\/uploads\/2025\/12\/1000864828.jpg\" alt=\"\" class=\"wp-image-250292\" srcset=\"http:\/\/vertienteglobal.com\/wp-content\/uploads\/2025\/12\/1000864828.jpg 512w, http:\/\/vertienteglobal.com\/wp-content\/uploads\/2025\/12\/1000864828-300x200.jpg 300w, http:\/\/vertienteglobal.com\/wp-content\/uploads\/2025\/12\/1000864828-150x100.jpg 150w\" sizes=\"auto, (max-width: 512px) 100vw, 512px\" \/><\/figure>\n\n\n\n<figure class=\"wp-block-image size-full\"><img loading=\"lazy\" decoding=\"async\" width=\"512\" height=\"341\" src=\"http:\/\/vertienteglobal.com\/wp-content\/uploads\/2025\/12\/1000864829.jpg\" alt=\"\" class=\"wp-image-250293\" srcset=\"http:\/\/vertienteglobal.com\/wp-content\/uploads\/2025\/12\/1000864829.jpg 512w, http:\/\/vertienteglobal.com\/wp-content\/uploads\/2025\/12\/1000864829-300x200.jpg 300w, http:\/\/vertienteglobal.com\/wp-content\/uploads\/2025\/12\/1000864829-150x100.jpg 150w\" sizes=\"auto, (max-width: 512px) 100vw, 512px\" \/><\/figure>\n\n\n\n<figure class=\"wp-block-image size-full\"><img loading=\"lazy\" decoding=\"async\" width=\"512\" height=\"345\" src=\"http:\/\/vertienteglobal.com\/wp-content\/uploads\/2025\/12\/1000864830.jpg\" alt=\"\" class=\"wp-image-250294\" srcset=\"http:\/\/vertienteglobal.com\/wp-content\/uploads\/2025\/12\/1000864830.jpg 512w, http:\/\/vertienteglobal.com\/wp-content\/uploads\/2025\/12\/1000864830-300x202.jpg 300w, http:\/\/vertienteglobal.com\/wp-content\/uploads\/2025\/12\/1000864830-150x101.jpg 150w\" sizes=\"auto, (max-width: 512px) 100vw, 512px\" \/><\/figure>\n","protected":false},"excerpt":{"rendered":"<p>(Redacci\u00f3n) En coordinaci\u00f3n con la Beneficencia P\u00fablica Federal y Estatal, se entregaron en Tizim\u00edn 177 aparatos funcionales a personas de seis municipios, con lo que se concluye la distribuci\u00f3n de m\u00e1s de 2,200 ayudas funcionales durante 2025 M\u00e9rida, Yucat\u00e1n,20 de diciembre 2025.-Como parte de las acciones de cierre de a\u00f1o y del compromiso permanente con [&hellip;]<\/p>\n","protected":false},"author":6,"featured_media":250291,"comment_status":"open","ping_status":"open","sticky":false,"template":"","format":"standard","meta":{"footnotes":""},"categories":[2],"tags":[],"class_list":["post-250290","post","type-post","status-publish","format-standard","has-post-thumbnail","hentry","category-yucatan","entry","has-media"],"jetpack_featured_media_url":"http:\/\/vertienteglobal.com\/wp-content\/uploads\/2025\/12\/1000864827.jpg","_links":{"self":[{"href":"http:\/\/vertienteglobal.com\/index.php?rest_route=\/wp\/v2\/posts\/250290","targetHints":{"allow":["GET"]}}],"collection":[{"href":"http:\/\/vertienteglobal.com\/index.php?rest_route=\/wp\/v2\/posts"}],"about":[{"href":"http:\/\/vertienteglobal.com\/index.php?rest_route=\/wp\/v2\/types\/post"}],"author":[{"embeddable":true,"href":"http:\/\/vertienteglobal.com\/index.php?rest_route=\/wp\/v2\/users\/6"}],"replies":[{"embeddable":true,"href":"http:\/\/vertienteglobal.com\/index.php?rest_route=%2Fwp%2Fv2%2Fcomments&post=250290"}],"version-history":[{"count":1,"href":"http:\/\/vertienteglobal.com\/index.php?rest_route=\/wp\/v2\/posts\/250290\/revisions"}],"predecessor-version":[{"id":250295,"href":"http:\/\/vertienteglobal.com\/index.php?rest_route=\/wp\/v2\/posts\/250290\/revisions\/250295"}],"wp:featuredmedia":[{"embeddable":true,"href":"http:\/\/vertienteglobal.com\/index.php?rest_route=\/wp\/v2\/media\/250291"}],"wp:attachment":[{"href":"http:\/\/vertienteglobal.com\/index.php?rest_route=%2Fwp%2Fv2%2Fmedia&parent=250290"}],"wp:term":[{"taxonomy":"category","embeddable":true,"href":"http:\/\/vertienteglobal.com\/index.php?rest_route=%2Fwp%2Fv2%2Fcategories&post=250290"},{"taxonomy":"post_tag","embeddable":true,"href":"http:\/\/vertienteglobal.com\/index.php?rest_route=%2Fwp%2Fv2%2Ftags&post=250290"}],"curies":[{"name":"wp","href":"https:\/\/api.w.org\/{rel}","templated":true}]}}