{"id":250020,"date":"2025-12-16T17:35:00","date_gmt":"2025-12-16T23:35:00","guid":{"rendered":"http:\/\/vertienteglobal.com\/?p=250020"},"modified":"2025-12-17T05:39:22","modified_gmt":"2025-12-17T11:39:22","slug":"renacimiento-maya-entrega-aparatos-de-movilidad-para-garantizar-autonomia-e-inclusion","status":"publish","type":"post","link":"http:\/\/vertienteglobal.com\/?p=250020","title":{"rendered":"Renacimiento Maya entrega aparatos de movilidad para garantizar autonom\u00eda e inclusi\u00f3n"},"content":{"rendered":"\n<div class=\"twitterbutton\" style=\"float: right; padding-left: 5px;\"><a href=\"http:\/\/twitter.com\/share\" class=\"twitter-share-button\" data-count=\"horizontal\" data-text=\"Renacimiento Maya entrega aparatos de movilidad para garantizar autonom\u00eda e inc...\" data-via=\"https:\/\/twitter.com\/VertienteGloba1\" data-url=\"http:\/\/vertienteglobal.com\/?p=250020\" data-lang=\"es\" data-related=\"Informaci\u00f3n general:S\u00edguenos para que est\u00e9ss informado\"><\/a><\/div>\n<figure class=\"wp-block-image size-full\"><img loading=\"lazy\" decoding=\"async\" width=\"832\" height=\"554\" src=\"http:\/\/vertienteglobal.com\/wp-content\/uploads\/2025\/12\/1000857986.jpg\" alt=\"\" class=\"wp-image-250021\" srcset=\"http:\/\/vertienteglobal.com\/wp-content\/uploads\/2025\/12\/1000857986.jpg 832w, http:\/\/vertienteglobal.com\/wp-content\/uploads\/2025\/12\/1000857986-300x200.jpg 300w, http:\/\/vertienteglobal.com\/wp-content\/uploads\/2025\/12\/1000857986-150x100.jpg 150w, http:\/\/vertienteglobal.com\/wp-content\/uploads\/2025\/12\/1000857986-768x511.jpg 768w\" sizes=\"auto, (max-width: 832px) 100vw, 832px\" \/><\/figure>\n\n\n\n<p>(Redacci\u00f3n)<\/p>\n\n\n\n<p><em>El Gobernador Joaqu\u00edn D\u00edaz Mena y la Presidenta Honoraria del DIF Yucat\u00e1n, Mtra. Wendy M\u00e9ndez Naal, refrendaron el compromiso del Gobierno de Yucat\u00e1n con la inclusi\u00f3n, el bienestar social y la dignidad de las personas en situaci\u00f3n de vulnerabilidad<\/em><\/p>\n\n\n\n<p>M\u00e9rida, Yucat\u00e1n,16 de diciembre de 2025.-Con la entrega de 234 aparatos funcionales, pr\u00f3tesis y \u00f3rtesis, el Gobierno del Renacimiento Maya reafirma su compromiso con el bienestar, la inclusi\u00f3n y la dignidad de las personas en situaci\u00f3n de vulnerabilidad, fortaleciendo acciones que permiten mejorar su calidad de vida y promover su autonom\u00eda.<br>\u00a0<br>Desde el patio central del Palacio de Gobierno, el Gobernador Joaqu\u00edn D\u00edaz Mena, acompa\u00f1ado de la Presidenta Honoraria del DIF Yucat\u00e1n, Mtra. Wendy M\u00e9ndez Naal, detall\u00f3 que entre los apoyos otorgados se encuentran sillas de ruedas, andaderas, bastones, muletas, sillas especiales, as\u00ed como pr\u00f3tesis y \u00f3rtesis, destinadas a personas que requieren estos instrumentos para desenvolverse con mayor independencia en su vida diaria.<br>\u00a0<br>El mandatario destac\u00f3 que estas acciones son resultado del uso responsable y eficiente de los recursos p\u00fablicos, orientados a atender necesidades reales de la poblaci\u00f3n y a brindar soluciones que impacten de manera directa en el bienestar de las y los ciudadanos.<br>\u00a0<br>\u201cEste acto es importante para nosotros, sobre todo en esta \u00e9poca navide\u00f1a, que es \u00e9poca de convivir, de dar y, sobre todo, de compartir. Hoy entregamos 234 aparatos funcionales, entre sillas de ruedas, andaderas, bastones, muletas, sillas especiales y pr\u00f3tesis, con una inversi\u00f3n de casi un mill\u00f3n de pesos. No son cifras al aire, sino recursos bien utilizados para resolver problemas reales\u201d, destac\u00f3.<br>\u00a0<br>Por ello, D\u00edaz Mena agradeci\u00f3 y reconoci\u00f3 el trabajo conjunto realizado por todo el equipo del DIF Yucat\u00e1n, que encabeza la presidenta honoraria, la maestra Wendy M\u00e9ndez Naal, junto con la directora general, Shirley Castillo S\u00e1nchez, quienes coordinaron las labores con el Centro Regional de \u00d3rtesis, Pr\u00f3tesis y Ayudas Funcionales de Yucat\u00e1n (Cropafy), ayuntamientos y DIF municipales para crear sinergia y lograr resultados que permitan que las y los beneficiarios aporten lo menos posible.<br>\u00a0<br>\u201cQuiero reconocer el esquema solidario que permite que muchas pr\u00f3tesis como esta se entreguen de manera tripartita, con aportaciones del Gobierno del Estado, a trav\u00e9s del DIF Yucat\u00e1n; de los gobiernos municipales, por medio de los DIF; y tambi\u00e9n de las propias familias de las y los beneficiarios. Aqu\u00ed nadie queda fuera por falta de recursos. Siempre buscamos la manera de que la soluci\u00f3n pueda llegar y que sea con una responsabilidad compartida\u201d, indic\u00f3.<br>\u00a0<br>Asimismo, el mandatario adelant\u00f3 que en enero del pr\u00f3ximo a\u00f1o se entregar\u00e1n 40 motos adaptadas para contribuir a cambiar la vida de las personas en situaci\u00f3n de vulnerabilidad que necesitan de este tipo de veh\u00edculos para movilizarse o incluso trabajar o emprender.<br>\u00a0<br>Ello, \u2014dijo\u2014, es posible gracias al respaldo que otorga a Yucat\u00e1n y su gente la Presidenta de M\u00e9xico, Claudia Sheinbaum Pardo, con quien ya se firm\u00f3 el convenio de universalidad de la pensi\u00f3n para personas con discapacidad, y cuyo Gobierno aport\u00f3 80 millones de pesos para asegurar este derecho a las personas con discapacidad, lo cual, \u2014record\u00f3\u2014, fue ignorado por la pasada administraci\u00f3n.<br>\u00a0<br>En su intervenci\u00f3n, la Presidenta Honoraria del DIF Yucat\u00e1n, Mtra. Wendy M\u00e9ndez Naal, reconoci\u00f3 el trabajo, compromiso y esfuerzo conjunto del equipo que conforma la instituci\u00f3n que representa, as\u00ed como de la Beneficencia P\u00fablica de Yucat\u00e1n, el Cropafy y los ayuntamientos de Sanahcat, Um\u00e1n, Halach\u00f3 y Valladolid, por sumarse con recursos a este proyecto para lograr estas entregas que cambian vidas y traen esperanza e independencia.<br>\u00a0<br>\u201cEsto es ejemplo de que, cuando los distintos niveles de Gobierno y las comunidades trabajan juntos, los resultados pueden llegar directamente a quienes m\u00e1s lo necesitan. Con cada aparato que hoy entregamos, deseamos que las y los beneficiarios, as\u00ed como sus familias, puedan vivir con mayor bienestar, autonom\u00eda y, sobre todo, con m\u00e1s felicidad\u201d, asever\u00f3.<br>\u00a0<br>Por su parte, Gilberto Candelario Centeno Ek, quien recibi\u00f3 una pr\u00f3tesis para miembro p\u00e9lvico izquierdo, expres\u00f3 su agradecimiento por el esfuerzo y sensibilidad del gobierno estatal y resalt\u00f3 que la empat\u00eda y la inclusi\u00f3n se construyen con acciones como esta.<br>\u00a0<br>\u201cEste acontecimiento representa, para m\u00ed, mucho m\u00e1s que un apoyo f\u00edsico; es poder volver a sonre\u00edr sin miedo, recordando que la vida contin\u00faa y que siempre hay motivos para sentirse fuerte y seguro. Agradezco a quienes hicieron posible este apoyo por representar un cambio importante en mi vida y para mi familia\u201d, concluy\u00f3.<br>\u00a0<br>Participaron en este evento la beneficiaria de silla de ruedas del municipio de M\u00e9rida, Mar\u00eda Luc\u00eda Castillo Lara; la directora adjunta de Planeaci\u00f3n Estrat\u00e9gica del DIF Yucat\u00e1n, Miriam Azc\u00e1rate Puch; el director general de la Administraci\u00f3n del Patrimonio de la Beneficencia P\u00fablica del Estado de Yucat\u00e1n, Ra\u00fal Osorio Alonzo; y el director del Cropafy, Daniel Alejandro Pech Bracamonte.<\/p>\n\n\n\n<figure class=\"wp-block-image size-full\"><img loading=\"lazy\" decoding=\"async\" width=\"832\" height=\"554\" src=\"http:\/\/vertienteglobal.com\/wp-content\/uploads\/2025\/12\/1000857987.jpg\" alt=\"\" class=\"wp-image-250022\" srcset=\"http:\/\/vertienteglobal.com\/wp-content\/uploads\/2025\/12\/1000857987.jpg 832w, http:\/\/vertienteglobal.com\/wp-content\/uploads\/2025\/12\/1000857987-300x200.jpg 300w, http:\/\/vertienteglobal.com\/wp-content\/uploads\/2025\/12\/1000857987-150x100.jpg 150w, http:\/\/vertienteglobal.com\/wp-content\/uploads\/2025\/12\/1000857987-768x511.jpg 768w\" sizes=\"auto, (max-width: 832px) 100vw, 832px\" \/><\/figure>\n\n\n\n<figure class=\"wp-block-image size-full\"><img loading=\"lazy\" decoding=\"async\" width=\"832\" height=\"554\" src=\"http:\/\/vertienteglobal.com\/wp-content\/uploads\/2025\/12\/1000857988.jpg\" alt=\"\" class=\"wp-image-250023\" srcset=\"http:\/\/vertienteglobal.com\/wp-content\/uploads\/2025\/12\/1000857988.jpg 832w, http:\/\/vertienteglobal.com\/wp-content\/uploads\/2025\/12\/1000857988-300x200.jpg 300w, http:\/\/vertienteglobal.com\/wp-content\/uploads\/2025\/12\/1000857988-150x100.jpg 150w, http:\/\/vertienteglobal.com\/wp-content\/uploads\/2025\/12\/1000857988-768x511.jpg 768w\" sizes=\"auto, (max-width: 832px) 100vw, 832px\" \/><\/figure>\n\n\n\n<figure class=\"wp-block-image size-full\"><img loading=\"lazy\" decoding=\"async\" width=\"832\" height=\"554\" src=\"http:\/\/vertienteglobal.com\/wp-content\/uploads\/2025\/12\/1000857989.jpg\" alt=\"\" class=\"wp-image-250024\" srcset=\"http:\/\/vertienteglobal.com\/wp-content\/uploads\/2025\/12\/1000857989.jpg 832w, http:\/\/vertienteglobal.com\/wp-content\/uploads\/2025\/12\/1000857989-300x200.jpg 300w, http:\/\/vertienteglobal.com\/wp-content\/uploads\/2025\/12\/1000857989-150x100.jpg 150w, http:\/\/vertienteglobal.com\/wp-content\/uploads\/2025\/12\/1000857989-768x511.jpg 768w\" sizes=\"auto, (max-width: 832px) 100vw, 832px\" \/><\/figure>\n\n\n\n<figure class=\"wp-block-image size-full\"><img loading=\"lazy\" decoding=\"async\" width=\"832\" height=\"554\" src=\"http:\/\/vertienteglobal.com\/wp-content\/uploads\/2025\/12\/1000857995.jpg\" alt=\"\" class=\"wp-image-250025\" srcset=\"http:\/\/vertienteglobal.com\/wp-content\/uploads\/2025\/12\/1000857995.jpg 832w, http:\/\/vertienteglobal.com\/wp-content\/uploads\/2025\/12\/1000857995-300x200.jpg 300w, http:\/\/vertienteglobal.com\/wp-content\/uploads\/2025\/12\/1000857995-150x100.jpg 150w, http:\/\/vertienteglobal.com\/wp-content\/uploads\/2025\/12\/1000857995-768x511.jpg 768w\" sizes=\"auto, (max-width: 832px) 100vw, 832px\" \/><\/figure>\n","protected":false},"excerpt":{"rendered":"<p>(Redacci\u00f3n) El Gobernador Joaqu\u00edn D\u00edaz Mena y la Presidenta Honoraria del DIF Yucat\u00e1n, Mtra. Wendy M\u00e9ndez Naal, refrendaron el compromiso del Gobierno de Yucat\u00e1n con la inclusi\u00f3n, el bienestar social y la dignidad de las personas en situaci\u00f3n de vulnerabilidad M\u00e9rida, Yucat\u00e1n,16 de diciembre de 2025.-Con la entrega de 234 aparatos funcionales, pr\u00f3tesis y \u00f3rtesis, [&hellip;]<\/p>\n","protected":false},"author":6,"featured_media":250021,"comment_status":"open","ping_status":"open","sticky":false,"template":"","format":"standard","meta":{"footnotes":""},"categories":[2],"tags":[],"class_list":["post-250020","post","type-post","status-publish","format-standard","has-post-thumbnail","hentry","category-yucatan","entry","has-media"],"jetpack_featured_media_url":"http:\/\/vertienteglobal.com\/wp-content\/uploads\/2025\/12\/1000857986.jpg","_links":{"self":[{"href":"http:\/\/vertienteglobal.com\/index.php?rest_route=\/wp\/v2\/posts\/250020","targetHints":{"allow":["GET"]}}],"collection":[{"href":"http:\/\/vertienteglobal.com\/index.php?rest_route=\/wp\/v2\/posts"}],"about":[{"href":"http:\/\/vertienteglobal.com\/index.php?rest_route=\/wp\/v2\/types\/post"}],"author":[{"embeddable":true,"href":"http:\/\/vertienteglobal.com\/index.php?rest_route=\/wp\/v2\/users\/6"}],"replies":[{"embeddable":true,"href":"http:\/\/vertienteglobal.com\/index.php?rest_route=%2Fwp%2Fv2%2Fcomments&post=250020"}],"version-history":[{"count":1,"href":"http:\/\/vertienteglobal.com\/index.php?rest_route=\/wp\/v2\/posts\/250020\/revisions"}],"predecessor-version":[{"id":250026,"href":"http:\/\/vertienteglobal.com\/index.php?rest_route=\/wp\/v2\/posts\/250020\/revisions\/250026"}],"wp:featuredmedia":[{"embeddable":true,"href":"http:\/\/vertienteglobal.com\/index.php?rest_route=\/wp\/v2\/media\/250021"}],"wp:attachment":[{"href":"http:\/\/vertienteglobal.com\/index.php?rest_route=%2Fwp%2Fv2%2Fmedia&parent=250020"}],"wp:term":[{"taxonomy":"category","embeddable":true,"href":"http:\/\/vertienteglobal.com\/index.php?rest_route=%2Fwp%2Fv2%2Fcategories&post=250020"},{"taxonomy":"post_tag","embeddable":true,"href":"http:\/\/vertienteglobal.com\/index.php?rest_route=%2Fwp%2Fv2%2Ftags&post=250020"}],"curies":[{"name":"wp","href":"https:\/\/api.w.org\/{rel}","templated":true}]}}