{"id":249992,"date":"2025-12-15T16:43:00","date_gmt":"2025-12-15T22:43:00","guid":{"rendered":"http:\/\/vertienteglobal.com\/?p=249992"},"modified":"2025-12-16T11:00:37","modified_gmt":"2025-12-16T17:00:37","slug":"gobierno-del-renacimiento-maya-entrega-renovada-cancha-de-futbol-7-en-xocchel","status":"publish","type":"post","link":"http:\/\/vertienteglobal.com\/?p=249992","title":{"rendered":"Gobierno del Renacimiento Maya entrega renovada cancha de f\u00fatbol 7 en Xocchel\u00a0"},"content":{"rendered":"\n<div class=\"twitterbutton\" style=\"float: right; padding-left: 5px;\"><a href=\"http:\/\/twitter.com\/share\" class=\"twitter-share-button\" data-count=\"horizontal\" data-text=\"Gobierno del Renacimiento Maya entrega renovada cancha de f\u00fatbol 7 en Xocchel\u00a0\" data-via=\"https:\/\/twitter.com\/VertienteGloba1\" data-url=\"http:\/\/vertienteglobal.com\/?p=249992\" data-lang=\"es\" data-related=\"Informaci\u00f3n general:S\u00edguenos para que est\u00e9ss informado\"><\/a><\/div>\n<figure class=\"wp-block-image size-full\"><img loading=\"lazy\" decoding=\"async\" width=\"683\" height=\"456\" src=\"http:\/\/vertienteglobal.com\/wp-content\/uploads\/2025\/12\/1000856321.jpg\" alt=\"\" class=\"wp-image-249993\" srcset=\"http:\/\/vertienteglobal.com\/wp-content\/uploads\/2025\/12\/1000856321.jpg 683w, http:\/\/vertienteglobal.com\/wp-content\/uploads\/2025\/12\/1000856321-300x200.jpg 300w, http:\/\/vertienteglobal.com\/wp-content\/uploads\/2025\/12\/1000856321-150x100.jpg 150w\" sizes=\"auto, (max-width: 683px) 100vw, 683px\" \/><\/figure>\n\n\n\n<p>(Redacci\u00f3n<\/p>\n\n\n\n<p><em>El\u00a0Gobernador\u00a0Joaqu\u00edn D\u00edaz Mena entreg\u00f3 el renovado espacio que permitir\u00e1 fortalecer la pr\u00e1ctica deportiva y la convivencia comunitaria, gracias a una inversi\u00f3n de 2.7 millones de pesos<\/em><\/p>\n\n\n\n<p>Xocchel, Yucat\u00e1n, 15 de diciembre 2025.Durante una gira de trabajo por el municipio de Xocchel, el Gobernador Joaqu\u00edn D\u00edaz Mena encabez\u00f3 la entrega de los trabajos de rehabilitaci\u00f3n de la cancha de f\u00fatbol 7, con el objetivo de ofrecer a las y los j\u00f3venes un espacio digno y seguro para realizar actividades deportivas, mediante una inversi\u00f3n estatal de dos millones 752 mil 418 pesos.<br>\u00a0<br>El mandatario estatal explic\u00f3 que estos trabajos se llevaron a cabo a petici\u00f3n de la alcaldesa Rosalba Uc Zapata para brindar un espacio p\u00fablico en beneficio de la poblaci\u00f3n de Xocchel, en especial de las ni\u00f1as, ni\u00f1os y j\u00f3venes, quienes ahora podr\u00e1n correr sin miedo y contar con un lugar para convivir de manera sana.<br>\u00a0<br>\u201cDe eso se trata el Renacimiento Maya del que hablamos siempre, con hechos en beneficio de nuestras comunidades. Gobernar es responder a la comunidad y le agradezco a su alcaldesa su gesti\u00f3n incansable en beneficio de su pueblo\u201d, afirm\u00f3.<br>\u00a0<br>De igual manera, agradeci\u00f3 el apoyo incondicional que la Presidenta de M\u00e9xico, Claudia Sheinbaum Pardo, otorga a Yucat\u00e1n y su gente para llevar a cabo diversos proyectos, como la construcci\u00f3n de viviendas para familias de escasos recursos.<br>\u00a0<br>\u201cTambi\u00e9n me enorgullece decirles a todos los habitantes que vamos a hacer 30 cuartos dormitorio en beneficio de familias que m\u00e1s lo necesitan y muy pronto estaremos convocando, a trav\u00e9s del Instituto de Vivienda, a la inscripci\u00f3n para las 100 viviendas completas que se van a construir\u201d, sostuvo.<br>\u00a0<br>\u201cSon casas de dos cuartos, sala, comedor, cocina y ba\u00f1o para las familias que m\u00e1s lo necesitan. Nunca se hab\u00eda hecho en Xocchel. Vamos a desarrollar un nuevo fraccionamiento en beneficio de las familias que m\u00e1s lo necesitan\u201d, adelant\u00f3.<br>\u00a0<br>En ese sentido, D\u00edaz Mena record\u00f3 que en Xocchel tambi\u00e9n se est\u00e1n construyendo ocho kil\u00f3metros de caminos rurales, se apoya a las y los productores del campo con insumos y tambi\u00e9n, a\u00f1adi\u00f3, a trav\u00e9s del DIF Yucat\u00e1n que encabeza la Presidenta Honoraria, la Mtra. Wendy M\u00e9ndez Naal, se ha hecho entrega de aparatos de movilidad, pr\u00f3tesis por encima de la rodilla, canastas alimentarias para adultos mayores y apoyos alimentarios a trav\u00e9s de las escuelas.<br>\u00a0<br>Antes de concluir su mensaje, el Gobernador resalt\u00f3 que el deporte contribuye a fortalecer el cuerpo y el coraz\u00f3n, pues genera comunidad y amistades sanas, por lo que en Yucat\u00e1n se apuesta por el deporte, en especial en 2026, a\u00f1o del Mundial Social, para que dicha disciplina se viva en todos los municipios del estado.<br>\u00a0<br>Por su parte, la alcaldesa Rosalba Uc Zapata agradeci\u00f3 el trabajo coordinado que realiza el Gobierno del Renacimiento Maya en esta y otras obras, y resalt\u00f3 que, con la entrega de estos trabajos, se reafirma que el Gobernador Joaqu\u00edn D\u00edaz Mena es un Gobernador de di\u00e1logo, comprometido y que da resultados.<br>\u00a0<br>\u201cViene a mi memoria el campo, que es infraestructura, pero tambi\u00e9n hemos sido escuchados y el bienestar est\u00e1 llegando a nuestro pueblo. El pasado 24 de marzo vino nuestro Gobernador a dar el banderazo de inicio de la obra de la carretera Xocchel\u2013Hocab\u00e1, una carretera que utilizamos muchas personas y estaba en malas condiciones. Por muchos a\u00f1os no se le hab\u00eda dado la rehabilitaci\u00f3n correcta y ahora podremos llegar a nuestro destino y transitar de manera segura\u201d, concluy\u00f3.<br>\u00a0<br>En su turno, el director general del Instituto para la Construcci\u00f3n y Conservaci\u00f3n de Obra P\u00fablica en Yucat\u00e1n (Inccopy), Isaac Gonz\u00e1lez Bernal, detall\u00f3 que los trabajos en esta cancha se realizaron en una superficie de aproximadamente 1,600 metros cuadrados (m\u00b2), tomando en cuenta los 27 metros de ancho y 47 metros de largo, adem\u00e1s de andadores perimetrales.<br>\u00a0<br>Participaron en este evento\u00a0la Secretaria de Infraestructura para el Bienestar, Alaine L\u00f3pez Brice\u00f1o; la Secretaria de Bienestar, F\u00e1tima Perera Salazar; el director general del Instituto de Vivienda del Estado, Felipe Cervera Hern\u00e1ndez; el director general del Instituto de Infraestructura Carretera, \u00c1ngel P\u00e9rez Medrano; el director general del Instituto del Deporte, Arm\u00edn Lizama C\u00f3rdova; y el jefe de Telebachillerato Comunitario de la Secretar\u00eda de Educaci\u00f3n de Yucat\u00e1n, Alberto Sol\u00eds C\u00e1mara.<\/p>\n\n\n\n<figure class=\"wp-block-image size-full\"><img loading=\"lazy\" decoding=\"async\" width=\"832\" height=\"510\" src=\"http:\/\/vertienteglobal.com\/wp-content\/uploads\/2025\/12\/1000856329.jpg\" alt=\"\" class=\"wp-image-249994\" srcset=\"http:\/\/vertienteglobal.com\/wp-content\/uploads\/2025\/12\/1000856329.jpg 832w, http:\/\/vertienteglobal.com\/wp-content\/uploads\/2025\/12\/1000856329-300x184.jpg 300w, http:\/\/vertienteglobal.com\/wp-content\/uploads\/2025\/12\/1000856329-150x92.jpg 150w, http:\/\/vertienteglobal.com\/wp-content\/uploads\/2025\/12\/1000856329-768x471.jpg 768w\" sizes=\"auto, (max-width: 832px) 100vw, 832px\" \/><\/figure>\n\n\n\n<figure class=\"wp-block-image size-full\"><img loading=\"lazy\" decoding=\"async\" width=\"805\" height=\"504\" src=\"http:\/\/vertienteglobal.com\/wp-content\/uploads\/2025\/12\/1000856331.jpg\" alt=\"\" class=\"wp-image-249995\" srcset=\"http:\/\/vertienteglobal.com\/wp-content\/uploads\/2025\/12\/1000856331.jpg 805w, http:\/\/vertienteglobal.com\/wp-content\/uploads\/2025\/12\/1000856331-300x188.jpg 300w, http:\/\/vertienteglobal.com\/wp-content\/uploads\/2025\/12\/1000856331-150x94.jpg 150w, http:\/\/vertienteglobal.com\/wp-content\/uploads\/2025\/12\/1000856331-768x481.jpg 768w\" sizes=\"auto, (max-width: 805px) 100vw, 805px\" \/><\/figure>\n\n\n\n<figure class=\"wp-block-image size-full\"><img loading=\"lazy\" decoding=\"async\" width=\"512\" height=\"287\" src=\"http:\/\/vertienteglobal.com\/wp-content\/uploads\/2025\/12\/1000856330.jpg\" alt=\"\" class=\"wp-image-249996\" srcset=\"http:\/\/vertienteglobal.com\/wp-content\/uploads\/2025\/12\/1000856330.jpg 512w, http:\/\/vertienteglobal.com\/wp-content\/uploads\/2025\/12\/1000856330-300x168.jpg 300w, http:\/\/vertienteglobal.com\/wp-content\/uploads\/2025\/12\/1000856330-150x84.jpg 150w\" sizes=\"auto, (max-width: 512px) 100vw, 512px\" \/><\/figure>\n\n\n\n<figure class=\"wp-block-image size-full\"><img loading=\"lazy\" decoding=\"async\" width=\"739\" height=\"457\" src=\"http:\/\/vertienteglobal.com\/wp-content\/uploads\/2025\/12\/1000856332.jpg\" alt=\"\" class=\"wp-image-249997\" srcset=\"http:\/\/vertienteglobal.com\/wp-content\/uploads\/2025\/12\/1000856332.jpg 739w, http:\/\/vertienteglobal.com\/wp-content\/uploads\/2025\/12\/1000856332-300x186.jpg 300w, http:\/\/vertienteglobal.com\/wp-content\/uploads\/2025\/12\/1000856332-150x93.jpg 150w\" sizes=\"auto, (max-width: 739px) 100vw, 739px\" \/><\/figure>\n","protected":false},"excerpt":{"rendered":"<p>(Redacci\u00f3n El\u00a0Gobernador\u00a0Joaqu\u00edn D\u00edaz Mena entreg\u00f3 el renovado espacio que permitir\u00e1 fortalecer la pr\u00e1ctica deportiva y la convivencia comunitaria, gracias a una inversi\u00f3n de 2.7 millones de pesos Xocchel, Yucat\u00e1n, 15 de diciembre 2025.Durante una gira de trabajo por el municipio de Xocchel, el Gobernador Joaqu\u00edn D\u00edaz Mena encabez\u00f3 la entrega de los trabajos de rehabilitaci\u00f3n [&hellip;]<\/p>\n","protected":false},"author":6,"featured_media":249993,"comment_status":"open","ping_status":"open","sticky":false,"template":"","format":"standard","meta":{"footnotes":""},"categories":[11,2],"tags":[],"class_list":["post-249992","post","type-post","status-publish","format-standard","has-post-thumbnail","hentry","category-deportes","category-yucatan","entry","has-media"],"jetpack_featured_media_url":"http:\/\/vertienteglobal.com\/wp-content\/uploads\/2025\/12\/1000856321.jpg","_links":{"self":[{"href":"http:\/\/vertienteglobal.com\/index.php?rest_route=\/wp\/v2\/posts\/249992","targetHints":{"allow":["GET"]}}],"collection":[{"href":"http:\/\/vertienteglobal.com\/index.php?rest_route=\/wp\/v2\/posts"}],"about":[{"href":"http:\/\/vertienteglobal.com\/index.php?rest_route=\/wp\/v2\/types\/post"}],"author":[{"embeddable":true,"href":"http:\/\/vertienteglobal.com\/index.php?rest_route=\/wp\/v2\/users\/6"}],"replies":[{"embeddable":true,"href":"http:\/\/vertienteglobal.com\/index.php?rest_route=%2Fwp%2Fv2%2Fcomments&post=249992"}],"version-history":[{"count":1,"href":"http:\/\/vertienteglobal.com\/index.php?rest_route=\/wp\/v2\/posts\/249992\/revisions"}],"predecessor-version":[{"id":249998,"href":"http:\/\/vertienteglobal.com\/index.php?rest_route=\/wp\/v2\/posts\/249992\/revisions\/249998"}],"wp:featuredmedia":[{"embeddable":true,"href":"http:\/\/vertienteglobal.com\/index.php?rest_route=\/wp\/v2\/media\/249993"}],"wp:attachment":[{"href":"http:\/\/vertienteglobal.com\/index.php?rest_route=%2Fwp%2Fv2%2Fmedia&parent=249992"}],"wp:term":[{"taxonomy":"category","embeddable":true,"href":"http:\/\/vertienteglobal.com\/index.php?rest_route=%2Fwp%2Fv2%2Fcategories&post=249992"},{"taxonomy":"post_tag","embeddable":true,"href":"http:\/\/vertienteglobal.com\/index.php?rest_route=%2Fwp%2Fv2%2Ftags&post=249992"}],"curies":[{"name":"wp","href":"https:\/\/api.w.org\/{rel}","templated":true}]}}