{"id":249769,"date":"2025-12-09T10:56:00","date_gmt":"2025-12-09T16:56:00","guid":{"rendered":"http:\/\/vertienteglobal.com\/?p=249769"},"modified":"2025-12-11T22:29:29","modified_gmt":"2025-12-12T04:29:29","slug":"yucatan-fortalece-infraestructura-educativa-con-entrega-de-mobiliario-escolar","status":"publish","type":"post","link":"http:\/\/vertienteglobal.com\/?p=249769","title":{"rendered":"Yucat\u00e1n fortalece infraestructura educativa con entrega de mobiliario escolar"},"content":{"rendered":"\n<div class=\"twitterbutton\" style=\"float: right; padding-left: 5px;\"><a href=\"http:\/\/twitter.com\/share\" class=\"twitter-share-button\" data-count=\"horizontal\" data-text=\"Yucat\u00e1n fortalece infraestructura educativa con entrega de mobiliario escolar\" data-via=\"https:\/\/twitter.com\/VertienteGloba1\" data-url=\"http:\/\/vertienteglobal.com\/?p=249769\" data-lang=\"es\" data-related=\"Informaci\u00f3n general:S\u00edguenos para que est\u00e9ss informado\"><\/a><\/div>\n<figure class=\"wp-block-image size-full\"><img loading=\"lazy\" decoding=\"async\" width=\"748\" height=\"491\" src=\"http:\/\/vertienteglobal.com\/wp-content\/uploads\/2025\/12\/1000847031.jpg\" alt=\"\" class=\"wp-image-249770\" srcset=\"http:\/\/vertienteglobal.com\/wp-content\/uploads\/2025\/12\/1000847031.jpg 748w, http:\/\/vertienteglobal.com\/wp-content\/uploads\/2025\/12\/1000847031-300x197.jpg 300w, http:\/\/vertienteglobal.com\/wp-content\/uploads\/2025\/12\/1000847031-150x98.jpg 150w\" sizes=\"auto, (max-width: 748px) 100vw, 748px\" \/><\/figure>\n\n\n\n<p>(Redacci\u00f3n)<\/p>\n\n\n\n<p><em>M\u00e1s de 40 mil alumnas y alumnos se beneficiar\u00e1n con la primera fase de distribuci\u00f3n de mobiliario escolar que puso en marcha el Gobernador Joaqu\u00edn D\u00edaz Mena en 156 escuelas de 86 municipios de Yucat\u00e1n<\/em><\/p>\n\n\n\n<p>M\u00e9rida, Yucat\u00e1n,9 de diciembre de 2025.-El Gobernador Joaqu\u00edn D\u00edaz Mena encabez\u00f3 el banderazo de inicio de la distribuci\u00f3n de mobiliario y equipo escolar destinado a planteles de educaci\u00f3n b\u00e1sica en todo el estado, reafirmando su compromiso con fortalecer la infraestructura educativa y garantizar condiciones \u00f3ptimas de aprendizaje para miles de ni\u00f1as, ni\u00f1os y j\u00f3venes yucatecos.<br>\u00a0<br>En esta primera fase se entregaron nueve mil piezas de mobiliario escolar en favor de 40,451 alumnas y alumnos de 156 escuelas ubicadas en 86 municipios.<br>\u00a0<br>Los planteles beneficiados incluyen niveles de preescolar, primaria, secundaria y telesecundaria, con el objetivo de impulsar la calidad educativa y brindar espacios dignos y funcionales que contribuyan al desarrollo acad\u00e9mico de las infancias y juventudes.<br>\u00a0<br>Durante el inicio de la jornada, el mandatario destac\u00f3 que destinar recursos al equipamiento escolar es apostar por el futuro del estado. Se\u00f1al\u00f3 que cada silla, mesa o herramienta entregada representa un mensaje claro para las y los estudiantes: que su educaci\u00f3n es valiosa y que el Gobierno trabaja para ofrecerles mejores oportunidades y condiciones para aprender y crecer.<br>\u00a0<br>\u00abInvertir en mobiliario escolar no es un gasto, es una gran inversi\u00f3n para el futuro de nuestros estudiantes. Es decirle al ni\u00f1o y a la ni\u00f1a: tu educaci\u00f3n nos importa, tu esfuerzo vale la pena y tu futuro ser\u00e1 el futuro de Yucat\u00e1n. Por eso hoy queremos sembrar mejores condiciones en todas las escuelas de Yucat\u00e1n para que florezcan oportunidades para los alumnos\u00bb, manifest\u00f3 D\u00edaz Mena.<br>\u00a0<br>D\u00edaz Mena destac\u00f3 que este programa contribuye directamente a mejorar la calidad educativa, pues un ni\u00f1o que escribe en una paleta chueca o en un mueble que se tambalea muchas veces impacta de manera negativa su formaci\u00f3n.<br>\u00a0<br>\u201cEn cambio, un ni\u00f1o que est\u00e1 en un sal\u00f3n bien equipado y cuya maestra tambi\u00e9n cuenta con un escritorio y una silla digna, contribuye a que la educaci\u00f3n sea m\u00e1s llevadera y a que las ni\u00f1as y ni\u00f1os est\u00e9n motivados a aprender\u201d, sostuvo.<br>\u00a0<br>\u00abComo Gobierno del Estado, vamos a seguir supervisando estos avances, no habr\u00e1 escuelas olvidadas. En los pr\u00f3ximos d\u00edas y semanas de enero vamos a estar visitando las escuelas donde llegue este mobiliario junto con el secretario Juan Balam, para hablar con las y los alumnos y con las madres y padres de familia para decirles que su educaci\u00f3n nos importa\u00bb, finaliz\u00f3.<br>\u00a0<br>En su intervenci\u00f3n, el secretario de Educaci\u00f3n del Estado (Segey), Juan Balam V\u00e1rguez, mencion\u00f3 que el inicio de la distribuci\u00f3n de mobiliario y equipo escolar marca el comienzo de una nueva etapa para la educaci\u00f3n b\u00e1sica en Yucat\u00e1n.<br>\u00a0<br>\u00abEl mobiliario, seleccionado por su comodidad y resistencia, est\u00e1 dise\u00f1ado para adaptarse a las necesidades de ni\u00f1as, ni\u00f1os y adolescentes, en el marco de la visi\u00f3n del Renacimiento Maya, que busca fortalecer la identidad, promover el desarrollo humano y ampliar las oportunidades educativas\u00bb, dijo.<br>\u00a0<br>El funcionario estatal inform\u00f3 que esta entrega forma parte de un proceso gradual para atender las principales necesidades de los planteles, dot\u00e1ndolos de espacios dignos y mobiliario adecuado que fortalezca el aprendizaje.<br>\u00a0<br>Balam V\u00e1rguez precis\u00f3 que el operativo contempla 18 rutas de distribuci\u00f3n, de las cuales 13 cubrir\u00e1n municipios del interior del estado y cinco atender\u00e1n escuelas de M\u00e9rida.<br>\u00a0<br>En el evento estuvo presente la titular de la Oficina de Enlace Educativo de la Secretar\u00eda de Educaci\u00f3n (Segey), Eunice Mis Jim\u00e9nez; el subsecretario de Educaci\u00f3n B\u00e1sica, Jaime V\u00e1zquez Barcel\u00f3; el jefe del Departamento de Distribuci\u00f3n de Libros de Texto y Mobiliario de la Segey, Roy Mena Marrufo; la presidenta de la Comisi\u00f3n de Educaci\u00f3n del Congreso del Estado, Maribel Chuc Ayala; y el diputado local Juli\u00e1n Bustillos Medina.<\/p>\n\n\n\n<figure class=\"wp-block-image size-full\"><img loading=\"lazy\" decoding=\"async\" width=\"754\" height=\"474\" src=\"http:\/\/vertienteglobal.com\/wp-content\/uploads\/2025\/12\/1000847032.jpg\" alt=\"\" class=\"wp-image-249771\" srcset=\"http:\/\/vertienteglobal.com\/wp-content\/uploads\/2025\/12\/1000847032.jpg 754w, http:\/\/vertienteglobal.com\/wp-content\/uploads\/2025\/12\/1000847032-300x189.jpg 300w, http:\/\/vertienteglobal.com\/wp-content\/uploads\/2025\/12\/1000847032-150x94.jpg 150w\" sizes=\"auto, (max-width: 754px) 100vw, 754px\" \/><\/figure>\n\n\n\n<figure class=\"wp-block-image size-full\"><img loading=\"lazy\" decoding=\"async\" width=\"832\" height=\"515\" src=\"http:\/\/vertienteglobal.com\/wp-content\/uploads\/2025\/12\/1000847033.jpg\" alt=\"\" class=\"wp-image-249772\" srcset=\"http:\/\/vertienteglobal.com\/wp-content\/uploads\/2025\/12\/1000847033.jpg 832w, http:\/\/vertienteglobal.com\/wp-content\/uploads\/2025\/12\/1000847033-300x186.jpg 300w, http:\/\/vertienteglobal.com\/wp-content\/uploads\/2025\/12\/1000847033-150x93.jpg 150w, http:\/\/vertienteglobal.com\/wp-content\/uploads\/2025\/12\/1000847033-768x475.jpg 768w\" sizes=\"auto, (max-width: 832px) 100vw, 832px\" \/><\/figure>\n\n\n\n<figure class=\"wp-block-image size-full\"><img loading=\"lazy\" decoding=\"async\" width=\"832\" height=\"509\" src=\"http:\/\/vertienteglobal.com\/wp-content\/uploads\/2025\/12\/1000847034.jpg\" alt=\"\" class=\"wp-image-249773\" srcset=\"http:\/\/vertienteglobal.com\/wp-content\/uploads\/2025\/12\/1000847034.jpg 832w, http:\/\/vertienteglobal.com\/wp-content\/uploads\/2025\/12\/1000847034-300x184.jpg 300w, http:\/\/vertienteglobal.com\/wp-content\/uploads\/2025\/12\/1000847034-150x92.jpg 150w, http:\/\/vertienteglobal.com\/wp-content\/uploads\/2025\/12\/1000847034-768x470.jpg 768w\" sizes=\"auto, (max-width: 832px) 100vw, 832px\" \/><\/figure>\n\n\n\n<figure class=\"wp-block-image size-full\"><img loading=\"lazy\" decoding=\"async\" width=\"832\" height=\"508\" src=\"http:\/\/vertienteglobal.com\/wp-content\/uploads\/2025\/12\/1000847035.jpg\" alt=\"\" class=\"wp-image-249774\" srcset=\"http:\/\/vertienteglobal.com\/wp-content\/uploads\/2025\/12\/1000847035.jpg 832w, http:\/\/vertienteglobal.com\/wp-content\/uploads\/2025\/12\/1000847035-300x183.jpg 300w, http:\/\/vertienteglobal.com\/wp-content\/uploads\/2025\/12\/1000847035-150x92.jpg 150w, http:\/\/vertienteglobal.com\/wp-content\/uploads\/2025\/12\/1000847035-768x469.jpg 768w\" sizes=\"auto, (max-width: 832px) 100vw, 832px\" \/><\/figure>\n","protected":false},"excerpt":{"rendered":"<p>(Redacci\u00f3n) M\u00e1s de 40 mil alumnas y alumnos se beneficiar\u00e1n con la primera fase de distribuci\u00f3n de mobiliario escolar que puso en marcha el Gobernador Joaqu\u00edn D\u00edaz Mena en 156 escuelas de 86 municipios de Yucat\u00e1n M\u00e9rida, Yucat\u00e1n,9 de diciembre de 2025.-El Gobernador Joaqu\u00edn D\u00edaz Mena encabez\u00f3 el banderazo de inicio de la distribuci\u00f3n de [&hellip;]<\/p>\n","protected":false},"author":6,"featured_media":249770,"comment_status":"open","ping_status":"open","sticky":false,"template":"","format":"standard","meta":{"footnotes":""},"categories":[9,2],"tags":[],"class_list":["post-249769","post","type-post","status-publish","format-standard","has-post-thumbnail","hentry","category-educacion","category-yucatan","entry","has-media"],"jetpack_featured_media_url":"http:\/\/vertienteglobal.com\/wp-content\/uploads\/2025\/12\/1000847031.jpg","_links":{"self":[{"href":"http:\/\/vertienteglobal.com\/index.php?rest_route=\/wp\/v2\/posts\/249769","targetHints":{"allow":["GET"]}}],"collection":[{"href":"http:\/\/vertienteglobal.com\/index.php?rest_route=\/wp\/v2\/posts"}],"about":[{"href":"http:\/\/vertienteglobal.com\/index.php?rest_route=\/wp\/v2\/types\/post"}],"author":[{"embeddable":true,"href":"http:\/\/vertienteglobal.com\/index.php?rest_route=\/wp\/v2\/users\/6"}],"replies":[{"embeddable":true,"href":"http:\/\/vertienteglobal.com\/index.php?rest_route=%2Fwp%2Fv2%2Fcomments&post=249769"}],"version-history":[{"count":1,"href":"http:\/\/vertienteglobal.com\/index.php?rest_route=\/wp\/v2\/posts\/249769\/revisions"}],"predecessor-version":[{"id":249775,"href":"http:\/\/vertienteglobal.com\/index.php?rest_route=\/wp\/v2\/posts\/249769\/revisions\/249775"}],"wp:featuredmedia":[{"embeddable":true,"href":"http:\/\/vertienteglobal.com\/index.php?rest_route=\/wp\/v2\/media\/249770"}],"wp:attachment":[{"href":"http:\/\/vertienteglobal.com\/index.php?rest_route=%2Fwp%2Fv2%2Fmedia&parent=249769"}],"wp:term":[{"taxonomy":"category","embeddable":true,"href":"http:\/\/vertienteglobal.com\/index.php?rest_route=%2Fwp%2Fv2%2Fcategories&post=249769"},{"taxonomy":"post_tag","embeddable":true,"href":"http:\/\/vertienteglobal.com\/index.php?rest_route=%2Fwp%2Fv2%2Ftags&post=249769"}],"curies":[{"name":"wp","href":"https:\/\/api.w.org\/{rel}","templated":true}]}}