{"id":249752,"date":"2025-12-10T07:54:00","date_gmt":"2025-12-10T13:54:00","guid":{"rendered":"http:\/\/vertienteglobal.com\/?p=249752"},"modified":"2025-12-11T22:08:33","modified_gmt":"2025-12-12T04:08:33","slug":"renacimiento-maya-reconstruye-calles-en-tekal-de-venegas","status":"publish","type":"post","link":"http:\/\/vertienteglobal.com\/?p=249752","title":{"rendered":"Renacimiento Maya reconstruye calles en Tekal de Venegas\u00a0"},"content":{"rendered":"\n<div class=\"twitterbutton\" style=\"float: right; padding-left: 5px;\"><a href=\"http:\/\/twitter.com\/share\" class=\"twitter-share-button\" data-count=\"horizontal\" data-text=\"Renacimiento Maya reconstruye calles en Tekal de Venegas\u00a0\" data-via=\"https:\/\/twitter.com\/VertienteGloba1\" data-url=\"http:\/\/vertienteglobal.com\/?p=249752\" data-lang=\"es\" data-related=\"Informaci\u00f3n general:S\u00edguenos para que est\u00e9ss informado\"><\/a><\/div>\n<figure class=\"wp-block-image size-full\"><img loading=\"lazy\" decoding=\"async\" width=\"512\" height=\"341\" src=\"http:\/\/vertienteglobal.com\/wp-content\/uploads\/2025\/12\/1000846998.jpg\" alt=\"\" class=\"wp-image-249753\" srcset=\"http:\/\/vertienteglobal.com\/wp-content\/uploads\/2025\/12\/1000846998.jpg 512w, http:\/\/vertienteglobal.com\/wp-content\/uploads\/2025\/12\/1000846998-300x200.jpg 300w, http:\/\/vertienteglobal.com\/wp-content\/uploads\/2025\/12\/1000846998-150x100.jpg 150w\" sizes=\"auto, (max-width: 512px) 100vw, 512px\" \/><\/figure>\n\n\n\n<p>(Redacci\u00f3n)<\/p>\n\n\n\n<p><em>El Gobernador Joaqu\u00edn D\u00edaz Mena inici\u00f3 la reconstrucci\u00f3n de calles en el municipio, como parte del programa Bienestar para Yucat\u00e1n, que cumple compromisos con la poblaci\u00f3n y mejora la infraestructura mediante recursos p\u00fablicos<\/em><\/p>\n\n\n\n<p>Tekal de Venegas, Yucat\u00e1n, a 10 de diciembre de 2025.-De gira por el municipio de Tekal de Venegas, el Gobernador Joaqu\u00edn D\u00edaz Mena encabez\u00f3 el banderazo de inicio de las obras de reconstrucci\u00f3n de calles como parte del programa Bienestar para Yucat\u00e1n, con el que se invierten 550 millones de pesos en diversos municipios del interior del estado y en colonias de M\u00e9rida.<br>\u00a0<br>En la colonia Esperanza de esta demarcaci\u00f3n, el Gobernador supervis\u00f3 el comienzo de las labores de reconstrucci\u00f3n de calles, con lo que se mejora la red vial urbana que conecta viviendas, comercios, escuelas y servicios, para beneficiar a miles de habitantes de esta demarcaci\u00f3n.<br>\u00a0<br>En compa\u00f1\u00eda de la alcaldesa de Tekal de Venegas, Estela Dzul Chuc, D\u00edaz Mena afirm\u00f3 que estas obras son un compromiso cumplido y una respuesta a la solicitud de las y los habitantes de esta localidad para mejorar la infraestructura, gracias al buen uso de los recursos p\u00fablicos.<br>\u00a0<br>\u00abEstamos aqu\u00ed para decirle a Tekal de Venegas que es muy importante para nosotros que el dinero de los impuestos de la gente regrese a la poblaci\u00f3n y por eso nos da gusto invertir pr\u00e1cticamente dos millones y medio de pesos en beneficio de mejores calles para los habitantes\u201d, sostuvo.<br>\u00a0<br>Estas obras, agreg\u00f3 el Gobernador, son parte del programa Bienestar para Yucat\u00e1n, con el que se invierten 550 millones de pesos para mejorar calles de municipios del interior del estado y de M\u00e9rida.<br>\u00a0<br>\u00abCuando entramos a una colonia no salimos hasta terminar todas las calles de la colonia para dejar cero baches y as\u00ed hemos intervenido en m\u00e1s de ocho colonias de la ciudad de M\u00e9rida\u201d, enfatiz\u00f3.<br>\u00a0<br>Esto, dijo, es posible gracias al respaldo constante de la Presidenta de M\u00e9xico, Claudia Sheinbaum Pardo, hacia Yucat\u00e1n y su gente.<br>\u00a0<br>Con respecto a las obras, el director del Instituto de Infraestructura Carretera del Estado (Incay), \u00c1ngel P\u00e9rez Medrano, inform\u00f3 que los trabajos de reconstrucci\u00f3n consisten en limpieza de superficie, escarificado de superficie existente, subbase de 15 cent\u00edmetros de espesor compacta, carpeta de concreto asf\u00e1ltico de 3 cent\u00edmetros, riego tap\u00f3n con emulsi\u00f3n asf\u00e1ltica y raya de 10 cent\u00edmetros con pintura de tr\u00e1fico.<br>\u00a0<br>Adem\u00e1s, el director del Incay precis\u00f3 que los trabajos tienen una longitud de 658 metros, en un \u00e1rea de 4,445 metros cuadrados, efectuados gracias a una inversi\u00f3n de casi 2.5 millones de pesos para beneficiar a la poblaci\u00f3n de la localidad.<br>\u00a0<br>Estuvieron presentes en el evento la secretaria de Infraestructura para el Bienestar, Alaine L\u00f3pez Brice\u00f1o; la diputada local, Maribel Chuc Ayala; y el director general del Instituto de Vivienda del Estado, Felipe Cervera Hern\u00e1ndez.<\/p>\n\n\n\n<figure class=\"wp-block-image size-full\"><img loading=\"lazy\" decoding=\"async\" width=\"512\" height=\"387\" src=\"http:\/\/vertienteglobal.com\/wp-content\/uploads\/2025\/12\/1000846999.jpg\" alt=\"\" class=\"wp-image-249754\" srcset=\"http:\/\/vertienteglobal.com\/wp-content\/uploads\/2025\/12\/1000846999.jpg 512w, http:\/\/vertienteglobal.com\/wp-content\/uploads\/2025\/12\/1000846999-300x227.jpg 300w, http:\/\/vertienteglobal.com\/wp-content\/uploads\/2025\/12\/1000846999-150x113.jpg 150w\" sizes=\"auto, (max-width: 512px) 100vw, 512px\" \/><\/figure>\n\n\n\n<figure class=\"wp-block-image size-full\"><img loading=\"lazy\" decoding=\"async\" width=\"512\" height=\"329\" src=\"http:\/\/vertienteglobal.com\/wp-content\/uploads\/2025\/12\/1000847000.jpg\" alt=\"\" class=\"wp-image-249755\" srcset=\"http:\/\/vertienteglobal.com\/wp-content\/uploads\/2025\/12\/1000847000.jpg 512w, http:\/\/vertienteglobal.com\/wp-content\/uploads\/2025\/12\/1000847000-300x193.jpg 300w, http:\/\/vertienteglobal.com\/wp-content\/uploads\/2025\/12\/1000847000-150x96.jpg 150w\" sizes=\"auto, (max-width: 512px) 100vw, 512px\" \/><\/figure>\n\n\n\n<figure class=\"wp-block-image size-full\"><img loading=\"lazy\" decoding=\"async\" width=\"512\" height=\"341\" src=\"http:\/\/vertienteglobal.com\/wp-content\/uploads\/2025\/12\/1000847001.jpg\" alt=\"\" class=\"wp-image-249756\" srcset=\"http:\/\/vertienteglobal.com\/wp-content\/uploads\/2025\/12\/1000847001.jpg 512w, http:\/\/vertienteglobal.com\/wp-content\/uploads\/2025\/12\/1000847001-300x200.jpg 300w, http:\/\/vertienteglobal.com\/wp-content\/uploads\/2025\/12\/1000847001-150x100.jpg 150w\" sizes=\"auto, (max-width: 512px) 100vw, 512px\" \/><\/figure>\n","protected":false},"excerpt":{"rendered":"<p>(Redacci\u00f3n) El Gobernador Joaqu\u00edn D\u00edaz Mena inici\u00f3 la reconstrucci\u00f3n de calles en el municipio, como parte del programa Bienestar para Yucat\u00e1n, que cumple compromisos con la poblaci\u00f3n y mejora la infraestructura mediante recursos p\u00fablicos Tekal de Venegas, Yucat\u00e1n, a 10 de diciembre de 2025.-De gira por el municipio de Tekal de Venegas, el Gobernador Joaqu\u00edn [&hellip;]<\/p>\n","protected":false},"author":6,"featured_media":249753,"comment_status":"open","ping_status":"open","sticky":false,"template":"","format":"standard","meta":{"footnotes":""},"categories":[2],"tags":[],"class_list":["post-249752","post","type-post","status-publish","format-standard","has-post-thumbnail","hentry","category-yucatan","entry","has-media"],"jetpack_featured_media_url":"http:\/\/vertienteglobal.com\/wp-content\/uploads\/2025\/12\/1000846998.jpg","_links":{"self":[{"href":"http:\/\/vertienteglobal.com\/index.php?rest_route=\/wp\/v2\/posts\/249752","targetHints":{"allow":["GET"]}}],"collection":[{"href":"http:\/\/vertienteglobal.com\/index.php?rest_route=\/wp\/v2\/posts"}],"about":[{"href":"http:\/\/vertienteglobal.com\/index.php?rest_route=\/wp\/v2\/types\/post"}],"author":[{"embeddable":true,"href":"http:\/\/vertienteglobal.com\/index.php?rest_route=\/wp\/v2\/users\/6"}],"replies":[{"embeddable":true,"href":"http:\/\/vertienteglobal.com\/index.php?rest_route=%2Fwp%2Fv2%2Fcomments&post=249752"}],"version-history":[{"count":1,"href":"http:\/\/vertienteglobal.com\/index.php?rest_route=\/wp\/v2\/posts\/249752\/revisions"}],"predecessor-version":[{"id":249757,"href":"http:\/\/vertienteglobal.com\/index.php?rest_route=\/wp\/v2\/posts\/249752\/revisions\/249757"}],"wp:featuredmedia":[{"embeddable":true,"href":"http:\/\/vertienteglobal.com\/index.php?rest_route=\/wp\/v2\/media\/249753"}],"wp:attachment":[{"href":"http:\/\/vertienteglobal.com\/index.php?rest_route=%2Fwp%2Fv2%2Fmedia&parent=249752"}],"wp:term":[{"taxonomy":"category","embeddable":true,"href":"http:\/\/vertienteglobal.com\/index.php?rest_route=%2Fwp%2Fv2%2Fcategories&post=249752"},{"taxonomy":"post_tag","embeddable":true,"href":"http:\/\/vertienteglobal.com\/index.php?rest_route=%2Fwp%2Fv2%2Ftags&post=249752"}],"curies":[{"name":"wp","href":"https:\/\/api.w.org\/{rel}","templated":true}]}}