{"id":249724,"date":"2025-12-10T19:30:00","date_gmt":"2025-12-11T01:30:00","guid":{"rendered":"http:\/\/vertienteglobal.com\/?p=249724"},"modified":"2025-12-11T21:34:33","modified_gmt":"2025-12-12T03:34:33","slug":"unay-se-suma-a-el-tri-sinfonico-a-favor-de-ninas-ninos-y-adolescentes","status":"publish","type":"post","link":"http:\/\/vertienteglobal.com\/?p=249724","title":{"rendered":"UNAY se suma a \u201cEl Tri Sinf\u00f3nico\u201d a favor de ni\u00f1as, ni\u00f1os y adolescentes"},"content":{"rendered":"\n<div class=\"twitterbutton\" style=\"float: right; padding-left: 5px;\"><a href=\"http:\/\/twitter.com\/share\" class=\"twitter-share-button\" data-count=\"horizontal\" data-text=\"UNAY se suma a \u201cEl Tri Sinf\u00f3nico\u201d a favor de ni\u00f1as, ni\u00f1os y adolescentes\" data-via=\"https:\/\/twitter.com\/VertienteGloba1\" data-url=\"http:\/\/vertienteglobal.com\/?p=249724\" data-lang=\"es\" data-related=\"Informaci\u00f3n general:S\u00edguenos para que est\u00e9ss informado\"><\/a><\/div>\n<figure class=\"wp-block-image size-full\"><img loading=\"lazy\" decoding=\"async\" width=\"512\" height=\"341\" src=\"http:\/\/vertienteglobal.com\/wp-content\/uploads\/2025\/12\/1000846902.jpg\" alt=\"\" class=\"wp-image-249725\" srcset=\"http:\/\/vertienteglobal.com\/wp-content\/uploads\/2025\/12\/1000846902.jpg 512w, http:\/\/vertienteglobal.com\/wp-content\/uploads\/2025\/12\/1000846902-300x200.jpg 300w, http:\/\/vertienteglobal.com\/wp-content\/uploads\/2025\/12\/1000846902-150x100.jpg 150w\" sizes=\"auto, (max-width: 512px) 100vw, 512px\" \/><\/figure>\n\n\n\n<p>(Redacci\u00f3n)<\/p>\n\n\n\n<p><em>Estudiantes y docentes de la UNAY compartir\u00e1n escenario con Alex Lora y El Tri en el concierto a beneficio de Casa Otoch.<\/em><\/p>\n\n\n\n<p>M\u00e9rida, Yucat\u00e1n,10 de diciembre de 2025.-La Universidad de las Artes de Yucat\u00e1n (UNAY) se prepara para vivir una experiencia hist\u00f3rica: estudiantes y docentes de Artes Musicales compartir\u00e1n escenario con Alex Lora y El Tri en el concierto con causa\u00a0\u201cEl Tri Sinf\u00f3nico\u201d, cuya recaudaci\u00f3n ser\u00e1 a beneficio de la ni\u00f1ez yucateca atendida en Casa Otoch del DIF Yucat\u00e1n.<br>\u00a0<br>En el Sal\u00f3n de Usos M\u00faltiples de la UNAY, las y los j\u00f3venes m\u00fasicos ensayan intensamente bajo la gu\u00eda de sus docentes, afinando cuerdas, puliendo metales y ajustando arcos para que cada nota se integre al lenguaje rockero de la legendaria banda mexicana.<br>\u00a0<br>Para el estudiantado, esta colaboraci\u00f3n significa no s\u00f3lo un reto art\u00edstico, sino tambi\u00e9n una oportunidad de formaci\u00f3n profesional en un contexto real de alta exigencia.<br>\u00a0<br>Cada ensayo se ha convertido en una especie de clase magistral, donde adem\u00e1s de perfeccionar la t\u00e9cnica y la sonoridad, se trabajan la comunicaci\u00f3n en el escenario, la disciplina, la concentraci\u00f3n y la presencia art\u00edstica.<br>\u00a0<br>Tras el cierre de semestre y la carga de ex\u00e1menes, esta presentaci\u00f3n representa para las y los j\u00f3venes mucho m\u00e1s que un concierto: es un acercamiento directo a la din\u00e1mica del medio profesional y una experiencia que fortalece su confianza, sus sue\u00f1os y sus metas en la m\u00fasica.<br>\u00a0<br>El contrabajista\u00a0Juan Manuel Uicab, egresado, docente e integrante del grupo de punk rock de la UNAY, comparti\u00f3 que este proyecto tiene un significado especial.<br>\u00a0<br>\u201cCuando era adolescente, El Tri fue la primera banda que me emocion\u00f3 profundamente y que me motiv\u00f3 a estudiar m\u00fasica profesionalmente. Ahora, tocar con ellos en un contexto profesional es un doble gusto: concentrarte y trabajar como m\u00fasico con la m\u00fasica que te gusta y con la que tienes un v\u00ednculo personal\u201d, explic\u00f3.<br>\u00a0<br>Destac\u00f3 que para el estudiantado participar en una producci\u00f3n de esta magnitud implica trabajar junto a un equipo t\u00e9cnico profesional y con int\u00e9rpretes de amplia trayectoria, lo que les permite comprender de primera mano la disciplina, sensibilidad y entrega que exige una carrera consolidada en la m\u00fasica.<br>\u00a0<br>\u201cEl Tri Sinf\u00f3nico\u201d\u00a0es un concierto con causa organizado por el DIF Yucat\u00e1n y se llevar\u00e1 a cabo este s\u00e1bado 13 de diciembre a las 8:00 p.m. en el Centro de Convenciones Yucat\u00e1n Siglo XXI.<br>\u00a0<br>Los recursos recaudados se destinar\u00e1n a la construcci\u00f3n y equipamiento del \u00e1rea educativa de Casa Otoch, en beneficio de ni\u00f1as, ni\u00f1os y adolescentes que ah\u00ed residen.<br>\u00a0<br>Los boletos est\u00e1n disponibles a trav\u00e9s de la plataforma Tus Boletos y en \u00d3pticas Espadas, Teatro Armando Manzanero, Auditorio Coca-Cola (Plaza La Isla), as\u00ed como v\u00eda WhatsApp al n\u00famero 9994 50 10 00.<\/p>\n\n\n\n<figure class=\"wp-block-image size-full\"><img loading=\"lazy\" decoding=\"async\" width=\"512\" height=\"341\" src=\"http:\/\/vertienteglobal.com\/wp-content\/uploads\/2025\/12\/1000846903.jpg\" alt=\"\" class=\"wp-image-249726\" srcset=\"http:\/\/vertienteglobal.com\/wp-content\/uploads\/2025\/12\/1000846903.jpg 512w, http:\/\/vertienteglobal.com\/wp-content\/uploads\/2025\/12\/1000846903-300x200.jpg 300w, http:\/\/vertienteglobal.com\/wp-content\/uploads\/2025\/12\/1000846903-150x100.jpg 150w\" sizes=\"auto, (max-width: 512px) 100vw, 512px\" \/><\/figure>\n\n\n\n<figure class=\"wp-block-image size-full\"><img loading=\"lazy\" decoding=\"async\" width=\"512\" height=\"341\" src=\"http:\/\/vertienteglobal.com\/wp-content\/uploads\/2025\/12\/1000846904.jpg\" alt=\"\" class=\"wp-image-249727\" srcset=\"http:\/\/vertienteglobal.com\/wp-content\/uploads\/2025\/12\/1000846904.jpg 512w, http:\/\/vertienteglobal.com\/wp-content\/uploads\/2025\/12\/1000846904-300x200.jpg 300w, http:\/\/vertienteglobal.com\/wp-content\/uploads\/2025\/12\/1000846904-150x100.jpg 150w\" sizes=\"auto, (max-width: 512px) 100vw, 512px\" \/><\/figure>\n","protected":false},"excerpt":{"rendered":"<p>(Redacci\u00f3n) Estudiantes y docentes de la UNAY compartir\u00e1n escenario con Alex Lora y El Tri en el concierto a beneficio de Casa Otoch. M\u00e9rida, Yucat\u00e1n,10 de diciembre de 2025.-La Universidad de las Artes de Yucat\u00e1n (UNAY) se prepara para vivir una experiencia hist\u00f3rica: estudiantes y docentes de Artes Musicales compartir\u00e1n escenario con Alex Lora y [&hellip;]<\/p>\n","protected":false},"author":6,"featured_media":249725,"comment_status":"open","ping_status":"open","sticky":false,"template":"","format":"standard","meta":{"footnotes":""},"categories":[10,2],"tags":[],"class_list":["post-249724","post","type-post","status-publish","format-standard","has-post-thumbnail","hentry","category-espectaculos","category-yucatan","entry","has-media"],"jetpack_featured_media_url":"http:\/\/vertienteglobal.com\/wp-content\/uploads\/2025\/12\/1000846902.jpg","_links":{"self":[{"href":"http:\/\/vertienteglobal.com\/index.php?rest_route=\/wp\/v2\/posts\/249724","targetHints":{"allow":["GET"]}}],"collection":[{"href":"http:\/\/vertienteglobal.com\/index.php?rest_route=\/wp\/v2\/posts"}],"about":[{"href":"http:\/\/vertienteglobal.com\/index.php?rest_route=\/wp\/v2\/types\/post"}],"author":[{"embeddable":true,"href":"http:\/\/vertienteglobal.com\/index.php?rest_route=\/wp\/v2\/users\/6"}],"replies":[{"embeddable":true,"href":"http:\/\/vertienteglobal.com\/index.php?rest_route=%2Fwp%2Fv2%2Fcomments&post=249724"}],"version-history":[{"count":1,"href":"http:\/\/vertienteglobal.com\/index.php?rest_route=\/wp\/v2\/posts\/249724\/revisions"}],"predecessor-version":[{"id":249728,"href":"http:\/\/vertienteglobal.com\/index.php?rest_route=\/wp\/v2\/posts\/249724\/revisions\/249728"}],"wp:featuredmedia":[{"embeddable":true,"href":"http:\/\/vertienteglobal.com\/index.php?rest_route=\/wp\/v2\/media\/249725"}],"wp:attachment":[{"href":"http:\/\/vertienteglobal.com\/index.php?rest_route=%2Fwp%2Fv2%2Fmedia&parent=249724"}],"wp:term":[{"taxonomy":"category","embeddable":true,"href":"http:\/\/vertienteglobal.com\/index.php?rest_route=%2Fwp%2Fv2%2Fcategories&post=249724"},{"taxonomy":"post_tag","embeddable":true,"href":"http:\/\/vertienteglobal.com\/index.php?rest_route=%2Fwp%2Fv2%2Ftags&post=249724"}],"curies":[{"name":"wp","href":"https:\/\/api.w.org\/{rel}","templated":true}]}}