{"id":249698,"date":"2025-12-11T16:59:00","date_gmt":"2025-12-11T22:59:00","guid":{"rendered":"http:\/\/vertienteglobal.com\/?p=249698"},"modified":"2025-12-11T21:03:15","modified_gmt":"2025-12-12T03:03:15","slug":"el-gobernador-joaquin-diaz-mena-refrenda-coordinacion-con-federacion-en-seguridad-y-proteccion-civil","status":"publish","type":"post","link":"http:\/\/vertienteglobal.com\/?p=249698","title":{"rendered":"El Gobernador Joaqu\u00edn D\u00edaz Mena refrenda coordinaci\u00f3n con Federaci\u00f3n en seguridad y protecci\u00f3n civil"},"content":{"rendered":"\n<div class=\"twitterbutton\" style=\"float: right; padding-left: 5px;\"><a href=\"http:\/\/twitter.com\/share\" class=\"twitter-share-button\" data-count=\"horizontal\" data-text=\"El Gobernador Joaqu\u00edn D\u00edaz Mena refrenda coordinaci\u00f3n con Federaci\u00f3n en segu...\" data-via=\"https:\/\/twitter.com\/VertienteGloba1\" data-url=\"http:\/\/vertienteglobal.com\/?p=249698\" data-lang=\"es\" data-related=\"Informaci\u00f3n general:S\u00edguenos para que est\u00e9ss informado\"><\/a><\/div>\n<figure class=\"wp-block-image size-full\"><img loading=\"lazy\" decoding=\"async\" width=\"832\" height=\"555\" src=\"http:\/\/vertienteglobal.com\/wp-content\/uploads\/2025\/12\/1000846814.jpg\" alt=\"\" class=\"wp-image-249699\" srcset=\"http:\/\/vertienteglobal.com\/wp-content\/uploads\/2025\/12\/1000846814.jpg 832w, http:\/\/vertienteglobal.com\/wp-content\/uploads\/2025\/12\/1000846814-300x200.jpg 300w, http:\/\/vertienteglobal.com\/wp-content\/uploads\/2025\/12\/1000846814-150x100.jpg 150w, http:\/\/vertienteglobal.com\/wp-content\/uploads\/2025\/12\/1000846814-768x512.jpg 768w\" sizes=\"auto, (max-width: 832px) 100vw, 832px\" \/><\/figure>\n\n\n\n<p>(Redacci\u00f3n)<\/p>\n\n\n\n<p><em>En los consejos nacionales de Seguridad P\u00fablica y Protecci\u00f3n Civil, el mandatario expuso el modelo basado en profesionalizaci\u00f3n policial, tecnolog\u00eda, prevenci\u00f3n comunitaria y sistemas de alerta temprana que se aplica en Yucat\u00e1n<\/em><\/p>\n\n\n\n<p>Ciudad de M\u00e9xico,11 de diciembre de 2025.-El Gobernador Joaqu\u00edn D\u00edaz Mena particip\u00f3 este jueves en la 52\u00aa Sesi\u00f3n Ordinaria del Consejo Nacional de Seguridad P\u00fablica (CNSP) y en la 8\u00aa Sesi\u00f3n Ordinaria del Consejo Nacional de Protecci\u00f3n Civil (CNPC), realizadas en Palacio Nacional, donde refrend\u00f3 el compromiso de su administraci\u00f3n con la seguridad, la prevenci\u00f3n y la protecci\u00f3n integral de las familias yucatecas.<br>\u00a0<br>El mandatario se\u00f1al\u00f3 que la participaci\u00f3n de Yucat\u00e1n en estos \u00f3rganos colegiados, encabezados por la Presidenta Claudia Sheinbaum Pardo, forma parte de una estrategia permanente de coordinaci\u00f3n con el Gobierno de M\u00e9xico, a fin de que la entidad contin\u00fae avanzando por la ruta de la paz social, la justicia y el fortalecimiento institucional, en congruencia con la visi\u00f3n del Gobierno del Renacimiento Maya.<br>\u00a0<br>Durante los trabajos del Consejo Nacional de Seguridad P\u00fablica se presentaron informes de incidencia delictiva, avances de los acuerdos del Sistema Nacional de Seguridad P\u00fablica y propuestas de diversas regiones del pa\u00eds.<br>\u00a0<br>En ese contexto, el Gobernador explic\u00f3 que los buenos resultados de Yucat\u00e1n responden a una pol\u00edtica integral basada en la formaci\u00f3n profesional de los cuerpos policiales, el uso de tecnolog\u00eda de vanguardia, el fortalecimiento de la inteligencia operativa y la creaci\u00f3n de entornos sociales seguros.<br>\u00a0<br>D\u00edaz Mena enfatiz\u00f3 que la coordinaci\u00f3n estrecha con la Secretar\u00eda de la Defensa Nacional, la Secretar\u00eda de Marina, la Guardia Nacional y la Secretar\u00eda de Seguridad y Protecci\u00f3n Ciudadana ha sido determinante para mantener a Yucat\u00e1n entre los estados m\u00e1s seguros del pa\u00eds.<br>\u00a0<br>A\u00f1adi\u00f3 que su administraci\u00f3n mantendr\u00e1 e incrementar\u00e1 las inversiones estrat\u00e9gicas en infraestructura de seguridad, mejoramiento de capacidades t\u00e1cticas y acciones preventivas dirigidas especialmente a j\u00f3venes y sectores en situaci\u00f3n de vulnerabilidad.<br>\u00a0<br>En su intervenci\u00f3n, la Presidenta Claudia Sheinbaum Pardo reconoci\u00f3 la colaboraci\u00f3n de las entidades federativas en la implementaci\u00f3n de la pol\u00edtica nacional de seguridad y dio a conocer que el delito de extorsi\u00f3n ser\u00e1 perseguido de oficio, lo que permitir\u00e1 fortalecer el combate frontal a este il\u00edcito en todo el pa\u00eds y brindar mayor protecci\u00f3n a la ciudadan\u00eda.<br>\u00a0<br>En este mismo espacio, el secretario de Seguridad y Protecci\u00f3n Ciudadana, Omar Garc\u00eda Harfuch, present\u00f3 el Acuerdo Nacional contra la Extorsi\u00f3n, cuyo objetivo es avanzar en la armonizaci\u00f3n legislativa de las entidades conforme a la Ley General para Prevenir, Investigar y Sancionar los Delitos en Materia de Extorsi\u00f3n, reforzando el marco jur\u00eddico y las capacidades institucionales para atender este delito.<br>\u00a0<br>En la sesi\u00f3n participaron tambi\u00e9n la secretaria de Gobernaci\u00f3n, Rosa Icela Rodr\u00edguez Vel\u00e1zquez; el secretario de la Defensa Nacional, General Ricardo Trevilla Trejo; el secretario de Marina, Almirante Raymundo Pedro Morales \u00c1ngeles; la fiscal general de la Rep\u00fablica, Ernestina Godoy Ramos; y la secretaria ejecutiva del Sistema Nacional de Seguridad P\u00fablica, Marcela Figueroa Franco, adem\u00e1s de Gobernadoras y Gobernadores de las 32 entidades, titulares de dependencias federales, instituciones nacionales de seguridad y representantes de la sociedad civil.<br>\u00a0<br>Asimismo, en la 8\u00aa Sesi\u00f3n Ordinaria del Consejo Nacional de Protecci\u00f3n Civil, el mandatario yucateco expuso que su Gobierno impulsa un modelo de gesti\u00f3n de riesgos basado en la planeaci\u00f3n anticipada, la capacitaci\u00f3n comunitaria, la profesionalizaci\u00f3n de los cuerpos de protecci\u00f3n civil y la coordinaci\u00f3n permanente con la Federaci\u00f3n.<br>\u00a0<br>Durante la sesi\u00f3n tambi\u00e9n analizaron los avances del Sistema Nacional y se revisaron los mecanismos para fortalecer la capacidad de respuesta de las entidades ante riesgos naturales, emergencias y desastres.<br>\u00a0<br>D\u00edaz Mena se\u00f1al\u00f3 que, por su ubicaci\u00f3n geogr\u00e1fica, Yucat\u00e1n otorga la m\u00e1s alta prioridad a la prevenci\u00f3n, especialmente frente a fen\u00f3menos hidrometeorol\u00f3gicos y a\u00f1adi\u00f3 que su administraci\u00f3n continuar\u00e1 reforzando la infraestructura cr\u00edtica, los protocolos de emergencia y los sistemas de alerta temprana, que han permitido responder de manera oportuna y eficaz ante distintos escenarios de riesgo.<br>\u00a0<br>Al concluir los trabajos, el Gobernador afirm\u00f3 que la colaboraci\u00f3n con la Coordinaci\u00f3n Nacional de Protecci\u00f3n Civil y con las instancias de seguridad federal seguir\u00e1 siendo una prioridad para Yucat\u00e1n, con el prop\u00f3sito de fortalecer la resiliencia de las comunidades y garantizar condiciones de seguridad, prevenci\u00f3n y atenci\u00f3n oportuna para todas las familias yucatecas.<\/p>\n\n\n\n<figure class=\"wp-block-image size-full\"><img loading=\"lazy\" decoding=\"async\" width=\"553\" height=\"369\" src=\"http:\/\/vertienteglobal.com\/wp-content\/uploads\/2025\/12\/1000846813.jpg\" alt=\"\" class=\"wp-image-249700\" srcset=\"http:\/\/vertienteglobal.com\/wp-content\/uploads\/2025\/12\/1000846813.jpg 553w, http:\/\/vertienteglobal.com\/wp-content\/uploads\/2025\/12\/1000846813-300x200.jpg 300w, http:\/\/vertienteglobal.com\/wp-content\/uploads\/2025\/12\/1000846813-150x100.jpg 150w\" sizes=\"auto, (max-width: 553px) 100vw, 553px\" \/><\/figure>\n\n\n\n<figure class=\"wp-block-image size-full\"><img loading=\"lazy\" decoding=\"async\" width=\"512\" height=\"340\" src=\"http:\/\/vertienteglobal.com\/wp-content\/uploads\/2025\/12\/1000846815.jpg\" alt=\"\" class=\"wp-image-249701\" srcset=\"http:\/\/vertienteglobal.com\/wp-content\/uploads\/2025\/12\/1000846815.jpg 512w, http:\/\/vertienteglobal.com\/wp-content\/uploads\/2025\/12\/1000846815-300x199.jpg 300w, http:\/\/vertienteglobal.com\/wp-content\/uploads\/2025\/12\/1000846815-150x100.jpg 150w\" sizes=\"auto, (max-width: 512px) 100vw, 512px\" \/><\/figure>\n\n\n\n<figure class=\"wp-block-image size-full\"><img loading=\"lazy\" decoding=\"async\" width=\"832\" height=\"555\" src=\"http:\/\/vertienteglobal.com\/wp-content\/uploads\/2025\/12\/1000846816.jpg\" alt=\"\" class=\"wp-image-249702\" srcset=\"http:\/\/vertienteglobal.com\/wp-content\/uploads\/2025\/12\/1000846816.jpg 832w, http:\/\/vertienteglobal.com\/wp-content\/uploads\/2025\/12\/1000846816-300x200.jpg 300w, http:\/\/vertienteglobal.com\/wp-content\/uploads\/2025\/12\/1000846816-150x100.jpg 150w, http:\/\/vertienteglobal.com\/wp-content\/uploads\/2025\/12\/1000846816-768x512.jpg 768w\" sizes=\"auto, (max-width: 832px) 100vw, 832px\" \/><\/figure>\n\n\n\n<figure class=\"wp-block-image size-full\"><img loading=\"lazy\" decoding=\"async\" width=\"832\" height=\"554\" src=\"http:\/\/vertienteglobal.com\/wp-content\/uploads\/2025\/12\/1000846817.jpg\" alt=\"\" class=\"wp-image-249703\" srcset=\"http:\/\/vertienteglobal.com\/wp-content\/uploads\/2025\/12\/1000846817.jpg 832w, http:\/\/vertienteglobal.com\/wp-content\/uploads\/2025\/12\/1000846817-300x200.jpg 300w, http:\/\/vertienteglobal.com\/wp-content\/uploads\/2025\/12\/1000846817-150x100.jpg 150w, http:\/\/vertienteglobal.com\/wp-content\/uploads\/2025\/12\/1000846817-768x511.jpg 768w\" sizes=\"auto, (max-width: 832px) 100vw, 832px\" \/><\/figure>\n\n\n\n<figure class=\"wp-block-image size-full\"><img loading=\"lazy\" decoding=\"async\" width=\"832\" height=\"555\" src=\"http:\/\/vertienteglobal.com\/wp-content\/uploads\/2025\/12\/1000846818.jpg\" alt=\"\" class=\"wp-image-249704\" srcset=\"http:\/\/vertienteglobal.com\/wp-content\/uploads\/2025\/12\/1000846818.jpg 832w, http:\/\/vertienteglobal.com\/wp-content\/uploads\/2025\/12\/1000846818-300x200.jpg 300w, http:\/\/vertienteglobal.com\/wp-content\/uploads\/2025\/12\/1000846818-150x100.jpg 150w, http:\/\/vertienteglobal.com\/wp-content\/uploads\/2025\/12\/1000846818-768x512.jpg 768w\" sizes=\"auto, (max-width: 832px) 100vw, 832px\" \/><\/figure>\n\n\n\n<figure class=\"wp-block-image size-full\"><img loading=\"lazy\" decoding=\"async\" width=\"512\" height=\"340\" src=\"http:\/\/vertienteglobal.com\/wp-content\/uploads\/2025\/12\/1000846819.jpg\" alt=\"\" class=\"wp-image-249705\" srcset=\"http:\/\/vertienteglobal.com\/wp-content\/uploads\/2025\/12\/1000846819.jpg 512w, http:\/\/vertienteglobal.com\/wp-content\/uploads\/2025\/12\/1000846819-300x199.jpg 300w, http:\/\/vertienteglobal.com\/wp-content\/uploads\/2025\/12\/1000846819-150x100.jpg 150w\" sizes=\"auto, (max-width: 512px) 100vw, 512px\" \/><\/figure>\n","protected":false},"excerpt":{"rendered":"<p>(Redacci\u00f3n) En los consejos nacionales de Seguridad P\u00fablica y Protecci\u00f3n Civil, el mandatario expuso el modelo basado en profesionalizaci\u00f3n policial, tecnolog\u00eda, prevenci\u00f3n comunitaria y sistemas de alerta temprana que se aplica en Yucat\u00e1n Ciudad de M\u00e9xico,11 de diciembre de 2025.-El Gobernador Joaqu\u00edn D\u00edaz Mena particip\u00f3 este jueves en la 52\u00aa Sesi\u00f3n Ordinaria del Consejo Nacional [&hellip;]<\/p>\n","protected":false},"author":6,"featured_media":249700,"comment_status":"open","ping_status":"open","sticky":false,"template":"","format":"standard","meta":{"footnotes":""},"categories":[8,2],"tags":[],"class_list":["post-249698","post","type-post","status-publish","format-standard","has-post-thumbnail","hentry","category-pais","category-yucatan","entry","has-media"],"jetpack_featured_media_url":"http:\/\/vertienteglobal.com\/wp-content\/uploads\/2025\/12\/1000846813.jpg","_links":{"self":[{"href":"http:\/\/vertienteglobal.com\/index.php?rest_route=\/wp\/v2\/posts\/249698","targetHints":{"allow":["GET"]}}],"collection":[{"href":"http:\/\/vertienteglobal.com\/index.php?rest_route=\/wp\/v2\/posts"}],"about":[{"href":"http:\/\/vertienteglobal.com\/index.php?rest_route=\/wp\/v2\/types\/post"}],"author":[{"embeddable":true,"href":"http:\/\/vertienteglobal.com\/index.php?rest_route=\/wp\/v2\/users\/6"}],"replies":[{"embeddable":true,"href":"http:\/\/vertienteglobal.com\/index.php?rest_route=%2Fwp%2Fv2%2Fcomments&post=249698"}],"version-history":[{"count":1,"href":"http:\/\/vertienteglobal.com\/index.php?rest_route=\/wp\/v2\/posts\/249698\/revisions"}],"predecessor-version":[{"id":249706,"href":"http:\/\/vertienteglobal.com\/index.php?rest_route=\/wp\/v2\/posts\/249698\/revisions\/249706"}],"wp:featuredmedia":[{"embeddable":true,"href":"http:\/\/vertienteglobal.com\/index.php?rest_route=\/wp\/v2\/media\/249700"}],"wp:attachment":[{"href":"http:\/\/vertienteglobal.com\/index.php?rest_route=%2Fwp%2Fv2%2Fmedia&parent=249698"}],"wp:term":[{"taxonomy":"category","embeddable":true,"href":"http:\/\/vertienteglobal.com\/index.php?rest_route=%2Fwp%2Fv2%2Fcategories&post=249698"},{"taxonomy":"post_tag","embeddable":true,"href":"http:\/\/vertienteglobal.com\/index.php?rest_route=%2Fwp%2Fv2%2Ftags&post=249698"}],"curies":[{"name":"wp","href":"https:\/\/api.w.org\/{rel}","templated":true}]}}