{"id":249549,"date":"2025-12-06T15:56:00","date_gmt":"2025-12-06T21:56:00","guid":{"rendered":"http:\/\/vertienteglobal.com\/?p=249549"},"modified":"2025-12-07T08:36:47","modified_gmt":"2025-12-07T14:36:47","slug":"jornada-oftalmologica-en-valladolid-devuelve-la-vista-y-esperanza-a-familias-del-oriente-de-yucatan","status":"publish","type":"post","link":"http:\/\/vertienteglobal.com\/?p=249549","title":{"rendered":"Jornada oftalmol\u00f3gica en Valladolid devuelve la vista y esperanza a familias del oriente de Yucat\u00e1n\u00a0"},"content":{"rendered":"\n<div class=\"twitterbutton\" style=\"float: right; padding-left: 5px;\"><a href=\"http:\/\/twitter.com\/share\" class=\"twitter-share-button\" data-count=\"horizontal\" data-text=\"Jornada oftalmol\u00f3gica en Valladolid devuelve la vista y esperanza a familias de...\" data-via=\"https:\/\/twitter.com\/VertienteGloba1\" data-url=\"http:\/\/vertienteglobal.com\/?p=249549\" data-lang=\"es\" data-related=\"Informaci\u00f3n general:S\u00edguenos para que est\u00e9ss informado\"><\/a><\/div>\n<figure class=\"wp-block-image size-full\"><img loading=\"lazy\" decoding=\"async\" width=\"512\" height=\"341\" src=\"http:\/\/vertienteglobal.com\/wp-content\/uploads\/2025\/12\/1000835852.jpg\" alt=\"\" class=\"wp-image-249550\" srcset=\"http:\/\/vertienteglobal.com\/wp-content\/uploads\/2025\/12\/1000835852.jpg 512w, http:\/\/vertienteglobal.com\/wp-content\/uploads\/2025\/12\/1000835852-300x200.jpg 300w, http:\/\/vertienteglobal.com\/wp-content\/uploads\/2025\/12\/1000835852-150x100.jpg 150w\" sizes=\"auto, (max-width: 512px) 100vw, 512px\" \/><\/figure>\n\n\n\n<p>(Redacci\u00f3n)<\/p>\n\n\n\n<p><em>El Gobierno del Renacimiento Maya acerca cirug\u00edas de catarata y servicios oftalmol\u00f3gicos especializados a personas de escasos recursos en zonas vulnerables del estado<\/em><\/p>\n\n\n\n<p>Valladolid, Yucat\u00e1n,6 de diciembre 2025.-Con el objetivo de mejorar la calidad de vida de la poblaci\u00f3n del oriente de Yucat\u00e1n, se llev\u00f3 a cabo una jornada extramuros de cirug\u00edas de catarata en el Hospital General de Valladolid (HGV), en la que se atendi\u00f3 a personas con padecimientos visuales que estaban programadas para cirug\u00edas en este mes de diciembre.<br>\u00a0<br>Durante esta jornada participaron especialistas de la Secretar\u00eda de Salud de Yucat\u00e1n (SSY) y del Colegio de Oftalm\u00f3logos de Yucat\u00e1n, A.C., quienes intervinieron de manera integral a 83 personas de escasos recursos de forma gratuita, lo que les permiti\u00f3 recuperar calidad de vida y bienestar en sus n\u00facleos familiares.<br>\u00a0<br>Estas acciones forman parte de la estrategia del Gobierno que encabeza Joaqu\u00edn D\u00edaz Mena, para acercar servicios m\u00e9dicos especializados a personas de escasos recursos que habitan en zonas vulnerables del estado. Previamente, las y los pacientes fueron seleccionados mediante una valoraci\u00f3n m\u00e9dica.<br>\u00a0<br>En su intervenci\u00f3n durante la ceremonia de inicio, el subdirector de la Red Hospitalaria de la SSY, Jes\u00fas Koyoc Vela agradeci\u00f3 al Colegio de Oftalm\u00f3logos de Yucat\u00e1n, A.C., a las y los profesionales de la SSY, as\u00ed como al personal m\u00e9dico, de enfermer\u00eda, de Trabajo Social, de laboratorio y de intendencia, por sumar esfuerzos y contribuir al bienestar de las y los pacientes.<br>\u00a0<br>Por su parte, el director del Hospital General de Valladolid (HGV), Jorge Antonio Rivero Osorio, estuvo presente durante el desarrollo de la jornada, acompa\u00f1ando al personal m\u00e9dico y constatando el correcto funcionamiento de las cirug\u00edas realizadas en beneficio de la poblaci\u00f3n.<br>\u00a0<br>Durante el recorrido, estuvo acompa\u00f1ado por la regidora de Salud del Ayuntamiento de Valladolid, representante del alcalde Homero Novelo Burgos.<br>\u00a0<br>Familiares de las y los pacientes manifestaron su agradecimiento por el apoyo recibido. Juana Hoil, hija de Mar\u00eda Estela Cem\u00e9 Dzul, de 71 a\u00f1os, originaria de la comisar\u00eda de Chan Cenote, expres\u00f3 su agradecimiento al Gobierno del Estado por la cirug\u00eda realizada en el ojo izquierdo de su madre.<br>\u00a0<br>Asimismo, su padre, Jos\u00e9 L\u00e1zaro Hoil, de 73 a\u00f1os, tambi\u00e9n fue operado de una catarata. \u201cEsto es una ayuda importante para mi familia\u201d, destac\u00f3.<br>\u00a0<br>Las cirug\u00edas extramuros se realizaron a principios del mes de diciembre de manera gratuita, con el objetivo de ampliar el acceso a servicios oftalmol\u00f3gicos especializados y disminuir la lista de espera de estos procedimientos.<br>\u00a0<br>Estas acciones son impulsadas por la titular de la Secretar\u00eda de Salud de Yucat\u00e1n, Judith Elena Ortega Canto, a trav\u00e9s de la Direcci\u00f3n de Prevenci\u00f3n y Protecci\u00f3n de la Salud, que encabeza el director Javier Ignacio Balam L\u00f3pez, y son coordinadas por el responsable del Programa de Cirug\u00edas Extramuros, Luis Gonzalo Manzanero Cruz, y supervisadas por el subdirector de la Red Hospitalaria, Jes\u00fas Koyoc Vela.<br>\u00a0<br>En el evento se cont\u00f3 con la presencia del jefe de la Jurisdicci\u00f3n Sanitaria N\u00famero 2 con sede en Valladolid, Oreste Somarriba D\u00edaz; de Wilberth Ch\u00ed Villanueva, representante del presidente del Colegio de Oftalm\u00f3logos de Yucat\u00e1n, A.C., Roberto Argimiro Leal Rodr\u00edguez; de la presidenta del DIF de Tizim\u00edn, Lina Mercedes Fern\u00e1ndez Alcocer; y de la coordinadora normativa del Segundo Nivel de Atenci\u00f3n, Trinidad Naranjos Mart\u00ednez, en representaci\u00f3n del coordinador estatal de Enfermer\u00eda, Joel N\u00fa\u00f1ez Marrufo.<\/p>\n\n\n\n<figure class=\"wp-block-image size-full\"><img loading=\"lazy\" decoding=\"async\" width=\"512\" height=\"341\" src=\"http:\/\/vertienteglobal.com\/wp-content\/uploads\/2025\/12\/1000835853.jpg\" alt=\"\" class=\"wp-image-249551\" srcset=\"http:\/\/vertienteglobal.com\/wp-content\/uploads\/2025\/12\/1000835853.jpg 512w, http:\/\/vertienteglobal.com\/wp-content\/uploads\/2025\/12\/1000835853-300x200.jpg 300w, http:\/\/vertienteglobal.com\/wp-content\/uploads\/2025\/12\/1000835853-150x100.jpg 150w\" sizes=\"auto, (max-width: 512px) 100vw, 512px\" \/><\/figure>\n\n\n\n<figure class=\"wp-block-image size-full\"><img loading=\"lazy\" decoding=\"async\" width=\"512\" height=\"341\" src=\"http:\/\/vertienteglobal.com\/wp-content\/uploads\/2025\/12\/1000835854.jpg\" alt=\"\" class=\"wp-image-249552\" srcset=\"http:\/\/vertienteglobal.com\/wp-content\/uploads\/2025\/12\/1000835854.jpg 512w, http:\/\/vertienteglobal.com\/wp-content\/uploads\/2025\/12\/1000835854-300x200.jpg 300w, http:\/\/vertienteglobal.com\/wp-content\/uploads\/2025\/12\/1000835854-150x100.jpg 150w\" sizes=\"auto, (max-width: 512px) 100vw, 512px\" \/><\/figure>\n","protected":false},"excerpt":{"rendered":"<p>(Redacci\u00f3n) El Gobierno del Renacimiento Maya acerca cirug\u00edas de catarata y servicios oftalmol\u00f3gicos especializados a personas de escasos recursos en zonas vulnerables del estado Valladolid, Yucat\u00e1n,6 de diciembre 2025.-Con el objetivo de mejorar la calidad de vida de la poblaci\u00f3n del oriente de Yucat\u00e1n, se llev\u00f3 a cabo una jornada extramuros de cirug\u00edas de catarata [&hellip;]<\/p>\n","protected":false},"author":6,"featured_media":249550,"comment_status":"open","ping_status":"open","sticky":false,"template":"","format":"standard","meta":{"footnotes":""},"categories":[2],"tags":[],"class_list":["post-249549","post","type-post","status-publish","format-standard","has-post-thumbnail","hentry","category-yucatan","entry","has-media"],"jetpack_featured_media_url":"http:\/\/vertienteglobal.com\/wp-content\/uploads\/2025\/12\/1000835852.jpg","_links":{"self":[{"href":"http:\/\/vertienteglobal.com\/index.php?rest_route=\/wp\/v2\/posts\/249549","targetHints":{"allow":["GET"]}}],"collection":[{"href":"http:\/\/vertienteglobal.com\/index.php?rest_route=\/wp\/v2\/posts"}],"about":[{"href":"http:\/\/vertienteglobal.com\/index.php?rest_route=\/wp\/v2\/types\/post"}],"author":[{"embeddable":true,"href":"http:\/\/vertienteglobal.com\/index.php?rest_route=\/wp\/v2\/users\/6"}],"replies":[{"embeddable":true,"href":"http:\/\/vertienteglobal.com\/index.php?rest_route=%2Fwp%2Fv2%2Fcomments&post=249549"}],"version-history":[{"count":1,"href":"http:\/\/vertienteglobal.com\/index.php?rest_route=\/wp\/v2\/posts\/249549\/revisions"}],"predecessor-version":[{"id":249553,"href":"http:\/\/vertienteglobal.com\/index.php?rest_route=\/wp\/v2\/posts\/249549\/revisions\/249553"}],"wp:featuredmedia":[{"embeddable":true,"href":"http:\/\/vertienteglobal.com\/index.php?rest_route=\/wp\/v2\/media\/249550"}],"wp:attachment":[{"href":"http:\/\/vertienteglobal.com\/index.php?rest_route=%2Fwp%2Fv2%2Fmedia&parent=249549"}],"wp:term":[{"taxonomy":"category","embeddable":true,"href":"http:\/\/vertienteglobal.com\/index.php?rest_route=%2Fwp%2Fv2%2Fcategories&post=249549"},{"taxonomy":"post_tag","embeddable":true,"href":"http:\/\/vertienteglobal.com\/index.php?rest_route=%2Fwp%2Fv2%2Ftags&post=249549"}],"curies":[{"name":"wp","href":"https:\/\/api.w.org\/{rel}","templated":true}]}}