{"id":249311,"date":"2025-12-03T17:19:00","date_gmt":"2025-12-03T23:19:00","guid":{"rendered":"http:\/\/vertienteglobal.com\/?p=249311"},"modified":"2025-12-03T19:59:38","modified_gmt":"2025-12-04T01:59:38","slug":"alertan-en-yucatan-a-empresas-sobre-costos-e-impactos-de-los-ataques-digitales","status":"publish","type":"post","link":"http:\/\/vertienteglobal.com\/?p=249311","title":{"rendered":"Alertan en Yucat\u00e1n a empresas sobre costos e impactos de los ataques digitales"},"content":{"rendered":"\n<div class=\"twitterbutton\" style=\"float: right; padding-left: 5px;\"><a href=\"http:\/\/twitter.com\/share\" class=\"twitter-share-button\" data-count=\"horizontal\" data-text=\"Alertan en Yucat\u00e1n a empresas sobre costos e impactos de los ataques digitales\" data-via=\"https:\/\/twitter.com\/VertienteGloba1\" data-url=\"http:\/\/vertienteglobal.com\/?p=249311\" data-lang=\"es\" data-related=\"Informaci\u00f3n general:S\u00edguenos para que est\u00e9ss informado\"><\/a><\/div>\n<figure class=\"wp-block-image size-full\"><img loading=\"lazy\" decoding=\"async\" width=\"512\" height=\"288\" src=\"http:\/\/vertienteglobal.com\/wp-content\/uploads\/2025\/12\/1000827899.jpg\" alt=\"\" class=\"wp-image-249312\" srcset=\"http:\/\/vertienteglobal.com\/wp-content\/uploads\/2025\/12\/1000827899.jpg 512w, http:\/\/vertienteglobal.com\/wp-content\/uploads\/2025\/12\/1000827899-300x169.jpg 300w, http:\/\/vertienteglobal.com\/wp-content\/uploads\/2025\/12\/1000827899-150x84.jpg 150w\" sizes=\"auto, (max-width: 512px) 100vw, 512px\" \/><\/figure>\n\n\n\n<p>(Redacci\u00f3n)<\/p>\n\n\n\n<p><em>En la Semana de la Econom\u00eda Digital 2025, especialista de la Universidad Polit\u00e9cnica de Yucat\u00e1n llam\u00f3 al sector empresarial a fortalecer la ciberseguridad y prevenir p\u00e9rdidas econ\u00f3micas y da\u00f1os reputacionales por ataques digitales<\/em><\/p>\n\n\n\n<p>M\u00e9rida, Yucat\u00e1n,03 de diciembre de 2025.-La ciberseguridad es hoy una prioridad estrat\u00e9gica para las empresas ante el aumento de ataques digitales y riesgos de p\u00e9rdida de datos y da\u00f1o reputacional, afirm\u00f3 el especialista de la Universidad Polit\u00e9cnica de Yucat\u00e1n (UPY), N\u00e9stor Contreras Miranda, durante una conferencia magistral dirigida al sector empresarial, realizada como parte de la Semana de la Econom\u00eda Digital 2025 que organiza la Secretar\u00eda de Econom\u00eda y Trabajo (SETY).<br>\u00a0<br>Ante empresarias, empresarios y personas emprendedoras de distintos sectores, Contreras Miranda expuso los principales riesgos que enfrentan actualmente las organizaciones en el entorno digital global y la importancia de adoptar medidas preventivas para proteger su informaci\u00f3n y sus procesos operativos.<br>\u00a0<br>Esta conferencia forma parte de las acciones impulsadas por la administraci\u00f3n del Gobernador Joaqu\u00edn D\u00edaz Mena, para vincular al sector productivo con el talento de las y los futuros ingenieros de la industria tecnol\u00f3gica y avanzar en la consolidaci\u00f3n de Yucat\u00e1n como uno de los estados m\u00e1s ciberseguros del pa\u00eds.<br>\u00a0<br>Durante su intervenci\u00f3n, el especialista de la UPY se\u00f1al\u00f3 que la ciberseguridad dej\u00f3 de ser solo una medida t\u00e9cnica para convertirse en un componente fundamental de la infraestructura moderna de las empresas.<br>\u00a0<br>Insisti\u00f3 que implementar procesos robustos en esta materia es indispensable para proteger los activos de informaci\u00f3n, garantizar la continuidad del negocio y reducir la probabilidad de p\u00e9rdidas econ\u00f3micas y da\u00f1os a la reputaci\u00f3n derivados de ataques digitales.<br>\u00a0<br>Defini\u00f3 la ciberseguridad como la protecci\u00f3n de la informaci\u00f3n, la inform\u00e1tica y las telecomunicaciones, y present\u00f3 un panorama del entorno mundial de amenazas, destacando la creciente sofisticaci\u00f3n con la que opera la delincuencia en el \u00e1mbito digital.<br>\u00a0<br>Explic\u00f3 que, ante la digitalizaci\u00f3n masiva y acelerada, las empresas se han vuelto objetivos primarios de ataques cada vez m\u00e1s espec\u00edficos y destructivos. Uno de los puntos centrales de la conferencia fue el an\u00e1lisis del costo y el impacto que representa para las organizaciones luego de un ataque digital.<\/p>\n\n\n\n<p>Contreras Miranda detall\u00f3 que el problema se agudiza en la etapa posterior al incidente, cuando la empresa ya enfrenta p\u00e9rdida de datos, afectaciones a su reputaci\u00f3n y exposici\u00f3n de informaci\u00f3n de terceras personas, lo que puede derivar en multas, altos costos de remediaci\u00f3n y una p\u00e9rdida de confianza dif\u00edcil de revertir.<br>\u00a0<br>Asimismo, enfatiz\u00f3 que, si bien la tecnolog\u00eda es crucial, el factor humano sigue siendo el eslab\u00f3n m\u00e1s vulnerable. Recomend\u00f3 invertir de manera constante en procesos de concienciaci\u00f3n y capacitaci\u00f3n para todo el personal, a fin de reducir riesgos asociados a errores como la apertura de correos de phishing, el uso de contrase\u00f1as poco seguras o la falta de cuidado en el manejo de informaci\u00f3n sensible.<br>\u00a0<br>Para fortalecer la resiliencia digital en el sector empresarial, el ponente llam\u00f3 a adoptar un enfoque proactivo de gesti\u00f3n de riesgos que incluya pol\u00edticas de seguridad claras y actualizadas, manuales de respuesta a incidentes bien definidos y el mantenimiento riguroso de parches de seguridad y actualizaciones de sistemas.<br>\u00a0<br>Las y los asistentes coincidieron en que la conferencia representa un llamado a integrar la ciberseguridad como una estrategia de negocio esencial para el crecimiento seguro en la econom\u00eda digital y no solo como una medida reactiva despu\u00e9s de un ataque.<\/p>\n\n\n\n<figure class=\"wp-block-image size-full\"><img loading=\"lazy\" decoding=\"async\" width=\"640\" height=\"360\" src=\"http:\/\/vertienteglobal.com\/wp-content\/uploads\/2025\/12\/1000827900.jpg\" alt=\"\" class=\"wp-image-249313\" srcset=\"http:\/\/vertienteglobal.com\/wp-content\/uploads\/2025\/12\/1000827900.jpg 640w, http:\/\/vertienteglobal.com\/wp-content\/uploads\/2025\/12\/1000827900-300x169.jpg 300w, http:\/\/vertienteglobal.com\/wp-content\/uploads\/2025\/12\/1000827900-150x84.jpg 150w\" sizes=\"auto, (max-width: 640px) 100vw, 640px\" \/><\/figure>\n","protected":false},"excerpt":{"rendered":"<p>(Redacci\u00f3n) En la Semana de la Econom\u00eda Digital 2025, especialista de la Universidad Polit\u00e9cnica de Yucat\u00e1n llam\u00f3 al sector empresarial a fortalecer la ciberseguridad y prevenir p\u00e9rdidas econ\u00f3micas y da\u00f1os reputacionales por ataques digitales M\u00e9rida, Yucat\u00e1n,03 de diciembre de 2025.-La ciberseguridad es hoy una prioridad estrat\u00e9gica para las empresas ante el aumento de ataques digitales [&hellip;]<\/p>\n","protected":false},"author":6,"featured_media":249312,"comment_status":"open","ping_status":"open","sticky":false,"template":"","format":"standard","meta":{"footnotes":""},"categories":[2],"tags":[],"class_list":["post-249311","post","type-post","status-publish","format-standard","has-post-thumbnail","hentry","category-yucatan","entry","has-media"],"jetpack_featured_media_url":"http:\/\/vertienteglobal.com\/wp-content\/uploads\/2025\/12\/1000827899.jpg","_links":{"self":[{"href":"http:\/\/vertienteglobal.com\/index.php?rest_route=\/wp\/v2\/posts\/249311","targetHints":{"allow":["GET"]}}],"collection":[{"href":"http:\/\/vertienteglobal.com\/index.php?rest_route=\/wp\/v2\/posts"}],"about":[{"href":"http:\/\/vertienteglobal.com\/index.php?rest_route=\/wp\/v2\/types\/post"}],"author":[{"embeddable":true,"href":"http:\/\/vertienteglobal.com\/index.php?rest_route=\/wp\/v2\/users\/6"}],"replies":[{"embeddable":true,"href":"http:\/\/vertienteglobal.com\/index.php?rest_route=%2Fwp%2Fv2%2Fcomments&post=249311"}],"version-history":[{"count":1,"href":"http:\/\/vertienteglobal.com\/index.php?rest_route=\/wp\/v2\/posts\/249311\/revisions"}],"predecessor-version":[{"id":249314,"href":"http:\/\/vertienteglobal.com\/index.php?rest_route=\/wp\/v2\/posts\/249311\/revisions\/249314"}],"wp:featuredmedia":[{"embeddable":true,"href":"http:\/\/vertienteglobal.com\/index.php?rest_route=\/wp\/v2\/media\/249312"}],"wp:attachment":[{"href":"http:\/\/vertienteglobal.com\/index.php?rest_route=%2Fwp%2Fv2%2Fmedia&parent=249311"}],"wp:term":[{"taxonomy":"category","embeddable":true,"href":"http:\/\/vertienteglobal.com\/index.php?rest_route=%2Fwp%2Fv2%2Fcategories&post=249311"},{"taxonomy":"post_tag","embeddable":true,"href":"http:\/\/vertienteglobal.com\/index.php?rest_route=%2Fwp%2Fv2%2Ftags&post=249311"}],"curies":[{"name":"wp","href":"https:\/\/api.w.org\/{rel}","templated":true}]}}