{"id":249019,"date":"2025-11-28T15:43:00","date_gmt":"2025-11-28T21:43:00","guid":{"rendered":"http:\/\/vertienteglobal.com\/?p=249019"},"modified":"2025-12-01T07:45:40","modified_gmt":"2025-12-01T13:45:40","slug":"renacimiento-maya-impulsa-economia-familiar-con-microcreditos-del-bienestar","status":"publish","type":"post","link":"http:\/\/vertienteglobal.com\/?p=249019","title":{"rendered":"Renacimiento Maya impulsa econom\u00eda familiar con Microcr\u00e9ditos del Bienestar"},"content":{"rendered":"\n<div class=\"twitterbutton\" style=\"float: right; padding-left: 5px;\"><a href=\"http:\/\/twitter.com\/share\" class=\"twitter-share-button\" data-count=\"horizontal\" data-text=\"Renacimiento Maya impulsa econom\u00eda familiar con Microcr\u00e9ditos del Bienestar\" data-via=\"https:\/\/twitter.com\/VertienteGloba1\" data-url=\"http:\/\/vertienteglobal.com\/?p=249019\" data-lang=\"es\" data-related=\"Informaci\u00f3n general:S\u00edguenos para que est\u00e9ss informado\"><\/a><\/div>\n<figure class=\"wp-block-image size-full\"><img loading=\"lazy\" decoding=\"async\" width=\"512\" height=\"341\" src=\"http:\/\/vertienteglobal.com\/wp-content\/uploads\/2025\/12\/1000821242.jpg\" alt=\"\" class=\"wp-image-249020\" srcset=\"http:\/\/vertienteglobal.com\/wp-content\/uploads\/2025\/12\/1000821242.jpg 512w, http:\/\/vertienteglobal.com\/wp-content\/uploads\/2025\/12\/1000821242-300x200.jpg 300w, http:\/\/vertienteglobal.com\/wp-content\/uploads\/2025\/12\/1000821242-150x100.jpg 150w\" sizes=\"auto, (max-width: 512px) 100vw, 512px\" \/><\/figure>\n\n\n\n<p>(Redacci\u00f3n)<\/p>\n\n\n\n<p><em>Renacimiento Maya impulsa econom\u00eda familiar con Microcr\u00e9ditos del BienestarM\u00e1s familias yucatecas acceder\u00e1n a cr\u00e9ditos de hasta 20 mil pesos, acompa\u00f1ados de capacitaci\u00f3n y opciones de financiamiento posterior para seguir creciendo<\/em><\/p>\n\n\n\n<p>M\u00e9rida Yucat\u00e1n 28 de noviembre de 2025.-El Gobernador Joaqu\u00edn D\u00edaz Mena encabez\u00f3 el inicio de la entrega de los Microcr\u00e9ditos del Bienestar, apoyos de hasta 20 mil pesos a tasa cero destinados a fortalecer talleres y peque\u00f1os negocios en Yucat\u00e1n, lo que permitir\u00e1 incrementar los ingresos y la estabilidad de cientos de familias.<br>\u00a0<br>\u201cHoy reconocemos ese esfuerzo con un apoyo que llega directamente a quienes necesitan este recurso para fortalecer sus actividades productivas. Esta entrega de microcr\u00e9ditos es una oportunidad de impulsar m\u00e1s ingresos, m\u00e1s estabilidad y m\u00e1s posibilidades para cientos de hogares yucatecos\u201d, asegur\u00f3 el Gobernador.<br>\u00a0<br>En el Patio Central de Palacio de Gobierno, el titular del Ejecutivo estatal agradeci\u00f3 el trabajo de todo el equipo de la Secretar\u00eda de Bienestar, que encabeza la titular de la Secretar\u00eda de Bienestar, F\u00e1tima Perera Salazar, por realizar los procesos de verificaci\u00f3n necesarios que hicieron posible estas entregas de recursos econ\u00f3micos, los cuales \u2014dijo\u2014 servir\u00e1n para impulsar el crecimiento de peque\u00f1os negocios.<br>\u00a0<br>Asimismo, el mandatario agradeci\u00f3 a la Presidenta de M\u00e9xico, Claudia Sheinbaum Pardo, por el apoyo y los recursos otorgados al pueblo de Yucat\u00e1n, que permiten llevar a cabo estrategias como esta, en beneficio de las familias trabajadoras de la entidad.<br>\u00a0<br>\u201cQuienes cumplan con su devoluci\u00f3n en tiempo y forma contar\u00e1n con el acompa\u00f1amiento del Instituto Yucateco de Emprendedores, que les brindar\u00e1 capacitaci\u00f3n para mejorar sus negocios. Adem\u00e1s, la Secretar\u00eda de Econom\u00eda y Trabajo, que ofrece cr\u00e9ditos m\u00e1s grandes \u2014de 25 mil hasta 200 mil pesos\u2014 podr\u00e1 otorgar un segundo y tercer cr\u00e9dito para que ustedes sigan creciendo. Este es un capital semilla para que sus peque\u00f1os negocios se fortalezcan. Lo que queremos es que tengan m\u00e1s oportunidades para emprender y consolidar la econom\u00eda no solo de sus municipios, sino tambi\u00e9n de las colonias de M\u00e9rida\u201d, explic\u00f3.<br>\u00a0<br>Por ello, agradeci\u00f3 la presencia y participaci\u00f3n de habitantes de diversos municipios del interior del estado y reafirm\u00f3 que se est\u00e1 cumpliendo el compromiso de su Gobierno de trabajar por todo Yucat\u00e1n. Adem\u00e1s, reconoci\u00f3 el trabajo que realizan las personas que impulsan sus peque\u00f1os negocios \u2014como tiendas de abarrotes, panader\u00edas, talleres y servicios diversos\u2014 y celebr\u00f3 estas entregas que, reiter\u00f3, representan la confianza en que sabr\u00e1n utilizar los recursos de la mejor manera para sacar adelante a sus familias.<br>\u00a0<br>En su turno, la titular de la Secretar\u00eda de Bienestar, F\u00e1tima Perera Salazar, explic\u00f3 que con la entrega de estos cr\u00e9ditos se cumplen compromisos y se entregan resultados, demostrando que el Gobernador Joaqu\u00edn D\u00edaz Mena respalda su palabra con apoyos econ\u00f3micos reales, cr\u00e9ditos accesibles y oportunidades para crecer sin endeudarse con intereses impagables.<br>\u00a0<br>\u201cEste gobierno no lleg\u00f3 a administrar la desigualdad, sino a combatirla y cerrarla. Llegamos para hacer justicia. Llegamos para que el bienestar deje de ser un discurso y se convierta en una realidad. El programa Microcr\u00e9ditos del Bienestar naci\u00f3 para apoyar a quienes m\u00e1s lo necesitan, a quienes trabajan y producen, a quienes no piden nada regalado, sino una oportunidad justa: una oportunidad con condiciones humanas, con cr\u00e9ditos a tasa 0%, con reglas claras, sin favoritismos y sin corrupci\u00f3n, con cr\u00e9ditos de hasta 20 mil pesos\u201d, concluy\u00f3.<br>\u00a0<br>Por su parte, la beneficiaria del programa Microcr\u00e9ditos del Bienestar, Mar\u00eda Evangelina Puerto Navarrete, expres\u00f3 su agradecimiento por recibir este respaldo, que \u2014asegur\u00f3\u2014 genera sustento, contribuye al crecimiento de su futuro y es sin\u00f3nimo de desarrollo para el estado.<br>\u00a0<br>\u201cGracias a esta oportunidad podemos aspirar a una mejor calidad de vida y a un destino m\u00e1s pr\u00f3spero para todas y todos. Como beneficiarias y beneficiarios asumimos con responsabilidad el compromiso de utilizar los recursos con dedicaci\u00f3n, trabajar con esfuerzo y contribuir a la confianza de nuestra sociedad siendo ciudadanos productivos\u201d, se\u00f1al\u00f3 la beneficiaria originaria del municipio de Hunucm\u00e1.<br>\u00a0<br>En este evento tambi\u00e9n particip\u00f3 la beneficiaria del programa Microcr\u00e9ditos del Bienestar, F\u00e1tima de Cire Borges Puc; el presidente de la Mesa Directiva del Congreso del Estado, Alejandro Cuevas Mena; la presidenta de la Comisi\u00f3n Permanente de Desarrollo Econ\u00f3mico y Fomento al Empleo del Legislativo local, Naomi Peniche L\u00f3pez; la subsecretaria de Bienestar, Adela Escamilla Acevedo; y el director del Instituto Yucateco de Emprendedores, Salvador Vitelli Mac\u00edas.<\/p>\n\n\n\n<figure class=\"wp-block-image size-full\"><img loading=\"lazy\" decoding=\"async\" width=\"512\" height=\"341\" src=\"http:\/\/vertienteglobal.com\/wp-content\/uploads\/2025\/12\/1000821243.jpg\" alt=\"\" class=\"wp-image-249021\" srcset=\"http:\/\/vertienteglobal.com\/wp-content\/uploads\/2025\/12\/1000821243.jpg 512w, http:\/\/vertienteglobal.com\/wp-content\/uploads\/2025\/12\/1000821243-300x200.jpg 300w, http:\/\/vertienteglobal.com\/wp-content\/uploads\/2025\/12\/1000821243-150x100.jpg 150w\" sizes=\"auto, (max-width: 512px) 100vw, 512px\" \/><\/figure>\n\n\n\n<figure class=\"wp-block-image size-full\"><img loading=\"lazy\" decoding=\"async\" width=\"512\" height=\"341\" src=\"http:\/\/vertienteglobal.com\/wp-content\/uploads\/2025\/12\/1000821276.jpg\" alt=\"\" class=\"wp-image-249022\" srcset=\"http:\/\/vertienteglobal.com\/wp-content\/uploads\/2025\/12\/1000821276.jpg 512w, http:\/\/vertienteglobal.com\/wp-content\/uploads\/2025\/12\/1000821276-300x200.jpg 300w, http:\/\/vertienteglobal.com\/wp-content\/uploads\/2025\/12\/1000821276-150x100.jpg 150w\" sizes=\"auto, (max-width: 512px) 100vw, 512px\" \/><\/figure>\n\n\n\n<figure class=\"wp-block-image size-full\"><img loading=\"lazy\" decoding=\"async\" width=\"512\" height=\"341\" src=\"http:\/\/vertienteglobal.com\/wp-content\/uploads\/2025\/12\/1000821255.jpg\" alt=\"\" class=\"wp-image-249023\" srcset=\"http:\/\/vertienteglobal.com\/wp-content\/uploads\/2025\/12\/1000821255.jpg 512w, http:\/\/vertienteglobal.com\/wp-content\/uploads\/2025\/12\/1000821255-300x200.jpg 300w, http:\/\/vertienteglobal.com\/wp-content\/uploads\/2025\/12\/1000821255-150x100.jpg 150w\" sizes=\"auto, (max-width: 512px) 100vw, 512px\" \/><\/figure>\n","protected":false},"excerpt":{"rendered":"<p>(Redacci\u00f3n) Renacimiento Maya impulsa econom\u00eda familiar con Microcr\u00e9ditos del BienestarM\u00e1s familias yucatecas acceder\u00e1n a cr\u00e9ditos de hasta 20 mil pesos, acompa\u00f1ados de capacitaci\u00f3n y opciones de financiamiento posterior para seguir creciendo M\u00e9rida Yucat\u00e1n 28 de noviembre de 2025.-El Gobernador Joaqu\u00edn D\u00edaz Mena encabez\u00f3 el inicio de la entrega de los Microcr\u00e9ditos del Bienestar, apoyos de [&hellip;]<\/p>\n","protected":false},"author":6,"featured_media":249020,"comment_status":"open","ping_status":"open","sticky":false,"template":"","format":"standard","meta":{"footnotes":""},"categories":[2],"tags":[],"class_list":["post-249019","post","type-post","status-publish","format-standard","has-post-thumbnail","hentry","category-yucatan","entry","has-media"],"jetpack_featured_media_url":"http:\/\/vertienteglobal.com\/wp-content\/uploads\/2025\/12\/1000821242.jpg","_links":{"self":[{"href":"http:\/\/vertienteglobal.com\/index.php?rest_route=\/wp\/v2\/posts\/249019","targetHints":{"allow":["GET"]}}],"collection":[{"href":"http:\/\/vertienteglobal.com\/index.php?rest_route=\/wp\/v2\/posts"}],"about":[{"href":"http:\/\/vertienteglobal.com\/index.php?rest_route=\/wp\/v2\/types\/post"}],"author":[{"embeddable":true,"href":"http:\/\/vertienteglobal.com\/index.php?rest_route=\/wp\/v2\/users\/6"}],"replies":[{"embeddable":true,"href":"http:\/\/vertienteglobal.com\/index.php?rest_route=%2Fwp%2Fv2%2Fcomments&post=249019"}],"version-history":[{"count":1,"href":"http:\/\/vertienteglobal.com\/index.php?rest_route=\/wp\/v2\/posts\/249019\/revisions"}],"predecessor-version":[{"id":249024,"href":"http:\/\/vertienteglobal.com\/index.php?rest_route=\/wp\/v2\/posts\/249019\/revisions\/249024"}],"wp:featuredmedia":[{"embeddable":true,"href":"http:\/\/vertienteglobal.com\/index.php?rest_route=\/wp\/v2\/media\/249020"}],"wp:attachment":[{"href":"http:\/\/vertienteglobal.com\/index.php?rest_route=%2Fwp%2Fv2%2Fmedia&parent=249019"}],"wp:term":[{"taxonomy":"category","embeddable":true,"href":"http:\/\/vertienteglobal.com\/index.php?rest_route=%2Fwp%2Fv2%2Fcategories&post=249019"},{"taxonomy":"post_tag","embeddable":true,"href":"http:\/\/vertienteglobal.com\/index.php?rest_route=%2Fwp%2Fv2%2Ftags&post=249019"}],"curies":[{"name":"wp","href":"https:\/\/api.w.org\/{rel}","templated":true}]}}