{"id":248750,"date":"2025-11-27T18:54:00","date_gmt":"2025-11-28T00:54:00","guid":{"rendered":"http:\/\/vertienteglobal.com\/?p=248750"},"modified":"2025-11-27T20:35:51","modified_gmt":"2025-11-28T02:35:51","slug":"conoce-la-fecha-limite-de-diciembre-para-sacar-pasaporte","status":"publish","type":"post","link":"http:\/\/vertienteglobal.com\/?p=248750","title":{"rendered":"Conoce la fecha l\u00edmite de diciembre para sacar Pasaporte"},"content":{"rendered":"\n<div class=\"twitterbutton\" style=\"float: right; padding-left: 5px;\"><a href=\"http:\/\/twitter.com\/share\" class=\"twitter-share-button\" data-count=\"horizontal\" data-text=\"Conoce la fecha l\u00edmite de diciembre para sacar Pasaporte\" data-via=\"https:\/\/twitter.com\/VertienteGloba1\" data-url=\"http:\/\/vertienteglobal.com\/?p=248750\" data-lang=\"es\" data-related=\"Informaci\u00f3n general:S\u00edguenos para que est\u00e9ss informado\"><\/a><\/div>\n<figure class=\"wp-block-image size-full\"><img loading=\"lazy\" decoding=\"async\" width=\"1024\" height=\"683\" src=\"http:\/\/vertienteglobal.com\/wp-content\/uploads\/2025\/11\/1000813201.webp\" alt=\"\" class=\"wp-image-248751\" srcset=\"http:\/\/vertienteglobal.com\/wp-content\/uploads\/2025\/11\/1000813201.webp 1024w, http:\/\/vertienteglobal.com\/wp-content\/uploads\/2025\/11\/1000813201-300x200.webp 300w, http:\/\/vertienteglobal.com\/wp-content\/uploads\/2025\/11\/1000813201-150x100.webp 150w, http:\/\/vertienteglobal.com\/wp-content\/uploads\/2025\/11\/1000813201-768x512.webp 768w\" sizes=\"auto, (max-width: 1024px) 100vw, 1024px\" \/><\/figure>\n\n\n\n<p>(Redacci\u00f3n)<\/p>\n\n\n\n<p>De acuerdo con el sitio de Internet de la SRE el \u00faltimo d\u00eda en el que podr\u00e1s agendar una cita para tramitar tu pasaporte en Xalapa es el 15 de diciembre de este a\u00f1o.<\/p>\n\n\n\n<p>Xalapa, Veracruz, 27 de noviembre de 2025.-El pasaporte es un documento de viaje internacional que acredita la nacionalidad y la identidad de una persona ante otros pa\u00edses y con el que se puede salir o entrar a otros territorios, adem\u00e1s de que sirve como identificaci\u00f3n en el extranjero.<\/p>\n\n\n\n<p>Las oficinas donde se tramita este documento es en la Secretar\u00eda de Relaciones Exteriores (SRE) , en el estado de Veracruz existen nueve Oficinas Municipales de Enlace (OME) donde puedes acudir a tramitarlo.<\/p>\n\n\n\n<p>En el caso del puerto de Veracruz, las oficinas se encuentran en la calle Ignacio L\u00f3pez Ray\u00f3n en la zona centro de la ciudad. Mientras que en Xalapa est\u00e1 en la avenida Rub\u00ed Animas, 91193.<\/p>\n\n\n\n<p>El costo de este tr\u00e1mite var\u00eda dependiendo los a\u00f1os de vigencia en los que pretendas sacar.<br>Por 3 a\u00f1os el costo es de mil 730 pesos<br>Por 6 a\u00f1os es de 2 mil 350 pesos<br>Por 10 a\u00f1os es de 4 mil 120 pesos<\/p>\n\n\n\n<p>\u00bfCu\u00e1l es el \u00faltimo d\u00eda en el que puedo tramitar mi pasaporte en Xalapa y Veracruz?<\/p>\n\n\n\n<p>De acuerdo con el sitio de Internet de la SRE el \u00faltimo d\u00eda en el que podr\u00e1s agendar una cita para tramitar tu pasaporte en Xalapa es el 15 de diciembre de este a\u00f1o.<\/p>\n\n\n\n<p>En tanto que en Veracruz el \u00faltimo d\u00eda es el 11 de diciembre de este a\u00f1o.<\/p>\n\n\n\n<p>De acuerdo al calendario de suspensi\u00f3n de labores de la SRE el personal regresar\u00eda el 2 de enero de 2026 a sus labores normales.<\/p>\n","protected":false},"excerpt":{"rendered":"<p>(Redacci\u00f3n) De acuerdo con el sitio de Internet de la SRE el \u00faltimo d\u00eda en el que podr\u00e1s agendar una cita para tramitar tu pasaporte en Xalapa es el 15 de diciembre de este a\u00f1o. Xalapa, Veracruz, 27 de noviembre de 2025.-El pasaporte es un documento de viaje internacional que acredita la nacionalidad y la [&hellip;]<\/p>\n","protected":false},"author":6,"featured_media":248751,"comment_status":"open","ping_status":"open","sticky":false,"template":"","format":"standard","meta":{"footnotes":""},"categories":[7],"tags":[],"class_list":["post-248750","post","type-post","status-publish","format-standard","has-post-thumbnail","hentry","category-veracruz","entry","has-media"],"jetpack_featured_media_url":"http:\/\/vertienteglobal.com\/wp-content\/uploads\/2025\/11\/1000813201.webp","_links":{"self":[{"href":"http:\/\/vertienteglobal.com\/index.php?rest_route=\/wp\/v2\/posts\/248750","targetHints":{"allow":["GET"]}}],"collection":[{"href":"http:\/\/vertienteglobal.com\/index.php?rest_route=\/wp\/v2\/posts"}],"about":[{"href":"http:\/\/vertienteglobal.com\/index.php?rest_route=\/wp\/v2\/types\/post"}],"author":[{"embeddable":true,"href":"http:\/\/vertienteglobal.com\/index.php?rest_route=\/wp\/v2\/users\/6"}],"replies":[{"embeddable":true,"href":"http:\/\/vertienteglobal.com\/index.php?rest_route=%2Fwp%2Fv2%2Fcomments&post=248750"}],"version-history":[{"count":1,"href":"http:\/\/vertienteglobal.com\/index.php?rest_route=\/wp\/v2\/posts\/248750\/revisions"}],"predecessor-version":[{"id":248752,"href":"http:\/\/vertienteglobal.com\/index.php?rest_route=\/wp\/v2\/posts\/248750\/revisions\/248752"}],"wp:featuredmedia":[{"embeddable":true,"href":"http:\/\/vertienteglobal.com\/index.php?rest_route=\/wp\/v2\/media\/248751"}],"wp:attachment":[{"href":"http:\/\/vertienteglobal.com\/index.php?rest_route=%2Fwp%2Fv2%2Fmedia&parent=248750"}],"wp:term":[{"taxonomy":"category","embeddable":true,"href":"http:\/\/vertienteglobal.com\/index.php?rest_route=%2Fwp%2Fv2%2Fcategories&post=248750"},{"taxonomy":"post_tag","embeddable":true,"href":"http:\/\/vertienteglobal.com\/index.php?rest_route=%2Fwp%2Fv2%2Ftags&post=248750"}],"curies":[{"name":"wp","href":"https:\/\/api.w.org\/{rel}","templated":true}]}}