{"id":248715,"date":"2025-11-25T19:56:33","date_gmt":"2025-11-26T01:56:33","guid":{"rendered":"http:\/\/vertienteglobal.com\/?p=248715"},"modified":"2025-11-27T19:59:10","modified_gmt":"2025-11-28T01:59:10","slug":"recibe-presidenta-claudia-sheinbaum-a-su-homologa-de-la-republica-de-honduras-xiomara-castro-en-palacio-nacional","status":"publish","type":"post","link":"http:\/\/vertienteglobal.com\/?p=248715","title":{"rendered":"Recibe Presidenta Claudia Sheinbaum a su hom\u00f3loga de la Rep\u00fablica de Honduras, Xiomara Castro, en Palacio Nacional"},"content":{"rendered":"\n<div class=\"twitterbutton\" style=\"float: right; padding-left: 5px;\"><a href=\"http:\/\/twitter.com\/share\" class=\"twitter-share-button\" data-count=\"horizontal\" data-text=\"Recibe Presidenta Claudia Sheinbaum a su hom\u00f3loga de la Rep\u00fablica de Honduras,...\" data-via=\"https:\/\/twitter.com\/VertienteGloba1\" data-url=\"http:\/\/vertienteglobal.com\/?p=248715\" data-lang=\"es\" data-related=\"Informaci\u00f3n general:S\u00edguenos para que est\u00e9ss informado\"><\/a><\/div>\n<figure class=\"wp-block-image size-full\"><img loading=\"lazy\" decoding=\"async\" width=\"650\" height=\"380\" src=\"http:\/\/vertienteglobal.com\/wp-content\/uploads\/2025\/11\/IMG-20251127-WA0368.jpg\" alt=\"\" class=\"wp-image-248716\" srcset=\"http:\/\/vertienteglobal.com\/wp-content\/uploads\/2025\/11\/IMG-20251127-WA0368.jpg 650w, http:\/\/vertienteglobal.com\/wp-content\/uploads\/2025\/11\/IMG-20251127-WA0368-300x175.jpg 300w, http:\/\/vertienteglobal.com\/wp-content\/uploads\/2025\/11\/IMG-20251127-WA0368-150x88.jpg 150w\" sizes=\"auto, (max-width: 650px) 100vw, 650px\" \/><\/figure>\n\n\n\n<p>(Redacci\u00f3n)<\/p>\n\n\n\n<p>Las dos mandatarias sostendr\u00e1n una reuni\u00f3n privada<\/p>\n\n\n\n<p>Ciudad de M\u00e9xico 25 de noviembre de 2025.-La Presidenta de M\u00e9xico, Claudia Sheinbaum Pardo, recibi\u00f3 en Palacio Nacional a su hom\u00f3loga de la Rep\u00fablica de Honduras, Xiomara Castro, con quien posteriormente sostendr\u00e1 una reuni\u00f3n privada.<\/p>\n\n\n\n<p>Como parte de la Ceremonia Oficial de Bienvenida, que se realiz\u00f3 en el Patio de Honor de Palacio Nacional, se entonaron los himnos nacionales de M\u00e9xico y Honduras, posterior a ello, se realiz\u00f3 la toma de la fotograf\u00eda oficial del encuentro.<\/p>\n\n\n\n<p>La Jefa del Ejecutivo Federal estuvo acompa\u00f1ada por el secretario de Relaciones Exteriores, Juan Ram\u00f3n de la Fuente; la subsecretaria para Am\u00e9rica Latina y el Caribe de la Secretar\u00eda de Relaciones Exteriores (SRE), Raquel Serur Smeke; y el jefe de la Oficina de la Presidencia de la Rep\u00fablica, L\u00e1zaro C\u00e1rdenas Batel.<\/p>\n\n\n\n<p>A la mandataria de la Rep\u00fablica de Honduras, la acompa\u00f1aron el secretario de Relaciones Exteriores, Javier Efra\u00edn B\u00fa Soto; el secretario particular de la presidenta, H\u00e9ctor Manuel Zelaya Castro; y la embajadora de Honduras en M\u00e9xico, Sonia Leticia Cruz Lozano.<\/p>\n","protected":false},"excerpt":{"rendered":"<p>(Redacci\u00f3n) Las dos mandatarias sostendr\u00e1n una reuni\u00f3n privada Ciudad de M\u00e9xico 25 de noviembre de 2025.-La Presidenta de M\u00e9xico, Claudia Sheinbaum Pardo, recibi\u00f3 en Palacio Nacional a su hom\u00f3loga de la Rep\u00fablica de Honduras, Xiomara Castro, con quien posteriormente sostendr\u00e1 una reuni\u00f3n privada. Como parte de la Ceremonia Oficial de Bienvenida, que se realiz\u00f3 en [&hellip;]<\/p>\n","protected":false},"author":6,"featured_media":248716,"comment_status":"open","ping_status":"open","sticky":false,"template":"","format":"standard","meta":{"footnotes":""},"categories":[8],"tags":[],"class_list":["post-248715","post","type-post","status-publish","format-standard","has-post-thumbnail","hentry","category-pais","entry","has-media"],"jetpack_featured_media_url":"http:\/\/vertienteglobal.com\/wp-content\/uploads\/2025\/11\/IMG-20251127-WA0368.jpg","_links":{"self":[{"href":"http:\/\/vertienteglobal.com\/index.php?rest_route=\/wp\/v2\/posts\/248715","targetHints":{"allow":["GET"]}}],"collection":[{"href":"http:\/\/vertienteglobal.com\/index.php?rest_route=\/wp\/v2\/posts"}],"about":[{"href":"http:\/\/vertienteglobal.com\/index.php?rest_route=\/wp\/v2\/types\/post"}],"author":[{"embeddable":true,"href":"http:\/\/vertienteglobal.com\/index.php?rest_route=\/wp\/v2\/users\/6"}],"replies":[{"embeddable":true,"href":"http:\/\/vertienteglobal.com\/index.php?rest_route=%2Fwp%2Fv2%2Fcomments&post=248715"}],"version-history":[{"count":2,"href":"http:\/\/vertienteglobal.com\/index.php?rest_route=\/wp\/v2\/posts\/248715\/revisions"}],"predecessor-version":[{"id":248718,"href":"http:\/\/vertienteglobal.com\/index.php?rest_route=\/wp\/v2\/posts\/248715\/revisions\/248718"}],"wp:featuredmedia":[{"embeddable":true,"href":"http:\/\/vertienteglobal.com\/index.php?rest_route=\/wp\/v2\/media\/248716"}],"wp:attachment":[{"href":"http:\/\/vertienteglobal.com\/index.php?rest_route=%2Fwp%2Fv2%2Fmedia&parent=248715"}],"wp:term":[{"taxonomy":"category","embeddable":true,"href":"http:\/\/vertienteglobal.com\/index.php?rest_route=%2Fwp%2Fv2%2Fcategories&post=248715"},{"taxonomy":"post_tag","embeddable":true,"href":"http:\/\/vertienteglobal.com\/index.php?rest_route=%2Fwp%2Fv2%2Ftags&post=248715"}],"curies":[{"name":"wp","href":"https:\/\/api.w.org\/{rel}","templated":true}]}}