{"id":248496,"date":"2025-11-20T12:33:00","date_gmt":"2025-11-20T18:33:00","guid":{"rendered":"http:\/\/vertienteglobal.com\/?p=248496"},"modified":"2025-11-23T05:35:47","modified_gmt":"2025-11-23T11:35:47","slug":"renacimiento-maya-impulsa-el-turismo-regional-desde-el-oriente-de-yucatan","status":"publish","type":"post","link":"http:\/\/vertienteglobal.com\/?p=248496","title":{"rendered":"Renacimiento Maya impulsa el turismo regional desde el oriente de Yucat\u00e1n\u00a0"},"content":{"rendered":"\n<div class=\"twitterbutton\" style=\"float: right; padding-left: 5px;\"><a href=\"http:\/\/twitter.com\/share\" class=\"twitter-share-button\" data-count=\"horizontal\" data-text=\"Renacimiento Maya impulsa el turismo regional desde el oriente de Yucat\u00e1n\u00a0\" data-via=\"https:\/\/twitter.com\/VertienteGloba1\" data-url=\"http:\/\/vertienteglobal.com\/?p=248496\" data-lang=\"es\" data-related=\"Informaci\u00f3n general:S\u00edguenos para que est\u00e9ss informado\"><\/a><\/div>\n<figure class=\"wp-block-image size-full\"><img loading=\"lazy\" decoding=\"async\" width=\"512\" height=\"341\" src=\"http:\/\/vertienteglobal.com\/wp-content\/uploads\/2025\/11\/1000798918.jpg\" alt=\"\" class=\"wp-image-248497\" srcset=\"http:\/\/vertienteglobal.com\/wp-content\/uploads\/2025\/11\/1000798918.jpg 512w, http:\/\/vertienteglobal.com\/wp-content\/uploads\/2025\/11\/1000798918-300x200.jpg 300w, http:\/\/vertienteglobal.com\/wp-content\/uploads\/2025\/11\/1000798918-150x100.jpg 150w\" sizes=\"auto, (max-width: 512px) 100vw, 512px\" \/><\/figure>\n\n\n\n<p>(Redacci\u00f3n)<\/p>\n\n\n\n<p><em>Con nueve rutas, la iniciativa motiva a que m\u00e1s habitantes y residentes redescubran el estado, disfruten su patrimonio y dinamicen la econom\u00eda de las comunidades partiendo de Valladolid<\/em><\/p>\n\n\n\n<p>Valladolid, Yucat\u00e1n, a 20 de noviembre de 2025.-Con motivo del pr\u00f3ximo periodo vacacional de invierno, la Secretar\u00eda de Fomento Tur\u00edstico (Sefotur) present\u00f3 en Valladolid la campa\u00f1a regional \u201cConociendo Yucat\u00e1n, desde Valladolid\u201d, una estrategia que invita a quienes viven en el estado a disfrutar los atractivos naturales, as\u00ed como la riqueza cultural y gastron\u00f3mica del territorio yucateco, tomando como punto de partida este Pueblo M\u00e1gico.<br>\u00a0<br>Ante representantes del sector hotelero, restaurantero, autoridades municipales y medios de comunicaci\u00f3n, el titular de la Sefotur, Dar\u00edo Flota Ocampo, explic\u00f3 que esta campa\u00f1a surge por iniciativa del Gobernador Joaqu\u00edn D\u00edaz Mena, quien ha establecido como prioridad en el Plan Estatal de Desarrollo el impulso del turismo regional, con el prop\u00f3sito de llevar beneficios econ\u00f3micos y sociales a cada municipio y comunidad.<br>\u00a0<br>Durante su mensaje, el funcionario subray\u00f3 que Valladolid y sus municipios vecinos cuentan con las condiciones para consolidarse como un punto estrat\u00e9gico para explorar el oriente del estado.<br>\u00a0<br>Record\u00f3 que esta zona dispone de 99 hoteles y 1,729 habitaciones, adem\u00e1s de una amplia oferta gastron\u00f3mica, artesanal, cultural y de naturaleza que permite a las y los visitantes crear experiencias integrales durante su estancia.<br>\u00a0<br>La campa\u00f1a \u201cConociendo Yucat\u00e1n\u201d integra nueve rutas tem\u00e1ticas que articulan cenotes, zonas arqueol\u00f3gicas, cultura viva, turismo comunitario, gastronom\u00eda, aventura y atractivos naturales: Cenotes de X-Can, Turismo Comunitario, Saz\u00f3n Tradicional, Aventura en Valladolid, Ecos Bajo Tierra, Traves\u00eda Ancestral, Costa Oriente, Maravillas del Mundo Maya e Historia y Color. Cada ruta busca promover circuitos completos que generen derrama econ\u00f3mica m\u00e1s equilibrada en la regi\u00f3n.<br>\u00a0<br>Flota Ocampo invit\u00f3 a las y los asistentes, as\u00ed como al p\u00fablico en general, a consultar estas rutas en la plataforma Yucat\u00e1n Travel, disponible en la p\u00e1gina\u00a0www.yucatan.travel, donde cada persona puede dise\u00f1ar su propio itinerario de actividades y recorridos en la secci\u00f3n \u201cRegiones\u201d.<br>\u00a0<br>Como parte de la jornada, previamente se llev\u00f3 a cabo el brochazo inicial del programa \u201cRutas M\u00e1gicas de Color\u201d, iniciativa que busca dignificar los espacios urbanos, fortalecer la identidad cultural y enriquecer la experiencia tur\u00edstica mediante la intervenci\u00f3n art\u00edstica de fachadas tradicionales.<br>\u00a0<br>En esta primera etapa, Valladolid contar\u00e1 con la restauraci\u00f3n de 8,000 metros cuadrados de arquitectura colonial, en un esfuerzo conjunto entre la Secretar\u00eda de Turismo del Gobierno de M\u00e9xico, el Gobierno del Estado a trav\u00e9s de Sefotur, el Ayuntamiento de Valladolid, la empresa Comex y la asociaci\u00f3n civil Coraz\u00f3n Urbano, con la participaci\u00f3n activa de la comunidad.<br>\u00a0<br>El titular de Sefotur resalt\u00f3 que este proyecto representa mucho m\u00e1s que pintar fachadas, pues simboliza colaboraci\u00f3n, trabajo en equipo y la convicci\u00f3n de que el turismo debe transformar positivamente la vida de quienes habitan los destinos.<br>\u00a0<br>Se\u00f1al\u00f3 que la suma de esfuerzos entre gobierno, iniciativa privada y sociedad refuerza el sentido de pertenencia y mejora la imagen urbana en beneficio de quienes visitan y de quienes viven en Valladolid.<br>\u00a0<br>En el pres\u00eddium estuvieron el presidente municipal de Valladolid, Homero Novelo Burgos; el presidente del Consejo Coordinador Empresarial del municipio, Manuel Navarrete Correa; el presidente de la Asociaci\u00f3n de Hoteles y Hostales de la demarcaci\u00f3n, V\u00edctor S\u00e1nchez Gonz\u00e1lez; as\u00ed como la subsecretaria de Promoci\u00f3n Tur\u00edstica, Elizabeth Cole Guerrero, y el subsecretario de Desarrollo Tur\u00edstico Sustentable, Ra\u00fal Alejandro Paz Noriega, respectivamente, ambos de la Sefotur.<br><\/p>\n\n\n\n<figure class=\"wp-block-image size-full\"><img loading=\"lazy\" decoding=\"async\" width=\"512\" height=\"341\" src=\"http:\/\/vertienteglobal.com\/wp-content\/uploads\/2025\/11\/1000798916.jpg\" alt=\"\" class=\"wp-image-248498\" srcset=\"http:\/\/vertienteglobal.com\/wp-content\/uploads\/2025\/11\/1000798916.jpg 512w, http:\/\/vertienteglobal.com\/wp-content\/uploads\/2025\/11\/1000798916-300x200.jpg 300w, http:\/\/vertienteglobal.com\/wp-content\/uploads\/2025\/11\/1000798916-150x100.jpg 150w\" sizes=\"auto, (max-width: 512px) 100vw, 512px\" \/><\/figure>\n\n\n\n<figure class=\"wp-block-image size-full\"><img loading=\"lazy\" decoding=\"async\" width=\"512\" height=\"341\" src=\"http:\/\/vertienteglobal.com\/wp-content\/uploads\/2025\/11\/1000798917.jpg\" alt=\"\" class=\"wp-image-248499\" srcset=\"http:\/\/vertienteglobal.com\/wp-content\/uploads\/2025\/11\/1000798917.jpg 512w, http:\/\/vertienteglobal.com\/wp-content\/uploads\/2025\/11\/1000798917-300x200.jpg 300w, http:\/\/vertienteglobal.com\/wp-content\/uploads\/2025\/11\/1000798917-150x100.jpg 150w\" sizes=\"auto, (max-width: 512px) 100vw, 512px\" \/><\/figure>\n","protected":false},"excerpt":{"rendered":"<p>(Redacci\u00f3n) Con nueve rutas, la iniciativa motiva a que m\u00e1s habitantes y residentes redescubran el estado, disfruten su patrimonio y dinamicen la econom\u00eda de las comunidades partiendo de Valladolid Valladolid, Yucat\u00e1n, a 20 de noviembre de 2025.-Con motivo del pr\u00f3ximo periodo vacacional de invierno, la Secretar\u00eda de Fomento Tur\u00edstico (Sefotur) present\u00f3 en Valladolid la campa\u00f1a [&hellip;]<\/p>\n","protected":false},"author":6,"featured_media":248497,"comment_status":"open","ping_status":"open","sticky":false,"template":"","format":"standard","meta":{"footnotes":""},"categories":[2],"tags":[],"class_list":["post-248496","post","type-post","status-publish","format-standard","has-post-thumbnail","hentry","category-yucatan","entry","has-media"],"jetpack_featured_media_url":"http:\/\/vertienteglobal.com\/wp-content\/uploads\/2025\/11\/1000798918.jpg","_links":{"self":[{"href":"http:\/\/vertienteglobal.com\/index.php?rest_route=\/wp\/v2\/posts\/248496","targetHints":{"allow":["GET"]}}],"collection":[{"href":"http:\/\/vertienteglobal.com\/index.php?rest_route=\/wp\/v2\/posts"}],"about":[{"href":"http:\/\/vertienteglobal.com\/index.php?rest_route=\/wp\/v2\/types\/post"}],"author":[{"embeddable":true,"href":"http:\/\/vertienteglobal.com\/index.php?rest_route=\/wp\/v2\/users\/6"}],"replies":[{"embeddable":true,"href":"http:\/\/vertienteglobal.com\/index.php?rest_route=%2Fwp%2Fv2%2Fcomments&post=248496"}],"version-history":[{"count":1,"href":"http:\/\/vertienteglobal.com\/index.php?rest_route=\/wp\/v2\/posts\/248496\/revisions"}],"predecessor-version":[{"id":248500,"href":"http:\/\/vertienteglobal.com\/index.php?rest_route=\/wp\/v2\/posts\/248496\/revisions\/248500"}],"wp:featuredmedia":[{"embeddable":true,"href":"http:\/\/vertienteglobal.com\/index.php?rest_route=\/wp\/v2\/media\/248497"}],"wp:attachment":[{"href":"http:\/\/vertienteglobal.com\/index.php?rest_route=%2Fwp%2Fv2%2Fmedia&parent=248496"}],"wp:term":[{"taxonomy":"category","embeddable":true,"href":"http:\/\/vertienteglobal.com\/index.php?rest_route=%2Fwp%2Fv2%2Fcategories&post=248496"},{"taxonomy":"post_tag","embeddable":true,"href":"http:\/\/vertienteglobal.com\/index.php?rest_route=%2Fwp%2Fv2%2Ftags&post=248496"}],"curies":[{"name":"wp","href":"https:\/\/api.w.org\/{rel}","templated":true}]}}