{"id":248489,"date":"2025-11-20T10:24:00","date_gmt":"2025-11-20T16:24:00","guid":{"rendered":"http:\/\/vertienteglobal.com\/?p=248489"},"modified":"2025-11-23T05:32:07","modified_gmt":"2025-11-23T11:32:07","slug":"aparatos-de-movilidad-siguen-transformando-vidas-en-yucatan","status":"publish","type":"post","link":"http:\/\/vertienteglobal.com\/?p=248489","title":{"rendered":"Aparatos de movilidad siguen transformando vidas en Yucat\u00e1n\u00a0"},"content":{"rendered":"\n<div class=\"twitterbutton\" style=\"float: right; padding-left: 5px;\"><a href=\"http:\/\/twitter.com\/share\" class=\"twitter-share-button\" data-count=\"horizontal\" data-text=\"Aparatos de movilidad siguen transformando vidas en Yucat\u00e1n\u00a0\" data-via=\"https:\/\/twitter.com\/VertienteGloba1\" data-url=\"http:\/\/vertienteglobal.com\/?p=248489\" data-lang=\"es\" data-related=\"Informaci\u00f3n general:S\u00edguenos para que est\u00e9ss informado\"><\/a><\/div>\n<figure class=\"wp-block-image size-full\"><img loading=\"lazy\" decoding=\"async\" width=\"640\" height=\"426\" src=\"http:\/\/vertienteglobal.com\/wp-content\/uploads\/2025\/11\/1000798908.jpg\" alt=\"\" class=\"wp-image-248490\" srcset=\"http:\/\/vertienteglobal.com\/wp-content\/uploads\/2025\/11\/1000798908.jpg 640w, http:\/\/vertienteglobal.com\/wp-content\/uploads\/2025\/11\/1000798908-300x200.jpg 300w, http:\/\/vertienteglobal.com\/wp-content\/uploads\/2025\/11\/1000798908-150x100.jpg 150w\" sizes=\"auto, (max-width: 640px) 100vw, 640px\" \/><\/figure>\n\n\n\n<p>(Redacci\u00f3n)<\/p>\n\n\n\n<p><em>El DIF Yucat\u00e1n y la Beneficencia P\u00fablica fortalecen la autonom\u00eda, dignidad y bienestar de las familias a trav\u00e9s de la Jornada de Entrega de Aparatos Funcionales<\/em><\/p>\n\n\n\n<p>M\u00e9rida, Yucat\u00e1n,20 de noviembre 2025.-Para Luis Felipe Ruiz, la llegada de una silla de ruedas para su suegra, Mar\u00eda Luciana Estrella, de 86 a\u00f1os, representa un cambio significativo en la din\u00e1mica diaria de su familia, ya que la mujer no puede subir ni bajar con facilidad por la entrada elevada de su vivienda y cada desplazamiento requiere un esfuerzo considerable.<br>\u00a0<br>Con el apoyo recibido, la familia cuenta ahora con una herramienta que facilitar\u00e1 sus cuidados, su movilidad y su seguridad. \u201cMi suegra tiene muchos problemas para caminar, y con esta silla podremos moverla mejor, ayudarla a salir y evitar riesgos. Para nosotros es una ayuda muy valiosa\u201d, comparti\u00f3 Luis Felipe.<br>\u00a0<br>Su experiencia refleja la realidad de cientos de familias en Yucat\u00e1n que han recibido un aparato de movilidad a trav\u00e9s del Sistema para el Desarrollo Integral de la Familia (DIF) Yucat\u00e1n, en coordinaci\u00f3n con la Beneficencia P\u00fablica Federal y Estatal.<br>\u00a0<br>Como parte de la Jornada Estatal, se han entregado 1,174 apoyos, entre sillas de ruedas, bastones, muletas, andaderas y sillas PCA y PCI.<br>\u00a0<br>La jornada en Acanceh estuvo encabezada por la Presidenta Honoraria del DIF Yucat\u00e1n, Mtra. Wendy Yamile M\u00e9ndez Naal, quien convivi\u00f3 con las personas beneficiarias y subray\u00f3 la importancia de estas acciones para fortalecer el bienestar de las familias yucatecas.<br>\u00a0<br>\u201cUna silla de ruedas o un bast\u00f3n puede parecer algo peque\u00f1o, pero para una persona que lo necesita significa recuperar autonom\u00eda, salir de casa, visitar a su familia, ir al m\u00e9dico y volver a sentirse parte de su comunidad. En Yucat\u00e1n trabajamos para llegar hasta donde est\u00e1n las necesidades, como lo instruy\u00f3 el Gobernador Joaqu\u00edn D\u00edaz Mena. Este es un gobierno humano, cercano y de territorio\u201d, expres\u00f3.<br>\u00a0<br>Las entregas han llegado a los municipios de M\u00e9rida, Kanas\u00edn, Progreso, Conkal, Celest\u00fan, Hunucm\u00e1, Kinchil, Samahil, Tetiz, Uc\u00fa, Halach\u00f3, Maxcan\u00fa, Opich\u00e9n, Abal\u00e1, Kopom\u00e1, Um\u00e1n, Baca, Cansahcab, Chicxulub Pueblo, Dzemul, Ixil, Mococh\u00e1, Motul, Suma, Telchac Pueblo, Telchac Puerto, Yaxkukul, Yoba\u00edn, Acanceh, Cuzam\u00e1, Sey\u00e9, Tecoh, Tekit, Timucuy, Hocab\u00e1, Sanahcat, Tahmek, Xocchel, Yaxcab\u00e1, Hoct\u00fan, Sotuta, Hom\u00fan, Huh\u00ed, Tekax, Akil y Cantamayec, integrando un esfuerzo amplio y sostenido en el territorio.<br>\u00a0<br>La Presidenta Honoraria reconoci\u00f3 tambi\u00e9n el esfuerzo coordinado entre los tres \u00f3rdenes de gobierno y, especialmente, el compromiso de las presidentas y directoras de los DIF municipales, quienes son el primer enlace con las familias y realizan la gesti\u00f3n directa para que cada apoyo llegue a manos de quien realmente lo requiere.<br>\u00a0<br>Asimismo, destac\u00f3 que el reciente arribo a Yucat\u00e1n de m\u00e1s de 2,200 aparatos de movilidad, gestionados ante la Beneficencia P\u00fablica, permitir\u00e1 continuar con estas entregas en las siguientes semanas hasta completar la distribuci\u00f3n en todo el estado.<br>\u00a0<br>\u201cCada apoyo es una oportunidad para renacer con esperanza. Seguiremos recorriendo los municipios, verificando que los aparatos lleguen en buenas condiciones y asegur\u00e1ndonos de que cada familia que los necesita reciba uno. El bienestar es un derecho, y en Yucat\u00e1n lo estamos garantizando con hechos\u201d, afirm\u00f3.<br>\u00a0<br>Con estas acciones, el Gobierno del Estado y el DIF Yucat\u00e1n reafirman su compromiso de construir un estado m\u00e1s inclusivo y solidario, donde todas las personas, en especial las adultas mayores y quienes viven con discapacidad, cuenten con herramientas para vivir con dignidad y autonom\u00eda.<\/p>\n\n\n\n<figure class=\"wp-block-image size-full\"><img loading=\"lazy\" decoding=\"async\" width=\"640\" height=\"430\" src=\"http:\/\/vertienteglobal.com\/wp-content\/uploads\/2025\/11\/1000798909.jpg\" alt=\"\" class=\"wp-image-248491\" srcset=\"http:\/\/vertienteglobal.com\/wp-content\/uploads\/2025\/11\/1000798909.jpg 640w, http:\/\/vertienteglobal.com\/wp-content\/uploads\/2025\/11\/1000798909-300x202.jpg 300w, http:\/\/vertienteglobal.com\/wp-content\/uploads\/2025\/11\/1000798909-150x101.jpg 150w\" sizes=\"auto, (max-width: 640px) 100vw, 640px\" \/><\/figure>\n\n\n\n<figure class=\"wp-block-image size-full\"><img loading=\"lazy\" decoding=\"async\" width=\"640\" height=\"426\" src=\"http:\/\/vertienteglobal.com\/wp-content\/uploads\/2025\/11\/1000798910.jpg\" alt=\"\" class=\"wp-image-248492\" srcset=\"http:\/\/vertienteglobal.com\/wp-content\/uploads\/2025\/11\/1000798910.jpg 640w, http:\/\/vertienteglobal.com\/wp-content\/uploads\/2025\/11\/1000798910-300x200.jpg 300w, http:\/\/vertienteglobal.com\/wp-content\/uploads\/2025\/11\/1000798910-150x100.jpg 150w\" sizes=\"auto, (max-width: 640px) 100vw, 640px\" \/><\/figure>\n\n\n\n<figure class=\"wp-block-image size-full\"><img loading=\"lazy\" decoding=\"async\" width=\"640\" height=\"446\" src=\"http:\/\/vertienteglobal.com\/wp-content\/uploads\/2025\/11\/1000798912.jpg\" alt=\"\" class=\"wp-image-248493\" srcset=\"http:\/\/vertienteglobal.com\/wp-content\/uploads\/2025\/11\/1000798912.jpg 640w, http:\/\/vertienteglobal.com\/wp-content\/uploads\/2025\/11\/1000798912-300x209.jpg 300w, http:\/\/vertienteglobal.com\/wp-content\/uploads\/2025\/11\/1000798912-150x105.jpg 150w\" sizes=\"auto, (max-width: 640px) 100vw, 640px\" \/><\/figure>\n\n\n\n<figure class=\"wp-block-image size-full\"><img loading=\"lazy\" decoding=\"async\" width=\"640\" height=\"426\" src=\"http:\/\/vertienteglobal.com\/wp-content\/uploads\/2025\/11\/1000798911.jpg\" alt=\"\" class=\"wp-image-248494\" srcset=\"http:\/\/vertienteglobal.com\/wp-content\/uploads\/2025\/11\/1000798911.jpg 640w, http:\/\/vertienteglobal.com\/wp-content\/uploads\/2025\/11\/1000798911-300x200.jpg 300w, http:\/\/vertienteglobal.com\/wp-content\/uploads\/2025\/11\/1000798911-150x100.jpg 150w\" sizes=\"auto, (max-width: 640px) 100vw, 640px\" \/><\/figure>\n","protected":false},"excerpt":{"rendered":"<p>(Redacci\u00f3n) El DIF Yucat\u00e1n y la Beneficencia P\u00fablica fortalecen la autonom\u00eda, dignidad y bienestar de las familias a trav\u00e9s de la Jornada de Entrega de Aparatos Funcionales M\u00e9rida, Yucat\u00e1n,20 de noviembre 2025.-Para Luis Felipe Ruiz, la llegada de una silla de ruedas para su suegra, Mar\u00eda Luciana Estrella, de 86 a\u00f1os, representa un cambio significativo [&hellip;]<\/p>\n","protected":false},"author":6,"featured_media":248490,"comment_status":"open","ping_status":"open","sticky":false,"template":"","format":"standard","meta":{"footnotes":""},"categories":[2],"tags":[],"class_list":["post-248489","post","type-post","status-publish","format-standard","has-post-thumbnail","hentry","category-yucatan","entry","has-media"],"jetpack_featured_media_url":"http:\/\/vertienteglobal.com\/wp-content\/uploads\/2025\/11\/1000798908.jpg","_links":{"self":[{"href":"http:\/\/vertienteglobal.com\/index.php?rest_route=\/wp\/v2\/posts\/248489","targetHints":{"allow":["GET"]}}],"collection":[{"href":"http:\/\/vertienteglobal.com\/index.php?rest_route=\/wp\/v2\/posts"}],"about":[{"href":"http:\/\/vertienteglobal.com\/index.php?rest_route=\/wp\/v2\/types\/post"}],"author":[{"embeddable":true,"href":"http:\/\/vertienteglobal.com\/index.php?rest_route=\/wp\/v2\/users\/6"}],"replies":[{"embeddable":true,"href":"http:\/\/vertienteglobal.com\/index.php?rest_route=%2Fwp%2Fv2%2Fcomments&post=248489"}],"version-history":[{"count":1,"href":"http:\/\/vertienteglobal.com\/index.php?rest_route=\/wp\/v2\/posts\/248489\/revisions"}],"predecessor-version":[{"id":248495,"href":"http:\/\/vertienteglobal.com\/index.php?rest_route=\/wp\/v2\/posts\/248489\/revisions\/248495"}],"wp:featuredmedia":[{"embeddable":true,"href":"http:\/\/vertienteglobal.com\/index.php?rest_route=\/wp\/v2\/media\/248490"}],"wp:attachment":[{"href":"http:\/\/vertienteglobal.com\/index.php?rest_route=%2Fwp%2Fv2%2Fmedia&parent=248489"}],"wp:term":[{"taxonomy":"category","embeddable":true,"href":"http:\/\/vertienteglobal.com\/index.php?rest_route=%2Fwp%2Fv2%2Fcategories&post=248489"},{"taxonomy":"post_tag","embeddable":true,"href":"http:\/\/vertienteglobal.com\/index.php?rest_route=%2Fwp%2Fv2%2Ftags&post=248489"}],"curies":[{"name":"wp","href":"https:\/\/api.w.org\/{rel}","templated":true}]}}