{"id":248359,"date":"2025-11-16T06:54:00","date_gmt":"2025-11-16T12:54:00","guid":{"rendered":"http:\/\/vertienteglobal.com\/?p=248359"},"modified":"2025-11-16T21:38:57","modified_gmt":"2025-11-17T03:38:57","slug":"por-frentes-frios-se-registran-temperaturas-de-hasta-2-grados-en-zona-montanosa-de-veracruz","status":"publish","type":"post","link":"http:\/\/vertienteglobal.com\/?p=248359","title":{"rendered":"Por frentes fr\u00edos, se registran temperaturas de hasta -2 grados en zona monta\u00f1osa de Veracruz"},"content":{"rendered":"\n<div class=\"twitterbutton\" style=\"float: right; padding-left: 5px;\"><a href=\"http:\/\/twitter.com\/share\" class=\"twitter-share-button\" data-count=\"horizontal\" data-text=\"Por frentes fr\u00edos, se registran temperaturas de hasta -2 grados en zona monta\u00f1...\" data-via=\"https:\/\/twitter.com\/VertienteGloba1\" data-url=\"http:\/\/vertienteglobal.com\/?p=248359\" data-lang=\"es\" data-related=\"Informaci\u00f3n general:S\u00edguenos para que est\u00e9ss informado\"><\/a><\/div>\n<figure class=\"wp-block-image size-full\"><img loading=\"lazy\" decoding=\"async\" width=\"1024\" height=\"683\" src=\"http:\/\/vertienteglobal.com\/wp-content\/uploads\/2025\/11\/1000781689.webp\" alt=\"\" class=\"wp-image-248360\" srcset=\"http:\/\/vertienteglobal.com\/wp-content\/uploads\/2025\/11\/1000781689.webp 1024w, http:\/\/vertienteglobal.com\/wp-content\/uploads\/2025\/11\/1000781689-300x200.webp 300w, http:\/\/vertienteglobal.com\/wp-content\/uploads\/2025\/11\/1000781689-150x100.webp 150w, http:\/\/vertienteglobal.com\/wp-content\/uploads\/2025\/11\/1000781689-768x512.webp 768w\" sizes=\"auto, (max-width: 1024px) 100vw, 1024px\" \/><\/figure>\n\n\n\n<p>(Redacci\u00f3n)<\/p>\n\n\n\n<p>Luna Lagunes detall\u00f3 que en Xalapa se observaron valores bajos. La estaci\u00f3n del Seminario marc\u00f3 5.6 grados y el punto de observaci\u00f3n ubicado en el vel\u00f3dromo registr\u00f3 7.9 grados<\/p>\n\n\n\n<p>Perote, Veracruz,16 de noviembre de 2025.-Las temperaturas m\u00e1s bajas de la temporada se registraron en municipios de la zona monta\u00f1osa central. En Las Vigas de Ram\u00edrez y en Zalayeta, localidad de Perote, el term\u00f3metro descendi\u00f3 a \u20132 grados Celsius, inform\u00f3 la jefa de Hidrometeorolog\u00eda de la Conagua, Jessica Luna Lagunes.<\/p>\n\n\n\n<p>Y es que en la cabecera municipal de Perote se report\u00f3 una m\u00ednima de \u20131.5 grados, mientras que en Acatl\u00e1n y La Joya las temperaturas rondaron los 1.5 grados.<\/p>\n\n\n\n<p>Luna Lagunes detall\u00f3 que en Xalapa se observaron valores bajos. La estaci\u00f3n del Seminario marc\u00f3 5.6 grados y el punto de observaci\u00f3n ubicado en el vel\u00f3dromo registr\u00f3 7.9 grados.<\/p>\n\n\n\n<p>Durante tres d\u00edas consecutivos se reportaron heladas en municipios del Cofre de Perote, as\u00ed como en \u00e1reas cercanas al Pico de Orizaba, la sierra de Zongolica y la zona de Huayacocotla.<\/p>\n\n\n\n<p>La especialista indic\u00f3 que los valores m\u00e1s significativos coinciden con el paso de los sistemas frontales recientes.<\/p>\n\n\n\n<p>Hasta el 15 de noviembre se han contabilizado 13 frentes fr\u00edos: cuatro en septiembre, siete en octubre y dos en noviembre.<\/p>\n\n\n\n<p>Los dos m\u00e1s recientes provocaron fuertes eventos de norte en el litoral veracruzano y un descenso marcado en la temperatura. En particular, el frente fr\u00edo n\u00famero 12 gener\u00f3 rachas intensas en la costa.<\/p>\n\n\n\n<p>El pron\u00f3stico se\u00f1ala que en noviembre podr\u00edan presentarse seis frentes fr\u00edos en total. Con solo dos registrados hasta ahora, a\u00fan podr\u00edan ocurrir cuatro m\u00e1s en las pr\u00f3ximas semanas.<\/p>\n\n\n\n<p>Luna Lagunes explic\u00f3 que estas cifras corresponden al comportamiento t\u00edpico de la temporada invernal en Veracruz, aunque cada sistema puede tener impactos distintos dependiendo de la masa de aire que lo acompa\u00f1a.(Fuente:Agencias\/XEU)<\/p>\n","protected":false},"excerpt":{"rendered":"<p>(Redacci\u00f3n) Luna Lagunes detall\u00f3 que en Xalapa se observaron valores bajos. La estaci\u00f3n del Seminario marc\u00f3 5.6 grados y el punto de observaci\u00f3n ubicado en el vel\u00f3dromo registr\u00f3 7.9 grados Perote, Veracruz,16 de noviembre de 2025.-Las temperaturas m\u00e1s bajas de la temporada se registraron en municipios de la zona monta\u00f1osa central. En Las Vigas de [&hellip;]<\/p>\n","protected":false},"author":6,"featured_media":248360,"comment_status":"open","ping_status":"open","sticky":false,"template":"","format":"standard","meta":{"footnotes":""},"categories":[7],"tags":[],"class_list":["post-248359","post","type-post","status-publish","format-standard","has-post-thumbnail","hentry","category-veracruz","entry","has-media"],"jetpack_featured_media_url":"http:\/\/vertienteglobal.com\/wp-content\/uploads\/2025\/11\/1000781689.webp","_links":{"self":[{"href":"http:\/\/vertienteglobal.com\/index.php?rest_route=\/wp\/v2\/posts\/248359","targetHints":{"allow":["GET"]}}],"collection":[{"href":"http:\/\/vertienteglobal.com\/index.php?rest_route=\/wp\/v2\/posts"}],"about":[{"href":"http:\/\/vertienteglobal.com\/index.php?rest_route=\/wp\/v2\/types\/post"}],"author":[{"embeddable":true,"href":"http:\/\/vertienteglobal.com\/index.php?rest_route=\/wp\/v2\/users\/6"}],"replies":[{"embeddable":true,"href":"http:\/\/vertienteglobal.com\/index.php?rest_route=%2Fwp%2Fv2%2Fcomments&post=248359"}],"version-history":[{"count":1,"href":"http:\/\/vertienteglobal.com\/index.php?rest_route=\/wp\/v2\/posts\/248359\/revisions"}],"predecessor-version":[{"id":248361,"href":"http:\/\/vertienteglobal.com\/index.php?rest_route=\/wp\/v2\/posts\/248359\/revisions\/248361"}],"wp:featuredmedia":[{"embeddable":true,"href":"http:\/\/vertienteglobal.com\/index.php?rest_route=\/wp\/v2\/media\/248360"}],"wp:attachment":[{"href":"http:\/\/vertienteglobal.com\/index.php?rest_route=%2Fwp%2Fv2%2Fmedia&parent=248359"}],"wp:term":[{"taxonomy":"category","embeddable":true,"href":"http:\/\/vertienteglobal.com\/index.php?rest_route=%2Fwp%2Fv2%2Fcategories&post=248359"},{"taxonomy":"post_tag","embeddable":true,"href":"http:\/\/vertienteglobal.com\/index.php?rest_route=%2Fwp%2Fv2%2Ftags&post=248359"}],"curies":[{"name":"wp","href":"https:\/\/api.w.org\/{rel}","templated":true}]}}