{"id":248107,"date":"2025-11-13T15:09:00","date_gmt":"2025-11-13T21:09:00","guid":{"rendered":"http:\/\/vertienteglobal.com\/?p=248107"},"modified":"2025-11-14T07:00:17","modified_gmt":"2025-11-14T13:00:17","slug":"llega-harfuch-a-uruapan-para-supervisar-plan-michoacan","status":"publish","type":"post","link":"http:\/\/vertienteglobal.com\/?p=248107","title":{"rendered":"Llega Harfuch a Uruapan para supervisar Plan Michoac\u00e1n"},"content":{"rendered":"\n<div class=\"twitterbutton\" style=\"float: right; padding-left: 5px;\"><a href=\"http:\/\/twitter.com\/share\" class=\"twitter-share-button\" data-count=\"horizontal\" data-text=\"Llega Harfuch a Uruapan para supervisar Plan Michoac\u00e1n\" data-via=\"https:\/\/twitter.com\/VertienteGloba1\" data-url=\"http:\/\/vertienteglobal.com\/?p=248107\" data-lang=\"es\" data-related=\"Informaci\u00f3n general:S\u00edguenos para que est\u00e9ss informado\"><\/a><\/div>\n<figure class=\"wp-block-image size-full\"><img loading=\"lazy\" decoding=\"async\" width=\"1024\" height=\"682\" src=\"http:\/\/vertienteglobal.com\/wp-content\/uploads\/2025\/11\/1000773830.webp\" alt=\"\" class=\"wp-image-248108\" srcset=\"http:\/\/vertienteglobal.com\/wp-content\/uploads\/2025\/11\/1000773830.webp 1024w, http:\/\/vertienteglobal.com\/wp-content\/uploads\/2025\/11\/1000773830-300x200.webp 300w, http:\/\/vertienteglobal.com\/wp-content\/uploads\/2025\/11\/1000773830-150x100.webp 150w, http:\/\/vertienteglobal.com\/wp-content\/uploads\/2025\/11\/1000773830-768x512.webp 768w\" sizes=\"auto, (max-width: 1024px) 100vw, 1024px\" \/><\/figure>\n\n\n\n<p>(Redacci\u00f3n)<\/p>\n\n\n\n<p>Garc\u00eda Harfuch y Trevilla recorrieron las calles de Uruapan a bordo de una camioneta militar, pasaron revista en al menos ocho retenes y dialogaron con personal de la Guardia Nacional y del Ej\u00e9rcito<\/p>\n\n\n\n<p>Uruapan, Michoac\u00e1n 13 de noviembre de 2025.-El secretario de Seguridad y Protecci\u00f3n Ciudadana, Omar Garc\u00eda Harfuch, y el titular de la Secretar\u00eda de la Defensa Nacional, general Ricardo Trevilla Trejo, visitaron Uruapan para supervisar acciones de seguridad tras el asesinato del exalcalde Carlos Manzo.<\/p>\n\n\n\n<p>Los funcionarios llegaron a Morelia en un helic\u00f3ptero de la Fuerza A\u00e9rea Mexicana y sostuvieron una reuni\u00f3n de m\u00e1s de dos horas en la 21 Zona Militar, junto con el gobernador Alfredo Ram\u00edrez Bedolla y el jefe de la Oficina de la Presidencia, L\u00e1zaro C\u00e1rdenas Batel.<\/p>\n\n\n\n<p>M\u00e1s tarde, Garc\u00eda Harfuch y Trevilla recorrieron las calles de Uruapan a bordo de una camioneta militar, pasaron revista en al menos ocho retenes y dialogaron con personal de la Guardia Nacional y del Ej\u00e9rcito.<\/p>\n\n\n\n<p>Durante el recorrido, habitantes manifestaron su respaldo a la presencia federal y pidieron que los operativos se mantuvieran de forma permanente ante la violencia y la extorsi\u00f3n en la regi\u00f3n.<\/p>\n\n\n\n<p>El gobernador Ram\u00edrez Bedolla inform\u00f3 que en el encuentro en Morelia revisaron la estrategia de prevenci\u00f3n del delito dentro del Plan Michoac\u00e1n y reconoci\u00f3 el apoyo del gobierno federal en el reforzamiento de la seguridad estatal.(Fuente: Quadratin Michoac\u00e1n)<\/p>\n","protected":false},"excerpt":{"rendered":"<p>(Redacci\u00f3n) Garc\u00eda Harfuch y Trevilla recorrieron las calles de Uruapan a bordo de una camioneta militar, pasaron revista en al menos ocho retenes y dialogaron con personal de la Guardia Nacional y del Ej\u00e9rcito Uruapan, Michoac\u00e1n 13 de noviembre de 2025.-El secretario de Seguridad y Protecci\u00f3n Ciudadana, Omar Garc\u00eda Harfuch, y el titular de la [&hellip;]<\/p>\n","protected":false},"author":6,"featured_media":248108,"comment_status":"open","ping_status":"open","sticky":false,"template":"","format":"standard","meta":{"footnotes":""},"categories":[8],"tags":[],"class_list":["post-248107","post","type-post","status-publish","format-standard","has-post-thumbnail","hentry","category-pais","entry","has-media"],"jetpack_featured_media_url":"http:\/\/vertienteglobal.com\/wp-content\/uploads\/2025\/11\/1000773830.webp","_links":{"self":[{"href":"http:\/\/vertienteglobal.com\/index.php?rest_route=\/wp\/v2\/posts\/248107","targetHints":{"allow":["GET"]}}],"collection":[{"href":"http:\/\/vertienteglobal.com\/index.php?rest_route=\/wp\/v2\/posts"}],"about":[{"href":"http:\/\/vertienteglobal.com\/index.php?rest_route=\/wp\/v2\/types\/post"}],"author":[{"embeddable":true,"href":"http:\/\/vertienteglobal.com\/index.php?rest_route=\/wp\/v2\/users\/6"}],"replies":[{"embeddable":true,"href":"http:\/\/vertienteglobal.com\/index.php?rest_route=%2Fwp%2Fv2%2Fcomments&post=248107"}],"version-history":[{"count":1,"href":"http:\/\/vertienteglobal.com\/index.php?rest_route=\/wp\/v2\/posts\/248107\/revisions"}],"predecessor-version":[{"id":248109,"href":"http:\/\/vertienteglobal.com\/index.php?rest_route=\/wp\/v2\/posts\/248107\/revisions\/248109"}],"wp:featuredmedia":[{"embeddable":true,"href":"http:\/\/vertienteglobal.com\/index.php?rest_route=\/wp\/v2\/media\/248108"}],"wp:attachment":[{"href":"http:\/\/vertienteglobal.com\/index.php?rest_route=%2Fwp%2Fv2%2Fmedia&parent=248107"}],"wp:term":[{"taxonomy":"category","embeddable":true,"href":"http:\/\/vertienteglobal.com\/index.php?rest_route=%2Fwp%2Fv2%2Fcategories&post=248107"},{"taxonomy":"post_tag","embeddable":true,"href":"http:\/\/vertienteglobal.com\/index.php?rest_route=%2Fwp%2Fv2%2Ftags&post=248107"}],"curies":[{"name":"wp","href":"https:\/\/api.w.org\/{rel}","templated":true}]}}