{"id":247664,"date":"2025-11-08T17:19:00","date_gmt":"2025-11-08T23:19:00","guid":{"rendered":"http:\/\/vertienteglobal.com\/?p=247664"},"modified":"2025-11-09T20:44:26","modified_gmt":"2025-11-10T02:44:26","slug":"participa-quintana-roo-en-reunion-nacional-de-contralores-estados-federacion","status":"publish","type":"post","link":"http:\/\/vertienteglobal.com\/?p=247664","title":{"rendered":"Participa Quintana Roo en Reuni\u00f3n Nacional de Contralores Estados\u2013Federaci\u00f3n"},"content":{"rendered":"\n<div class=\"twitterbutton\" style=\"float: right; padding-left: 5px;\"><a href=\"http:\/\/twitter.com\/share\" class=\"twitter-share-button\" data-count=\"horizontal\" data-text=\"Participa Quintana Roo en Reuni\u00f3n Nacional de Contralores Estados\u2013Federaci\u00f3n\" data-via=\"https:\/\/twitter.com\/VertienteGloba1\" data-url=\"http:\/\/vertienteglobal.com\/?p=247664\" data-lang=\"es\" data-related=\"Informaci\u00f3n general:S\u00edguenos para que est\u00e9ss informado\"><\/a><\/div>\n<figure class=\"wp-block-image size-full\"><img loading=\"lazy\" decoding=\"async\" width=\"576\" height=\"384\" src=\"http:\/\/vertienteglobal.com\/wp-content\/uploads\/2025\/11\/1000760070.jpg\" alt=\"\" class=\"wp-image-247665\" srcset=\"http:\/\/vertienteglobal.com\/wp-content\/uploads\/2025\/11\/1000760070.jpg 576w, http:\/\/vertienteglobal.com\/wp-content\/uploads\/2025\/11\/1000760070-300x200.jpg 300w, http:\/\/vertienteglobal.com\/wp-content\/uploads\/2025\/11\/1000760070-150x100.jpg 150w\" sizes=\"auto, (max-width: 576px) 100vw, 576px\" \/><\/figure>\n\n\n\n<p>(Redacci\u00f3n)<\/p>\n\n\n\n<p>Se presentaron los avances en proyectos que fortalecen la transparencia, la \u00e9tica y el combate a la corrupci\u00f3n<\/p>\n\n\n\n<p>M\u00e9rida, Yucat\u00e1n, 08 de noviembre, 2025.- Con una participaci\u00f3n destacada, Quintana Roo estuvo presente en la LXXV Reuni\u00f3n Nacional de la Comisi\u00f3n Permanente de Contralores Estados-Federaci\u00f3n, en la cual se presentaron los avances de los proyectos establecidos en el Plan Anual de Trabajo 2025.<\/p>\n\n\n\n<p>La secretaria Anticorrupci\u00f3n y Buen Gobierno, Reyna Arceo Rosado, destac\u00f3 que este encuentro es un espacio para el intercambio de buenas pr\u00e1cticas y casos de \u00e9xito entre los titulares de los \u00d3rganos Estatales de Control, con el objetivo de coordinar acciones para el fortalecimiento de la transparencia, la rendici\u00f3n de cuentas y el combate a la corrupci\u00f3n.<\/p>\n\n\n\n<p>Agreg\u00f3 que uno de los avances presentados por la Regi\u00f3n Sureste, que este a\u00f1o coordina el Estado de Campeche, corresponde a los trabajos desarrollados por Quintana Roo con el dise\u00f1o e implementaci\u00f3n del Sistema de Apoyos Agroalimentarios, Pesqueros y Acu\u00edcolas (SIAGROPESCA), el cual fue transferido al Estado de Oaxaca mediante la firma de un convenio de colaboraci\u00f3n celebrado el pasado 30 de octubre del presente a\u00f1o.<\/p>\n\n\n\n<p>La inauguraci\u00f3n oficial de esta jornada cont\u00f3 con la presencia de Raquel Buenrostro S\u00e1nchez, secretaria de la Funci\u00f3n P\u00fablica y presidenta de la CPCE-F; y del gobernador de Yucat\u00e1n, Joaqu\u00edn D\u00edaz Mena.<\/p>\n\n\n\n<p>El programa incluy\u00f3 conferencias magistrales y exposiciones de especialistas nacionales e internacionales, entre ellas la presentaci\u00f3n de Josh Winfrey, director ejecutivo de la Asociaci\u00f3n Nacional de Auditores, Contralores y Tesoreros Estatales (NASACT) de Estados Unidos, y la ponencia \u201cUna evaluaci\u00f3n actual del uso de la inteligencia artificial por parte de las oficinas de auditor\u00eda estatales en los Estados Unidos\u201d, a cargo de Scott Frank, director de Auditor\u00eda de Desempe\u00f1o y Tecnolog\u00edas de la Informaci\u00f3n de la Oficina del Auditor del Estado de Washington.<\/p>\n\n\n\n<p>Asimismo, se impartieron las conferencias \u201cAcciones de Buen Gobierno\u201d, por el Dr. Alejandro Encinas N\u00e1jera, subsecretario de Buen Gobierno de la Secretar\u00eda Anticorrupci\u00f3n y Buen Gobierno, y \u201cEvaluaci\u00f3n de Confianza para la Administraci\u00f3n P\u00fablica Federal\u201d, presentada por el Mtro. Edmar Iv\u00e1n Evangelista Meneses, director general de Evaluaci\u00f3n de Confianza de la misma dependencia.<\/p>\n\n\n\n<p>En el marco de esta reuni\u00f3n, tambi\u00e9n se llev\u00f3 a cabo la elecci\u00f3n de la Coordinaci\u00f3n Nacional 2026 de la CPCE-F, donde result\u00f3 elegida Alejandra Pani Barrag\u00e1n, secretaria de la Contralor\u00eda del Estado de Morelos.<\/p>\n\n\n\n<p>Con estas acciones, la Secretar\u00eda Anticorrupci\u00f3n y Buen Gobierno, en el marco del Nuevo Acuerdo por el Bienestar y Desarrollo de Quintana Roo, impulsado por la gobernadora Mara Lezama Espinosa, reafirma su compromiso de ser un referente a nivel nacional en el dise\u00f1o e implementaci\u00f3n de buenas pr\u00e1cticas para fortalecer la \u00e9tica p\u00fablica, la integridad y la colaboraci\u00f3n institucional, a fin de consolidar un servicio p\u00fablico transparente, responsable y cercano a la ciudadan\u00eda.<\/p>\n\n\n\n<figure class=\"wp-block-image size-full\"><img loading=\"lazy\" decoding=\"async\" width=\"576\" height=\"384\" src=\"http:\/\/vertienteglobal.com\/wp-content\/uploads\/2025\/11\/1000760071.jpg\" alt=\"\" class=\"wp-image-247666\" srcset=\"http:\/\/vertienteglobal.com\/wp-content\/uploads\/2025\/11\/1000760071.jpg 576w, http:\/\/vertienteglobal.com\/wp-content\/uploads\/2025\/11\/1000760071-300x200.jpg 300w, http:\/\/vertienteglobal.com\/wp-content\/uploads\/2025\/11\/1000760071-150x100.jpg 150w\" sizes=\"auto, (max-width: 576px) 100vw, 576px\" \/><\/figure>\n\n\n\n<figure class=\"wp-block-image size-full\"><img loading=\"lazy\" decoding=\"async\" width=\"576\" height=\"384\" src=\"http:\/\/vertienteglobal.com\/wp-content\/uploads\/2025\/11\/1000760072.jpg\" alt=\"\" class=\"wp-image-247667\" srcset=\"http:\/\/vertienteglobal.com\/wp-content\/uploads\/2025\/11\/1000760072.jpg 576w, http:\/\/vertienteglobal.com\/wp-content\/uploads\/2025\/11\/1000760072-300x200.jpg 300w, http:\/\/vertienteglobal.com\/wp-content\/uploads\/2025\/11\/1000760072-150x100.jpg 150w\" sizes=\"auto, (max-width: 576px) 100vw, 576px\" \/><\/figure>\n\n\n\n<figure class=\"wp-block-image size-full\"><img loading=\"lazy\" decoding=\"async\" width=\"576\" height=\"384\" src=\"http:\/\/vertienteglobal.com\/wp-content\/uploads\/2025\/11\/1000760073.jpg\" alt=\"\" class=\"wp-image-247668\" srcset=\"http:\/\/vertienteglobal.com\/wp-content\/uploads\/2025\/11\/1000760073.jpg 576w, http:\/\/vertienteglobal.com\/wp-content\/uploads\/2025\/11\/1000760073-300x200.jpg 300w, http:\/\/vertienteglobal.com\/wp-content\/uploads\/2025\/11\/1000760073-150x100.jpg 150w\" sizes=\"auto, (max-width: 576px) 100vw, 576px\" \/><\/figure>\n","protected":false},"excerpt":{"rendered":"<p>(Redacci\u00f3n) Se presentaron los avances en proyectos que fortalecen la transparencia, la \u00e9tica y el combate a la corrupci\u00f3n M\u00e9rida, Yucat\u00e1n, 08 de noviembre, 2025.- Con una participaci\u00f3n destacada, Quintana Roo estuvo presente en la LXXV Reuni\u00f3n Nacional de la Comisi\u00f3n Permanente de Contralores Estados-Federaci\u00f3n, en la cual se presentaron los avances de los proyectos [&hellip;]<\/p>\n","protected":false},"author":6,"featured_media":247665,"comment_status":"open","ping_status":"open","sticky":false,"template":"","format":"standard","meta":{"footnotes":""},"categories":[3,2],"tags":[],"class_list":["post-247664","post","type-post","status-publish","format-standard","has-post-thumbnail","hentry","category-quintana-roo","category-yucatan","entry","has-media"],"jetpack_featured_media_url":"http:\/\/vertienteglobal.com\/wp-content\/uploads\/2025\/11\/1000760070.jpg","_links":{"self":[{"href":"http:\/\/vertienteglobal.com\/index.php?rest_route=\/wp\/v2\/posts\/247664","targetHints":{"allow":["GET"]}}],"collection":[{"href":"http:\/\/vertienteglobal.com\/index.php?rest_route=\/wp\/v2\/posts"}],"about":[{"href":"http:\/\/vertienteglobal.com\/index.php?rest_route=\/wp\/v2\/types\/post"}],"author":[{"embeddable":true,"href":"http:\/\/vertienteglobal.com\/index.php?rest_route=\/wp\/v2\/users\/6"}],"replies":[{"embeddable":true,"href":"http:\/\/vertienteglobal.com\/index.php?rest_route=%2Fwp%2Fv2%2Fcomments&post=247664"}],"version-history":[{"count":1,"href":"http:\/\/vertienteglobal.com\/index.php?rest_route=\/wp\/v2\/posts\/247664\/revisions"}],"predecessor-version":[{"id":247669,"href":"http:\/\/vertienteglobal.com\/index.php?rest_route=\/wp\/v2\/posts\/247664\/revisions\/247669"}],"wp:featuredmedia":[{"embeddable":true,"href":"http:\/\/vertienteglobal.com\/index.php?rest_route=\/wp\/v2\/media\/247665"}],"wp:attachment":[{"href":"http:\/\/vertienteglobal.com\/index.php?rest_route=%2Fwp%2Fv2%2Fmedia&parent=247664"}],"wp:term":[{"taxonomy":"category","embeddable":true,"href":"http:\/\/vertienteglobal.com\/index.php?rest_route=%2Fwp%2Fv2%2Fcategories&post=247664"},{"taxonomy":"post_tag","embeddable":true,"href":"http:\/\/vertienteglobal.com\/index.php?rest_route=%2Fwp%2Fv2%2Ftags&post=247664"}],"curies":[{"name":"wp","href":"https:\/\/api.w.org\/{rel}","templated":true}]}}