{"id":247282,"date":"2025-11-04T13:39:00","date_gmt":"2025-11-04T19:39:00","guid":{"rendered":"http:\/\/vertienteglobal.com\/?p=247282"},"modified":"2025-11-04T20:39:25","modified_gmt":"2025-11-05T02:39:25","slug":"yucatan-se-consolida-como-referente-en-informacion-turistica-a-nivel-nacional","status":"publish","type":"post","link":"http:\/\/vertienteglobal.com\/?p=247282","title":{"rendered":"Yucat\u00e1n se consolida como referente en informaci\u00f3n tur\u00edstica a nivel nacional"},"content":{"rendered":"\n<div class=\"twitterbutton\" style=\"float: right; padding-left: 5px;\"><a href=\"http:\/\/twitter.com\/share\" class=\"twitter-share-button\" data-count=\"horizontal\" data-text=\"Yucat\u00e1n se consolida como referente en informaci\u00f3n tur\u00edstica a nivel nacional\" data-via=\"https:\/\/twitter.com\/VertienteGloba1\" data-url=\"http:\/\/vertienteglobal.com\/?p=247282\" data-lang=\"es\" data-related=\"Informaci\u00f3n general:S\u00edguenos para que est\u00e9ss informado\"><\/a><\/div>\n<figure class=\"wp-block-image size-full\"><img loading=\"lazy\" decoding=\"async\" width=\"512\" height=\"341\" src=\"http:\/\/vertienteglobal.com\/wp-content\/uploads\/2025\/11\/1000747060.jpg\" alt=\"\" class=\"wp-image-247283\" srcset=\"http:\/\/vertienteglobal.com\/wp-content\/uploads\/2025\/11\/1000747060.jpg 512w, http:\/\/vertienteglobal.com\/wp-content\/uploads\/2025\/11\/1000747060-300x200.jpg 300w, http:\/\/vertienteglobal.com\/wp-content\/uploads\/2025\/11\/1000747060-150x100.jpg 150w\" sizes=\"auto, (max-width: 512px) 100vw, 512px\" \/><\/figure>\n\n\n\n<p>(Redacci\u00f3n)<\/p>\n\n\n\n<p><em>Entregan reconocimientos al sector hotelero por su participaci\u00f3n en el Programa DataTur, que posiciona a la entidad como modelo en gesti\u00f3n de datos tur\u00edsticos<\/em><\/p>\n\n\n\n<p>M\u00e9rida, Yucat\u00e1n, 4 de noviembre de 2025.-El Gobierno del Estado, a trav\u00e9s de la Secretar\u00eda de Fomento Tur\u00edstico (Sefotur), reconoci\u00f3 a las y los empresarios hoteleros que participan en el Programa de Monitoreo Hotelero DataTur, por su compromiso con la generaci\u00f3n de informaci\u00f3n confiable y su contribuci\u00f3n al fortalecimiento del turismo en Yucat\u00e1n.<br>\u00a0<br>Durante la ceremonia, el titular de la Sefotur, Dar\u00edo Flota Ocampo, destac\u00f3 que el programa DataTur, con m\u00e1s de dos d\u00e9cadas de operaci\u00f3n, se ha consolidado como una herramienta esencial para la toma de decisiones estrat\u00e9gicas en materia tur\u00edstica.<br>\u00a0<br>Indic\u00f3 que este esfuerzo responde a las indicaciones del Gobernador Joaqu\u00edn D\u00edaz Mena, dentro de la visi\u00f3n del Gobierno del Renacimiento Maya, que impulsa un desarrollo tur\u00edstico con enfoque humano, sostenible e inclusivo.<br>\u00a0<br>\u201cHoy celebramos m\u00e1s que una ceremonia: reconocemos la constancia y el compromiso con la informaci\u00f3n, la transparencia y la mejora continua de nuestro destino\u201d, expres\u00f3 el funcionario estatal, acompa\u00f1ado del subsecretario de Desarrollo Tur\u00edstico Sustentable, Ra\u00fal Paz Noriega, y de la directora general de la Secretar\u00eda T\u00e9cnica de Inteligencia Tur\u00edstica, Margarita de Abril Navarro Favela.<br>\u00a0<br>El titular de Sefotur explic\u00f3 que el Programa DataTur opera bajo la metodolog\u00eda de la Secretar\u00eda de Turismo del Gobierno de M\u00e9xico, la ONU Turismo y el Inegi, y actualmente se implementa en 125 centros tur\u00edsticos del pa\u00eds.<br>\u00a0<br>En el caso de Yucat\u00e1n, participan 123 establecimientos de hospedaje distribuidos en los destinos de M\u00e9rida, Valladolid, Uxmal, Chich\u00e9n Itz\u00e1 e Izamal, que representan una muestra de m\u00e1s de 7,100 habitaciones, equivalente al 60.4% del total registrado en estas localidades.<br>\u00a0<br>En esta edici\u00f3n, se reconoci\u00f3 especialmente a los hoteles que han mantenido su participaci\u00f3n durante m\u00e1s de veinte a\u00f1os, as\u00ed como a los grupos corporativos que suman entre cuatro y veintiocho establecimientos dentro del programa.<br>\u00a0<br>Tambi\u00e9n se agradeci\u00f3 el respaldo de las asociaciones del sector, como la Asociaci\u00f3n Mexicana de Hoteles en Yucat\u00e1n y la Asociaci\u00f3n de Hoteles y Hostales de Valladolid, por su compromiso con la profesionalizaci\u00f3n del turismo.<br>\u00a0<br>Flota Ocampo resalt\u00f3 que detr\u00e1s de cada cifra y cada indicador hay personas comprometidas con la hospitalidad, la calidad del servicio y la promoci\u00f3n de Yucat\u00e1n como destino.<br>\u00a0<br>\u201cCada habitaci\u00f3n ocupada, cada visitante satisfecho y cada experiencia vivida en nuestro estado reflejan el esfuerzo de quienes apuestan por la excelencia. Reconocerlos hoy es reconocer su papel como aliados estrat\u00e9gicos en la construcci\u00f3n de un turismo sostenible e innovador\u201d, afirm\u00f3.<br>\u00a0<br>La entrega de constancias del Programa DataTur reafirma el liderazgo de Yucat\u00e1n en la gesti\u00f3n de informaci\u00f3n tur\u00edstica confiable y refrenda el compromiso del Gobierno del Renacimiento Maya con el fortalecimiento de un turismo competitivo, responsable y generador de bienestar para las y los yucatecos.<\/p>\n\n\n\n<figure class=\"wp-block-image size-full\"><img loading=\"lazy\" decoding=\"async\" width=\"640\" height=\"426\" src=\"http:\/\/vertienteglobal.com\/wp-content\/uploads\/2025\/11\/1000747059.jpg\" alt=\"\" class=\"wp-image-247284\" srcset=\"http:\/\/vertienteglobal.com\/wp-content\/uploads\/2025\/11\/1000747059.jpg 640w, http:\/\/vertienteglobal.com\/wp-content\/uploads\/2025\/11\/1000747059-300x200.jpg 300w, http:\/\/vertienteglobal.com\/wp-content\/uploads\/2025\/11\/1000747059-150x100.jpg 150w\" sizes=\"auto, (max-width: 640px) 100vw, 640px\" \/><\/figure>\n\n\n\n<figure class=\"wp-block-image size-full\"><img loading=\"lazy\" decoding=\"async\" width=\"640\" height=\"426\" src=\"http:\/\/vertienteglobal.com\/wp-content\/uploads\/2025\/11\/1000747061.jpg\" alt=\"\" class=\"wp-image-247285\" srcset=\"http:\/\/vertienteglobal.com\/wp-content\/uploads\/2025\/11\/1000747061.jpg 640w, http:\/\/vertienteglobal.com\/wp-content\/uploads\/2025\/11\/1000747061-300x200.jpg 300w, http:\/\/vertienteglobal.com\/wp-content\/uploads\/2025\/11\/1000747061-150x100.jpg 150w\" sizes=\"auto, (max-width: 640px) 100vw, 640px\" \/><\/figure>\n","protected":false},"excerpt":{"rendered":"<p>(Redacci\u00f3n) Entregan reconocimientos al sector hotelero por su participaci\u00f3n en el Programa DataTur, que posiciona a la entidad como modelo en gesti\u00f3n de datos tur\u00edsticos M\u00e9rida, Yucat\u00e1n, 4 de noviembre de 2025.-El Gobierno del Estado, a trav\u00e9s de la Secretar\u00eda de Fomento Tur\u00edstico (Sefotur), reconoci\u00f3 a las y los empresarios hoteleros que participan en el [&hellip;]<\/p>\n","protected":false},"author":6,"featured_media":247283,"comment_status":"open","ping_status":"open","sticky":false,"template":"","format":"standard","meta":{"footnotes":""},"categories":[2],"tags":[],"class_list":["post-247282","post","type-post","status-publish","format-standard","has-post-thumbnail","hentry","category-yucatan","entry","has-media"],"jetpack_featured_media_url":"http:\/\/vertienteglobal.com\/wp-content\/uploads\/2025\/11\/1000747060.jpg","_links":{"self":[{"href":"http:\/\/vertienteglobal.com\/index.php?rest_route=\/wp\/v2\/posts\/247282","targetHints":{"allow":["GET"]}}],"collection":[{"href":"http:\/\/vertienteglobal.com\/index.php?rest_route=\/wp\/v2\/posts"}],"about":[{"href":"http:\/\/vertienteglobal.com\/index.php?rest_route=\/wp\/v2\/types\/post"}],"author":[{"embeddable":true,"href":"http:\/\/vertienteglobal.com\/index.php?rest_route=\/wp\/v2\/users\/6"}],"replies":[{"embeddable":true,"href":"http:\/\/vertienteglobal.com\/index.php?rest_route=%2Fwp%2Fv2%2Fcomments&post=247282"}],"version-history":[{"count":1,"href":"http:\/\/vertienteglobal.com\/index.php?rest_route=\/wp\/v2\/posts\/247282\/revisions"}],"predecessor-version":[{"id":247286,"href":"http:\/\/vertienteglobal.com\/index.php?rest_route=\/wp\/v2\/posts\/247282\/revisions\/247286"}],"wp:featuredmedia":[{"embeddable":true,"href":"http:\/\/vertienteglobal.com\/index.php?rest_route=\/wp\/v2\/media\/247283"}],"wp:attachment":[{"href":"http:\/\/vertienteglobal.com\/index.php?rest_route=%2Fwp%2Fv2%2Fmedia&parent=247282"}],"wp:term":[{"taxonomy":"category","embeddable":true,"href":"http:\/\/vertienteglobal.com\/index.php?rest_route=%2Fwp%2Fv2%2Fcategories&post=247282"},{"taxonomy":"post_tag","embeddable":true,"href":"http:\/\/vertienteglobal.com\/index.php?rest_route=%2Fwp%2Fv2%2Ftags&post=247282"}],"curies":[{"name":"wp","href":"https:\/\/api.w.org\/{rel}","templated":true}]}}