{"id":247243,"date":"2025-11-03T23:36:00","date_gmt":"2025-11-04T05:36:00","guid":{"rendered":"http:\/\/vertienteglobal.com\/?p=247243"},"modified":"2025-11-04T00:36:55","modified_gmt":"2025-11-04T06:36:55","slug":"presidenta-de-mexico-recibe-a-la-secretaria-de-agricultura-de-los-estados-unidos","status":"publish","type":"post","link":"http:\/\/vertienteglobal.com\/?p=247243","title":{"rendered":"Presidenta de M\u00e9xico recibe a la secretaria de Agricultura de los Estados Unidos"},"content":{"rendered":"\n<div class=\"twitterbutton\" style=\"float: right; padding-left: 5px;\"><a href=\"http:\/\/twitter.com\/share\" class=\"twitter-share-button\" data-count=\"horizontal\" data-text=\"Presidenta de M\u00e9xico recibe a la secretaria de Agricultura de los Estados Unido...\" data-via=\"https:\/\/twitter.com\/VertienteGloba1\" data-url=\"http:\/\/vertienteglobal.com\/?p=247243\" data-lang=\"es\" data-related=\"Informaci\u00f3n general:S\u00edguenos para que est\u00e9ss informado\"><\/a><\/div>\n<figure class=\"wp-block-image size-full\"><img loading=\"lazy\" decoding=\"async\" width=\"650\" height=\"380\" src=\"http:\/\/vertienteglobal.com\/wp-content\/uploads\/2025\/11\/1000745833.jpg\" alt=\"\" class=\"wp-image-247244\" srcset=\"http:\/\/vertienteglobal.com\/wp-content\/uploads\/2025\/11\/1000745833.jpg 650w, http:\/\/vertienteglobal.com\/wp-content\/uploads\/2025\/11\/1000745833-300x175.jpg 300w, http:\/\/vertienteglobal.com\/wp-content\/uploads\/2025\/11\/1000745833-150x88.jpg 150w\" sizes=\"auto, (max-width: 650px) 100vw, 650px\" \/><\/figure>\n\n\n\n<p>(Redacci\u00f3n)<\/p>\n\n\n\n<p>La Presidenta de M\u00e9xico, Claudia Sheinbaum Pardo,recibe a la secretaria de Agricultura de los Estados Unidos<\/p>\n\n\n\n<p>Ciudad de M\u00e9xico, 03 de noviembre 2025.-La presidenta de los Estados Unidos Mexicanos, Claudia Sheinbaum Pardo, recibi\u00f3 hoy en Palacio Nacional a la secretaria de Agricultura de los Estados Unidos, Brooke Rollins. En una reuni\u00f3n respetuosa, cordial y productiva, se revisaron los avances en cooperaci\u00f3n t\u00e9cnica y comercial en el sector agroalimentario, as\u00ed como en otros asuntos de inter\u00e9s mutuo.<\/p>\n\n\n\n<p>Durante el encuentro, se subray\u00f3 como prioridad del Gobierno de M\u00e9xico la reapertura de la frontera a la exportaci\u00f3n de ganado. Las delegaciones tambi\u00e9n reafirmaron la importancia de mantener canales de comunicaci\u00f3n permanentes y al m\u00e1s alto nivel entre las autoridades competentes de ambos pa\u00edses. Asimismo, refrendaron su compromiso con el combate al gusano barrenador del ganado, la facilitaci\u00f3n del comercio agropecuario y la protecci\u00f3n de la salud animal en Am\u00e9rica del Norte.<\/p>\n\n\n\n<p>Acompa\u00f1aron a la presidenta Sheinbaum: Julio Berdegu\u00e9 Sacrist\u00e1n, secretario de Agricultura y Desarrollo Rural; Roberto Velasco \u00c1lvarez, subsecretario para Am\u00e9rica del Norte; Leonel Cota Monta\u00f1o, subsecretario de Agricultura y Desarrollo Rural y Francisco Javier Calder\u00f3n Elizalde, director en jefe del Servicio Nacional de Sanidad, Inocuidad y Calidad Agroalimentaria (Senasica).<\/p>\n\n\n\n<figure class=\"wp-block-image size-large\"><img loading=\"lazy\" decoding=\"async\" width=\"1024\" height=\"682\" src=\"http:\/\/vertienteglobal.com\/wp-content\/uploads\/2025\/11\/1000745834-1024x682.jpg\" alt=\"\" class=\"wp-image-247245\" srcset=\"http:\/\/vertienteglobal.com\/wp-content\/uploads\/2025\/11\/1000745834-1024x682.jpg 1024w, http:\/\/vertienteglobal.com\/wp-content\/uploads\/2025\/11\/1000745834-300x200.jpg 300w, http:\/\/vertienteglobal.com\/wp-content\/uploads\/2025\/11\/1000745834-150x100.jpg 150w, http:\/\/vertienteglobal.com\/wp-content\/uploads\/2025\/11\/1000745834-768x512.jpg 768w, http:\/\/vertienteglobal.com\/wp-content\/uploads\/2025\/11\/1000745834-1536x1024.jpg 1536w, http:\/\/vertienteglobal.com\/wp-content\/uploads\/2025\/11\/1000745834-2048x1365.jpg 2048w\" sizes=\"auto, (max-width: 1024px) 100vw, 1024px\" \/><\/figure>\n","protected":false},"excerpt":{"rendered":"<p>(Redacci\u00f3n) La Presidenta de M\u00e9xico, Claudia Sheinbaum Pardo,recibe a la secretaria de Agricultura de los Estados Unidos Ciudad de M\u00e9xico, 03 de noviembre 2025.-La presidenta de los Estados Unidos Mexicanos, Claudia Sheinbaum Pardo, recibi\u00f3 hoy en Palacio Nacional a la secretaria de Agricultura de los Estados Unidos, Brooke Rollins. En una reuni\u00f3n respetuosa, cordial y [&hellip;]<\/p>\n","protected":false},"author":6,"featured_media":247244,"comment_status":"open","ping_status":"open","sticky":false,"template":"","format":"standard","meta":{"footnotes":""},"categories":[8],"tags":[],"class_list":["post-247243","post","type-post","status-publish","format-standard","has-post-thumbnail","hentry","category-pais","entry","has-media"],"jetpack_featured_media_url":"http:\/\/vertienteglobal.com\/wp-content\/uploads\/2025\/11\/1000745833.jpg","_links":{"self":[{"href":"http:\/\/vertienteglobal.com\/index.php?rest_route=\/wp\/v2\/posts\/247243","targetHints":{"allow":["GET"]}}],"collection":[{"href":"http:\/\/vertienteglobal.com\/index.php?rest_route=\/wp\/v2\/posts"}],"about":[{"href":"http:\/\/vertienteglobal.com\/index.php?rest_route=\/wp\/v2\/types\/post"}],"author":[{"embeddable":true,"href":"http:\/\/vertienteglobal.com\/index.php?rest_route=\/wp\/v2\/users\/6"}],"replies":[{"embeddable":true,"href":"http:\/\/vertienteglobal.com\/index.php?rest_route=%2Fwp%2Fv2%2Fcomments&post=247243"}],"version-history":[{"count":1,"href":"http:\/\/vertienteglobal.com\/index.php?rest_route=\/wp\/v2\/posts\/247243\/revisions"}],"predecessor-version":[{"id":247246,"href":"http:\/\/vertienteglobal.com\/index.php?rest_route=\/wp\/v2\/posts\/247243\/revisions\/247246"}],"wp:featuredmedia":[{"embeddable":true,"href":"http:\/\/vertienteglobal.com\/index.php?rest_route=\/wp\/v2\/media\/247244"}],"wp:attachment":[{"href":"http:\/\/vertienteglobal.com\/index.php?rest_route=%2Fwp%2Fv2%2Fmedia&parent=247243"}],"wp:term":[{"taxonomy":"category","embeddable":true,"href":"http:\/\/vertienteglobal.com\/index.php?rest_route=%2Fwp%2Fv2%2Fcategories&post=247243"},{"taxonomy":"post_tag","embeddable":true,"href":"http:\/\/vertienteglobal.com\/index.php?rest_route=%2Fwp%2Fv2%2Ftags&post=247243"}],"curies":[{"name":"wp","href":"https:\/\/api.w.org\/{rel}","templated":true}]}}