{"id":247147,"date":"2025-11-02T14:36:00","date_gmt":"2025-11-02T20:36:00","guid":{"rendered":"http:\/\/vertienteglobal.com\/?p=247147"},"modified":"2025-11-03T08:39:42","modified_gmt":"2025-11-03T14:39:42","slug":"mexico-sera-la-sede-de-la-cumbre-de-la-apec-en-2028","status":"publish","type":"post","link":"http:\/\/vertienteglobal.com\/?p=247147","title":{"rendered":"M\u00e9xico ser\u00e1 la sede de la cumbre de la APEC en 2028"},"content":{"rendered":"\n<div class=\"twitterbutton\" style=\"float: right; padding-left: 5px;\"><a href=\"http:\/\/twitter.com\/share\" class=\"twitter-share-button\" data-count=\"horizontal\" data-text=\"M\u00e9xico ser\u00e1 la sede de la cumbre de la APEC en 2028\" data-via=\"https:\/\/twitter.com\/VertienteGloba1\" data-url=\"http:\/\/vertienteglobal.com\/?p=247147\" data-lang=\"es\" data-related=\"Informaci\u00f3n general:S\u00edguenos para que est\u00e9ss informado\"><\/a><\/div>\n<figure class=\"wp-block-image size-full\"><img loading=\"lazy\" decoding=\"async\" width=\"1024\" height=\"683\" src=\"http:\/\/vertienteglobal.com\/wp-content\/uploads\/2025\/11\/1000743509.webp\" alt=\"\" class=\"wp-image-247148\" srcset=\"http:\/\/vertienteglobal.com\/wp-content\/uploads\/2025\/11\/1000743509.webp 1024w, http:\/\/vertienteglobal.com\/wp-content\/uploads\/2025\/11\/1000743509-300x200.webp 300w, http:\/\/vertienteglobal.com\/wp-content\/uploads\/2025\/11\/1000743509-150x100.webp 150w, http:\/\/vertienteglobal.com\/wp-content\/uploads\/2025\/11\/1000743509-768x512.webp 768w\" sizes=\"auto, (max-width: 1024px) 100vw, 1024px\" \/><\/figure>\n\n\n\n<p>(Redacci\u00f3n)<\/p>\n\n\n\n<p>El anuncio fue incluido en la Declaraci\u00f3n de Gyeongju, adoptada en Corea del Sur, y marca el regreso de M\u00e9xico como anfitri\u00f3n de la cumbre tras m\u00e1s de dos d\u00e9cadas<\/p>\n\n\n\n<p>Gyeongju, Corea del Sur, a 02 de noviembre de 2025.-M\u00e9xico ser\u00e1 la sede la cumbre del foro de Cooperaci\u00f3n Econ\u00f3mica Asia-Pac\u00edfico (APEC) en 2028, anunci\u00f3 este domingo el secretario de Econom\u00eda, Marcelo Ebrard, al t\u00e9rmino de la reuni\u00f3n celebrada esta semana en la ciudad surcoreana de Gyeongju.<\/p>\n\n\n\n<p>El APEC congrega a 21 econom\u00edas de dicha cuenca, entre ellas China y Estados Unidos, as\u00ed como en conjunto representan m\u00e1s del 60 % del PIB global y alrededor de la mitad del comercio orbital.<\/p>\n\n\n\n<p>El anuncio fue incluido en la Declaraci\u00f3n de Gyeongju, adoptada en Corea del Sur, y marca el regreso de M\u00e9xico como anfitri\u00f3n de la cumbre tras m\u00e1s de dos d\u00e9cadas.<\/p>\n\n\n\n<p>\u201cEl hecho de que hayan votado a favor de que M\u00e9xico sea la sede en 2028 habla de la importancia que le otorgan a nuestro pa\u00eds\u201d, a\u00f1adi\u00f3 Ebrard, quien destac\u00f3 el reconocimiento internacional hacia el Gobierno de la presidenta Claudia Sheinbaum Pardo.<\/p>\n\n\n\n<p>Durante su estancia en Corea del Sur, Ebrard sostuvo reuniones bilaterales con funcionarios de alto nivel del Gobierno estadounidense, entre ellos los secretarios de Comercio, Howard Lutnick; y del Tesoro, Scott Bessent, as\u00ed como con el representante comercial, Jamieson Greer. El funcionario explic\u00f3 que ambas partes trabajan en la eliminaci\u00f3n de \u201cirritantes comerciales\u201d de cara a la revisi\u00f3n del T-MEC prevista para 2026.(Fuente: EFE\/XEVA)<\/p>\n","protected":false},"excerpt":{"rendered":"<p>(Redacci\u00f3n) El anuncio fue incluido en la Declaraci\u00f3n de Gyeongju, adoptada en Corea del Sur, y marca el regreso de M\u00e9xico como anfitri\u00f3n de la cumbre tras m\u00e1s de dos d\u00e9cadas Gyeongju, Corea del Sur, a 02 de noviembre de 2025.-M\u00e9xico ser\u00e1 la sede la cumbre del foro de Cooperaci\u00f3n Econ\u00f3mica Asia-Pac\u00edfico (APEC) en 2028, [&hellip;]<\/p>\n","protected":false},"author":6,"featured_media":247148,"comment_status":"open","ping_status":"open","sticky":false,"template":"","format":"standard","meta":{"footnotes":""},"categories":[8],"tags":[],"class_list":["post-247147","post","type-post","status-publish","format-standard","has-post-thumbnail","hentry","category-pais","entry","has-media"],"jetpack_featured_media_url":"http:\/\/vertienteglobal.com\/wp-content\/uploads\/2025\/11\/1000743509.webp","_links":{"self":[{"href":"http:\/\/vertienteglobal.com\/index.php?rest_route=\/wp\/v2\/posts\/247147","targetHints":{"allow":["GET"]}}],"collection":[{"href":"http:\/\/vertienteglobal.com\/index.php?rest_route=\/wp\/v2\/posts"}],"about":[{"href":"http:\/\/vertienteglobal.com\/index.php?rest_route=\/wp\/v2\/types\/post"}],"author":[{"embeddable":true,"href":"http:\/\/vertienteglobal.com\/index.php?rest_route=\/wp\/v2\/users\/6"}],"replies":[{"embeddable":true,"href":"http:\/\/vertienteglobal.com\/index.php?rest_route=%2Fwp%2Fv2%2Fcomments&post=247147"}],"version-history":[{"count":1,"href":"http:\/\/vertienteglobal.com\/index.php?rest_route=\/wp\/v2\/posts\/247147\/revisions"}],"predecessor-version":[{"id":247149,"href":"http:\/\/vertienteglobal.com\/index.php?rest_route=\/wp\/v2\/posts\/247147\/revisions\/247149"}],"wp:featuredmedia":[{"embeddable":true,"href":"http:\/\/vertienteglobal.com\/index.php?rest_route=\/wp\/v2\/media\/247148"}],"wp:attachment":[{"href":"http:\/\/vertienteglobal.com\/index.php?rest_route=%2Fwp%2Fv2%2Fmedia&parent=247147"}],"wp:term":[{"taxonomy":"category","embeddable":true,"href":"http:\/\/vertienteglobal.com\/index.php?rest_route=%2Fwp%2Fv2%2Fcategories&post=247147"},{"taxonomy":"post_tag","embeddable":true,"href":"http:\/\/vertienteglobal.com\/index.php?rest_route=%2Fwp%2Fv2%2Ftags&post=247147"}],"curies":[{"name":"wp","href":"https:\/\/api.w.org\/{rel}","templated":true}]}}