{"id":247076,"date":"2025-11-01T10:46:50","date_gmt":"2025-11-01T16:46:50","guid":{"rendered":"http:\/\/vertienteglobal.com\/?p=247076"},"modified":"2025-11-01T10:46:50","modified_gmt":"2025-11-01T16:46:50","slug":"este-ano-dedicamos-ofrenda-de-dia-de-muertos-a-las-mujeres-indigenas-las-ancestras-de-mexico-presidenta-claudia-sheinbaum-pardo","status":"publish","type":"post","link":"http:\/\/vertienteglobal.com\/?p=247076","title":{"rendered":"Este a\u00f1o dedicamos ofrenda de D\u00eda de Muertos a las mujeres ind\u00edgenas, las ancestras de M\u00e9xico: Presidenta Claudia Sheinbaum Pardo"},"content":{"rendered":"\n<div class=\"twitterbutton\" style=\"float: right; padding-left: 5px;\"><a href=\"http:\/\/twitter.com\/share\" class=\"twitter-share-button\" data-count=\"horizontal\" data-text=\"Este a\u00f1o dedicamos ofrenda de D\u00eda de Muertos a las mujeres ind\u00edgenas, las anc...\" data-via=\"https:\/\/twitter.com\/VertienteGloba1\" data-url=\"http:\/\/vertienteglobal.com\/?p=247076\" data-lang=\"es\" data-related=\"Informaci\u00f3n general:S\u00edguenos para que est\u00e9ss informado\"><\/a><\/div>\n<figure class=\"wp-block-image size-large\"><img loading=\"lazy\" decoding=\"async\" width=\"1024\" height=\"683\" src=\"http:\/\/vertienteglobal.com\/wp-content\/uploads\/2025\/11\/1000739098-1024x683.jpg\" alt=\"\" class=\"wp-image-247077\" srcset=\"http:\/\/vertienteglobal.com\/wp-content\/uploads\/2025\/11\/1000739098-1024x683.jpg 1024w, http:\/\/vertienteglobal.com\/wp-content\/uploads\/2025\/11\/1000739098-300x200.jpg 300w, http:\/\/vertienteglobal.com\/wp-content\/uploads\/2025\/11\/1000739098-150x100.jpg 150w, http:\/\/vertienteglobal.com\/wp-content\/uploads\/2025\/11\/1000739098-768x512.jpg 768w, http:\/\/vertienteglobal.com\/wp-content\/uploads\/2025\/11\/1000739098-1536x1024.jpg 1536w, http:\/\/vertienteglobal.com\/wp-content\/uploads\/2025\/11\/1000739098.jpg 2048w\" sizes=\"auto, (max-width: 1024px) 100vw, 1024px\" \/><\/figure>\n\n\n\n<p>(Redacci\u00f3n)<\/p>\n\n\n\n<p>La Jefa del Ejecutivo Federal mostr\u00f3 al pueblo de M\u00e9xico la ofrenda de D\u00eda de Muertos que se coloc\u00f3 en Palacio Nacional con el apoyo de la Secretar\u00eda de Cultura y del INPI<\/p>\n\n\n\n<p>Ciudad de M\u00e9xico, a 01 de noviembre de 2025.-Desde Palacio Nacional, la\u00a0Presidenta\u00a0Claudia Sheinbaum Pardo inform\u00f3 que este a\u00f1o la celebraci\u00f3n del D\u00eda de Muertos est\u00e1 dedicada a las mujeres ind\u00edgenas del pa\u00eds, las\u00a0ancestras\u00a0de M\u00e9xico.\u00a0<\/p>\n\n\n\n<p>\u201cEste a\u00f1o lo dedicamos a las ancestras de M\u00e9xico: las mujeres ind\u00edgenas de M\u00e9xico. En este a\u00f1o de la Mujer Ind\u00edgena celebramos el D\u00eda de Muertos a todas nuestras ancestras\u201d, resalt\u00f3 a trav\u00e9s de un video en sus redes sociales.<\/p>\n\n\n\n<p>La Jefa del Ejecutivo Federal mostr\u00f3 al pueblo de M\u00e9xico la ofrenda de D\u00eda de Muertos que se coloc\u00f3 en Palacio Nacional gracias al apoyo de la Secretar\u00eda de Cultura y del Instituto Nacional de Pueblos Ind\u00edgenas (INPI).<\/p>\n\n\n\n<p>\u201cEs esta hermos\u00edsima tradici\u00f3n del pueblo de M\u00e9xico de celebrar de una manera distinta a nuestros muertos que vienen a visitarnos en este D\u00eda de Muertos y los recordamos y les damos alimentos y los consentimos\u201d, explic\u00f3.<\/p>\n\n\n\n<p>Record\u00f3 que se trata de una tradici\u00f3n muy distinta a las de otras culturas, ya que es una visi\u00f3n de la muerte que proviene de los pueblos originarios de nuestro pa\u00eds.<\/p>\n\n\n\n<p>\u201cY ya saben, esta hermosa flor de cempas\u00fachil, que utilizamos en las ofrendas del D\u00eda de Muertos o con ella adornamos nuestros hogares, es flor nativa de M\u00e9xico, en el lugar donde la encuentren sepan que esta flor naci\u00f3 aqu\u00ed en Mesoam\u00e9rica\u201d, detall\u00f3.<\/p>\n\n\n\n<figure class=\"wp-block-image size-large\"><img loading=\"lazy\" decoding=\"async\" width=\"1024\" height=\"768\" src=\"http:\/\/vertienteglobal.com\/wp-content\/uploads\/2025\/11\/1000739099-1024x768.jpg\" alt=\"\" class=\"wp-image-247078\" srcset=\"http:\/\/vertienteglobal.com\/wp-content\/uploads\/2025\/11\/1000739099-1024x768.jpg 1024w, http:\/\/vertienteglobal.com\/wp-content\/uploads\/2025\/11\/1000739099-300x225.jpg 300w, http:\/\/vertienteglobal.com\/wp-content\/uploads\/2025\/11\/1000739099-150x113.jpg 150w, http:\/\/vertienteglobal.com\/wp-content\/uploads\/2025\/11\/1000739099-768x576.jpg 768w, http:\/\/vertienteglobal.com\/wp-content\/uploads\/2025\/11\/1000739099-1536x1152.jpg 1536w, http:\/\/vertienteglobal.com\/wp-content\/uploads\/2025\/11\/1000739099.jpg 2048w\" sizes=\"auto, (max-width: 1024px) 100vw, 1024px\" \/><\/figure>\n","protected":false},"excerpt":{"rendered":"<p>(Redacci\u00f3n) La Jefa del Ejecutivo Federal mostr\u00f3 al pueblo de M\u00e9xico la ofrenda de D\u00eda de Muertos que se coloc\u00f3 en Palacio Nacional con el apoyo de la Secretar\u00eda de Cultura y del INPI Ciudad de M\u00e9xico, a 01 de noviembre de 2025.-Desde Palacio Nacional, la\u00a0Presidenta\u00a0Claudia Sheinbaum Pardo inform\u00f3 que este a\u00f1o la celebraci\u00f3n del [&hellip;]<\/p>\n","protected":false},"author":6,"featured_media":247077,"comment_status":"open","ping_status":"open","sticky":false,"template":"","format":"standard","meta":{"footnotes":""},"categories":[8],"tags":[],"class_list":["post-247076","post","type-post","status-publish","format-standard","has-post-thumbnail","hentry","category-pais","entry","has-media"],"jetpack_featured_media_url":"http:\/\/vertienteglobal.com\/wp-content\/uploads\/2025\/11\/1000739098.jpg","_links":{"self":[{"href":"http:\/\/vertienteglobal.com\/index.php?rest_route=\/wp\/v2\/posts\/247076","targetHints":{"allow":["GET"]}}],"collection":[{"href":"http:\/\/vertienteglobal.com\/index.php?rest_route=\/wp\/v2\/posts"}],"about":[{"href":"http:\/\/vertienteglobal.com\/index.php?rest_route=\/wp\/v2\/types\/post"}],"author":[{"embeddable":true,"href":"http:\/\/vertienteglobal.com\/index.php?rest_route=\/wp\/v2\/users\/6"}],"replies":[{"embeddable":true,"href":"http:\/\/vertienteglobal.com\/index.php?rest_route=%2Fwp%2Fv2%2Fcomments&post=247076"}],"version-history":[{"count":1,"href":"http:\/\/vertienteglobal.com\/index.php?rest_route=\/wp\/v2\/posts\/247076\/revisions"}],"predecessor-version":[{"id":247079,"href":"http:\/\/vertienteglobal.com\/index.php?rest_route=\/wp\/v2\/posts\/247076\/revisions\/247079"}],"wp:featuredmedia":[{"embeddable":true,"href":"http:\/\/vertienteglobal.com\/index.php?rest_route=\/wp\/v2\/media\/247077"}],"wp:attachment":[{"href":"http:\/\/vertienteglobal.com\/index.php?rest_route=%2Fwp%2Fv2%2Fmedia&parent=247076"}],"wp:term":[{"taxonomy":"category","embeddable":true,"href":"http:\/\/vertienteglobal.com\/index.php?rest_route=%2Fwp%2Fv2%2Fcategories&post=247076"},{"taxonomy":"post_tag","embeddable":true,"href":"http:\/\/vertienteglobal.com\/index.php?rest_route=%2Fwp%2Fv2%2Ftags&post=247076"}],"curies":[{"name":"wp","href":"https:\/\/api.w.org\/{rel}","templated":true}]}}