{"id":246554,"date":"2025-10-23T20:36:00","date_gmt":"2025-10-24T01:36:00","guid":{"rendered":"http:\/\/vertienteglobal.com\/?p=246554"},"modified":"2025-10-24T17:15:23","modified_gmt":"2025-10-24T22:15:23","slug":"plaza-grande-de-merida-se-llenara-de-tradicion-con-la-gran-muestra-estatal-de-altares","status":"publish","type":"post","link":"http:\/\/vertienteglobal.com\/?p=246554","title":{"rendered":"Plaza Grande de M\u00e9rida se llenar\u00e1 de tradici\u00f3n con la Gran Muestra Estatal de Altares"},"content":{"rendered":"\n<div class=\"twitterbutton\" style=\"float: right; padding-left: 5px;\"><a href=\"http:\/\/twitter.com\/share\" class=\"twitter-share-button\" data-count=\"horizontal\" data-text=\"Plaza Grande de M\u00e9rida se llenar\u00e1 de tradici\u00f3n con la Gran Muestra Estatal de...\" data-via=\"https:\/\/twitter.com\/VertienteGloba1\" data-url=\"http:\/\/vertienteglobal.com\/?p=246554\" data-lang=\"es\" data-related=\"Informaci\u00f3n general:S\u00edguenos para que est\u00e9ss informado\"><\/a><\/div>\n<figure class=\"wp-block-image size-full\"><img loading=\"lazy\" decoding=\"async\" width=\"512\" height=\"340\" src=\"http:\/\/vertienteglobal.com\/wp-content\/uploads\/2025\/10\/1000720653.jpg\" alt=\"\" class=\"wp-image-246555\" srcset=\"http:\/\/vertienteglobal.com\/wp-content\/uploads\/2025\/10\/1000720653.jpg 512w, http:\/\/vertienteglobal.com\/wp-content\/uploads\/2025\/10\/1000720653-300x199.jpg 300w, http:\/\/vertienteglobal.com\/wp-content\/uploads\/2025\/10\/1000720653-150x100.jpg 150w\" sizes=\"auto, (max-width: 512px) 100vw, 512px\" \/><\/figure>\n\n\n\n<p>(Redacci\u00f3n)<\/p>\n\n\n\n<p><em>El Gobierno del Estado dio a conocer los detalles del evento que reunir\u00e1 m\u00e1s de 80 altares del Janal Pix\u00e1n en la Plaza Grande de M\u00e9rida el 28 de octubre<\/em><\/p>\n\n\n\n<p>M\u00e9rida, Yucat\u00e1n, 23 de octubre de 2025.-El Gobierno del Estado present\u00f3 la Gran Muestra Estatal de Altares 2025, que se llevar\u00e1 a cabo el martes 28 de octubre a partir de las 10 de la ma\u00f1ana en la Plaza Grande de M\u00e9rida, como parte del programa del Janal Pix\u00e1n, una de las tradiciones m\u00e1s significativas del pueblo maya.<\/p>\n\n\n\n<p>Durante la presentaci\u00f3n, la directora general del Instituto para el Desarrollo de la Cultura Maya del Estado de Yucat\u00e1n (Indemaya), Fabiola Loeza Novelo, destac\u00f3 la relevancia cultural y comunitaria de esta celebraci\u00f3n y subray\u00f3 la importancia de mantener vivas las tradiciones que fortalecen la identidad del pueblo yucateco.<\/p>\n\n\n\n<p>En esta edici\u00f3n, se espera la instalaci\u00f3n de al menos 80 altares, elaborados por municipios, instituciones acad\u00e9micas, asociaciones y dependencias del Gobierno del Estado, los cuales ofrecer\u00e1n al p\u00fablico una experiencia visual y simb\u00f3lica que refleja el respeto por la memoria y las ra\u00edces del pueblo maya.<\/p>\n\n\n\n<p>Cada altar mostrar\u00e1 los elementos tradicionales del Janal Pix\u00e1n, como flores, velas, fotograf\u00edas, cruces verdes, dulces y los platillos t\u00edpicos como el pib o mucbipollo, que representan la convivencia entre la vida y la muerte desde la cosmovisi\u00f3n maya.<\/p>\n\n\n\n<p>Como parte de las actividades, se realizar\u00e1 una demostraci\u00f3n del juego de pelota maya \u201cPok Ta Pok\u201d, s\u00edmbolo del equilibrio entre el mundo terrenal y el espiritual, con el que se cerrar\u00e1 la jornada en un ambiente de respeto y orgullo cultural.<\/p>\n\n\n\n<p>El Janal Pix\u00e1n es una expresi\u00f3n viva de amor, memoria y pertenencia, mediante la cual Yucat\u00e1n comparte con el mundo la riqueza de sus tradiciones y su profundo respeto por la vida y la muerte, reafirmando que el pueblo maya sigue siendo ra\u00edz y esencia de la identidad yucateca.<\/p>\n\n\n\n<p>En la presentaci\u00f3n estuvieron tambi\u00e9n la secretaria de la Cultura y las Artes, Patricia Mart\u00edn Brice\u00f1o, y el director del Instituto de Desarrollo Regional y Municipal (Inderm), Roger Aguilar Arroyo, quienes coincidieron en la relevancia de promover este tipo de expresiones culturales que fortalecen la uni\u00f3n comunitaria y el orgullo por las tradiciones mayas.<\/p>\n\n\n\n<figure class=\"wp-block-image size-full\"><img loading=\"lazy\" decoding=\"async\" width=\"512\" height=\"340\" src=\"http:\/\/vertienteglobal.com\/wp-content\/uploads\/2025\/10\/1000720654.jpg\" alt=\"\" class=\"wp-image-246556\" srcset=\"http:\/\/vertienteglobal.com\/wp-content\/uploads\/2025\/10\/1000720654.jpg 512w, http:\/\/vertienteglobal.com\/wp-content\/uploads\/2025\/10\/1000720654-300x199.jpg 300w, http:\/\/vertienteglobal.com\/wp-content\/uploads\/2025\/10\/1000720654-150x100.jpg 150w\" sizes=\"auto, (max-width: 512px) 100vw, 512px\" \/><\/figure>\n\n\n\n<figure class=\"wp-block-image size-full\"><img loading=\"lazy\" decoding=\"async\" width=\"512\" height=\"340\" src=\"http:\/\/vertienteglobal.com\/wp-content\/uploads\/2025\/10\/1000720655.jpg\" alt=\"\" class=\"wp-image-246557\" srcset=\"http:\/\/vertienteglobal.com\/wp-content\/uploads\/2025\/10\/1000720655.jpg 512w, http:\/\/vertienteglobal.com\/wp-content\/uploads\/2025\/10\/1000720655-300x199.jpg 300w, http:\/\/vertienteglobal.com\/wp-content\/uploads\/2025\/10\/1000720655-150x100.jpg 150w\" sizes=\"auto, (max-width: 512px) 100vw, 512px\" \/><\/figure>\n","protected":false},"excerpt":{"rendered":"<p>(Redacci\u00f3n) El Gobierno del Estado dio a conocer los detalles del evento que reunir\u00e1 m\u00e1s de 80 altares del Janal Pix\u00e1n en la Plaza Grande de M\u00e9rida el 28 de octubre M\u00e9rida, Yucat\u00e1n, 23 de octubre de 2025.-El Gobierno del Estado present\u00f3 la Gran Muestra Estatal de Altares 2025, que se llevar\u00e1 a cabo el [&hellip;]<\/p>\n","protected":false},"author":6,"featured_media":246555,"comment_status":"open","ping_status":"open","sticky":false,"template":"","format":"standard","meta":{"footnotes":""},"categories":[2],"tags":[],"class_list":["post-246554","post","type-post","status-publish","format-standard","has-post-thumbnail","hentry","category-yucatan","entry","has-media"],"jetpack_featured_media_url":"http:\/\/vertienteglobal.com\/wp-content\/uploads\/2025\/10\/1000720653.jpg","_links":{"self":[{"href":"http:\/\/vertienteglobal.com\/index.php?rest_route=\/wp\/v2\/posts\/246554","targetHints":{"allow":["GET"]}}],"collection":[{"href":"http:\/\/vertienteglobal.com\/index.php?rest_route=\/wp\/v2\/posts"}],"about":[{"href":"http:\/\/vertienteglobal.com\/index.php?rest_route=\/wp\/v2\/types\/post"}],"author":[{"embeddable":true,"href":"http:\/\/vertienteglobal.com\/index.php?rest_route=\/wp\/v2\/users\/6"}],"replies":[{"embeddable":true,"href":"http:\/\/vertienteglobal.com\/index.php?rest_route=%2Fwp%2Fv2%2Fcomments&post=246554"}],"version-history":[{"count":1,"href":"http:\/\/vertienteglobal.com\/index.php?rest_route=\/wp\/v2\/posts\/246554\/revisions"}],"predecessor-version":[{"id":246558,"href":"http:\/\/vertienteglobal.com\/index.php?rest_route=\/wp\/v2\/posts\/246554\/revisions\/246558"}],"wp:featuredmedia":[{"embeddable":true,"href":"http:\/\/vertienteglobal.com\/index.php?rest_route=\/wp\/v2\/media\/246555"}],"wp:attachment":[{"href":"http:\/\/vertienteglobal.com\/index.php?rest_route=%2Fwp%2Fv2%2Fmedia&parent=246554"}],"wp:term":[{"taxonomy":"category","embeddable":true,"href":"http:\/\/vertienteglobal.com\/index.php?rest_route=%2Fwp%2Fv2%2Fcategories&post=246554"},{"taxonomy":"post_tag","embeddable":true,"href":"http:\/\/vertienteglobal.com\/index.php?rest_route=%2Fwp%2Fv2%2Ftags&post=246554"}],"curies":[{"name":"wp","href":"https:\/\/api.w.org\/{rel}","templated":true}]}}