{"id":246386,"date":"2025-10-22T09:24:00","date_gmt":"2025-10-22T14:24:00","guid":{"rendered":"http:\/\/vertienteglobal.com\/?p=246386"},"modified":"2025-10-22T13:26:42","modified_gmt":"2025-10-22T18:26:42","slug":"arranca-entrega-de-apoyos-a-damnificados-tras-inundaciones-en-veracruz","status":"publish","type":"post","link":"http:\/\/vertienteglobal.com\/?p=246386","title":{"rendered":"Arranca entrega de apoyos a damnificados tras inundaciones en Veracruz"},"content":{"rendered":"\n<div class=\"twitterbutton\" style=\"float: right; padding-left: 5px;\"><a href=\"http:\/\/twitter.com\/share\" class=\"twitter-share-button\" data-count=\"horizontal\" data-text=\"Arranca entrega de apoyos a damnificados tras inundaciones en Veracruz\" data-via=\"https:\/\/twitter.com\/VertienteGloba1\" data-url=\"http:\/\/vertienteglobal.com\/?p=246386\" data-lang=\"es\" data-related=\"Informaci\u00f3n general:S\u00edguenos para que est\u00e9ss informado\"><\/a><\/div>\n<figure class=\"wp-block-image size-full\"><img loading=\"lazy\" decoding=\"async\" width=\"600\" height=\"400\" src=\"http:\/\/vertienteglobal.com\/wp-content\/uploads\/2025\/10\/1000714942.jpg\" alt=\"\" class=\"wp-image-246387\" srcset=\"http:\/\/vertienteglobal.com\/wp-content\/uploads\/2025\/10\/1000714942.jpg 600w, http:\/\/vertienteglobal.com\/wp-content\/uploads\/2025\/10\/1000714942-300x200.jpg 300w, http:\/\/vertienteglobal.com\/wp-content\/uploads\/2025\/10\/1000714942-150x100.jpg 150w\" sizes=\"auto, (max-width: 600px) 100vw, 600px\" \/><\/figure>\n\n\n\n<p>(Redacci\u00f3n)<\/p>\n\n\n\n<p>Explic\u00f3 que con ese cintillo se debe dirigir la persona al m\u00f3dulo del bienestar y ah\u00ed se les entrega el recurso, despu\u00e9s \u00aben el m\u00f3dulo se les va a dar un cup\u00f3n para dos despensas y para los enseres dom\u00e9sticos\u00bb<\/p>\n\n\n\n<p>Ciudad de M\u00e9xico 22 de octubre de 2025.-La presidenta Claudia Sheinbaum Pardo inform\u00f3 que este mi\u00e9rcoles dio inicio la entrega de manera directa de apoyos por 20 mil pesos a las familias damnificadas por las inundaciones en los estados de Veracruz, Puebla, Quer\u00e9taro y San Luis Potos\u00ed, y el domingo pr\u00f3ximo en Hidalgo.<\/p>\n\n\n\n<p>En la conferencia ma\u00f1anera de este mi\u00e9rcoles detall\u00f3 que en las poblaciones se instalar\u00e1 un m\u00f3dulo de los servidores de la naci\u00f3n de la Secretar\u00eda del Bienestar, despu\u00e9s de haberse realizado el censo respectivo de damnificados por lluvias e inundaciones.<\/p>\n\n\n\n<p>Agreg\u00f3 que en el caso de \u00c1lamo todo el municipio result\u00f3 afectado, y en cuanto a Poza Rica, coment\u00f3 que una tercera parte de la ciudad presenta da\u00f1os, tras las inundaciones.<\/p>\n\n\n\n<p>\u00abSe ubica la zona afectada y ah\u00ed servidores y servidoras de la naci\u00f3n van con un formato haciendo el censo, cuando termina el levantamiento del censo se les deja un cintillo con un n\u00famero, que identifica a la persona, que es jefe o jefa de la familia\u00bb.<\/p>\n\n\n\n<p>Explic\u00f3 que con ese cintillo se debe dirigir la persona al m\u00f3dulo del bienestar y ah\u00ed se les entrega el recurso, despu\u00e9s \u00aben el m\u00f3dulo se les va a dar un cup\u00f3n para dos despensas y para los enseres dom\u00e9sticos\u00bb.<\/p>\n\n\n\n<p>Asegur\u00f3 que de esta manera no hay intermediarios ni personas que falsamente se identifiquen como damnificados, \u00abes un trabajo muy expedito el que se hace\u00bb.(XEU)<\/p>\n","protected":false},"excerpt":{"rendered":"<p>(Redacci\u00f3n) Explic\u00f3 que con ese cintillo se debe dirigir la persona al m\u00f3dulo del bienestar y ah\u00ed se les entrega el recurso, despu\u00e9s \u00aben el m\u00f3dulo se les va a dar un cup\u00f3n para dos despensas y para los enseres dom\u00e9sticos\u00bb Ciudad de M\u00e9xico 22 de octubre de 2025.-La presidenta Claudia Sheinbaum Pardo inform\u00f3 que [&hellip;]<\/p>\n","protected":false},"author":6,"featured_media":246387,"comment_status":"open","ping_status":"open","sticky":false,"template":"","format":"standard","meta":{"footnotes":""},"categories":[8],"tags":[],"class_list":["post-246386","post","type-post","status-publish","format-standard","has-post-thumbnail","hentry","category-pais","entry","has-media"],"jetpack_featured_media_url":"http:\/\/vertienteglobal.com\/wp-content\/uploads\/2025\/10\/1000714942.jpg","_links":{"self":[{"href":"http:\/\/vertienteglobal.com\/index.php?rest_route=\/wp\/v2\/posts\/246386","targetHints":{"allow":["GET"]}}],"collection":[{"href":"http:\/\/vertienteglobal.com\/index.php?rest_route=\/wp\/v2\/posts"}],"about":[{"href":"http:\/\/vertienteglobal.com\/index.php?rest_route=\/wp\/v2\/types\/post"}],"author":[{"embeddable":true,"href":"http:\/\/vertienteglobal.com\/index.php?rest_route=\/wp\/v2\/users\/6"}],"replies":[{"embeddable":true,"href":"http:\/\/vertienteglobal.com\/index.php?rest_route=%2Fwp%2Fv2%2Fcomments&post=246386"}],"version-history":[{"count":1,"href":"http:\/\/vertienteglobal.com\/index.php?rest_route=\/wp\/v2\/posts\/246386\/revisions"}],"predecessor-version":[{"id":246388,"href":"http:\/\/vertienteglobal.com\/index.php?rest_route=\/wp\/v2\/posts\/246386\/revisions\/246388"}],"wp:featuredmedia":[{"embeddable":true,"href":"http:\/\/vertienteglobal.com\/index.php?rest_route=\/wp\/v2\/media\/246387"}],"wp:attachment":[{"href":"http:\/\/vertienteglobal.com\/index.php?rest_route=%2Fwp%2Fv2%2Fmedia&parent=246386"}],"wp:term":[{"taxonomy":"category","embeddable":true,"href":"http:\/\/vertienteglobal.com\/index.php?rest_route=%2Fwp%2Fv2%2Fcategories&post=246386"},{"taxonomy":"post_tag","embeddable":true,"href":"http:\/\/vertienteglobal.com\/index.php?rest_route=%2Fwp%2Fv2%2Ftags&post=246386"}],"curies":[{"name":"wp","href":"https:\/\/api.w.org\/{rel}","templated":true}]}}