{"id":246008,"date":"2025-10-17T07:24:00","date_gmt":"2025-10-17T12:24:00","guid":{"rendered":"http:\/\/vertienteglobal.com\/?p=246008"},"modified":"2025-10-17T08:55:20","modified_gmt":"2025-10-17T13:55:20","slug":"original-2025-reune-en-yucatan-arte-textil-y-riqueza-artesanal-de-mexico","status":"publish","type":"post","link":"http:\/\/vertienteglobal.com\/?p=246008","title":{"rendered":"Original 2025 re\u00fane en Yucat\u00e1n arte textil y riqueza artesanal de M\u00e9xico\u00a0"},"content":{"rendered":"\n<div class=\"twitterbutton\" style=\"float: right; padding-left: 5px;\"><a href=\"http:\/\/twitter.com\/share\" class=\"twitter-share-button\" data-count=\"horizontal\" data-text=\"Original 2025 re\u00fane en Yucat\u00e1n arte textil y riqueza artesanal de M\u00e9xico\u00a0\" data-via=\"https:\/\/twitter.com\/VertienteGloba1\" data-url=\"http:\/\/vertienteglobal.com\/?p=246008\" data-lang=\"es\" data-related=\"Informaci\u00f3n general:S\u00edguenos para que est\u00e9ss informado\"><\/a><\/div>\n<figure class=\"wp-block-image size-full\"><img loading=\"lazy\" decoding=\"async\" width=\"768\" height=\"512\" src=\"http:\/\/vertienteglobal.com\/wp-content\/uploads\/2025\/10\/1000702060.jpg\" alt=\"\" class=\"wp-image-246009\" srcset=\"http:\/\/vertienteglobal.com\/wp-content\/uploads\/2025\/10\/1000702060.jpg 768w, http:\/\/vertienteglobal.com\/wp-content\/uploads\/2025\/10\/1000702060-300x200.jpg 300w, http:\/\/vertienteglobal.com\/wp-content\/uploads\/2025\/10\/1000702060-150x100.jpg 150w\" sizes=\"auto, (max-width: 768px) 100vw, 768px\" \/><\/figure>\n\n\n\n<p>(Redacci\u00f3n)<\/p>\n\n\n\n<p><em>El Gobernador Joaqu\u00edn D\u00edaz Mena inaugur\u00f3 el encuentro nacional que por primera vez se realiza fuera de la Ciudad de M\u00e9xico y rinde homenaje a la herencia textil y al trabajo de las maestras y maestros artesanos.<\/em><br>\u00a0<br><em>Del 16 al 19 de octubre, m\u00e1s de 300 creadoras y creadores de todo el pa\u00eds exhiben piezas que entrelazan identidad, historia y comunidad<\/em><\/p>\n\n\n\n<p>M\u00e9rida, Yucat\u00e1n, 17 de octubre de 2025.-El Gobernador Joaqu\u00edn D\u00edaz Mena inaugur\u00f3 \u201cOriginal Yucat\u00e1n, Encuentro de Arte Textil Mexicano\u201d, evento que celebra y reconoce a las maestras y maestros artesanos de M\u00e9xico como guardianes de una herencia cultural invaluable, al tiempo que proyecta a Yucat\u00e1n como un referente nacional en creatividad, identidad y desarrollo econ\u00f3mico.<br>\u00a0<br>Durante la ceremonia de apertura, el mandatario destac\u00f3 que, del 16 al 19 de octubre, el Centro de Convenciones Siglo XXI y el Gran Museo del Mundo Maya ser\u00e1n escenario de una excelente muestra de talento artesanal, donde m\u00e1s de 300 creadoras y creadores de todo el pa\u00eds compartir\u00e1n su trabajo, t\u00e9cnicas y saberes con el p\u00fablico.<br>\u00a0<br>Con una agenda que incluye exposiciones, talleres, pasarelas, conferencias y muestras gastron\u00f3micas, \u201cOriginal Yucat\u00e1n\u201d busca fortalecer los lazos entre tradici\u00f3n y contemporaneidad, impulsando el reconocimiento y la valoraci\u00f3n del trabajo artesanal como una expresi\u00f3n viva del patrimonio cultural mexicano.<br>\u00a0<br>\u201cOriginal Yucat\u00e1n es un homenaje a las culturas que dan sentido a M\u00e9xico. Aqu\u00ed se encuentran estados como Chiapas y Oaxaca, Guerrero y Puebla, Tlaxcala y, por supuesto, Yucat\u00e1n, y muchos otros. Unidos por un mismo prop\u00f3sito: mostrar que la grandeza del pa\u00eds no est\u00e1 en las vitrinas del lujo, sino en la creatividad de nuestra gente, en la herencia que pasa de generaci\u00f3n en generaci\u00f3n\u201d, destac\u00f3.<br>\u00a0<br>En presencia de la secretaria de Cultura del Gobierno de M\u00e9xico, Claudia Curiel de Icaza, resalt\u00f3 que este festival representa un acto de justicia y de reconocimiento a quienes han mantenido vivas las tradiciones que nos definen como naci\u00f3n. Original Yucat\u00e1n es un homenaje a las culturas que dan sentido a M\u00e9xico.<br>\u00a0<br>D\u00edaz Mena reafirm\u00f3 que el Gobierno del Renacimiento Maya impulsa una pol\u00edtica cultural con rostro humano, reconociendo a las y los artesanos como el coraz\u00f3n creativo de Yucat\u00e1n, fortaleciendo los espacios de promoci\u00f3n, capacitaci\u00f3n y comercializaci\u00f3n para que el trabajo artesanal sea valorado, genere bienestar y permita que quienes crean con sus manos vivan con tranquilidad, seguridad y orgullo.<br>\u00a0<br>Acompa\u00f1ado por su esposa, la Presidenta Honoraria del Sistema DIF Yucat\u00e1n, Mtra. Wendy M\u00e9ndez Naal, el jefe del Ejecutivo estatal destac\u00f3 que esta plataforma permite que nuevas generaciones conozcan y se enamoren del arte popular, a trav\u00e9s de pasarelas inspiradas en los paisajes de M\u00e9xico, cine, conciertos, talleres y actividades gratuitas para todas las edades.<br>\u00a0<br>Tambi\u00e9n agradeci\u00f3 a la Presidenta Claudia Sheinbaum Pardo por su respaldo al programa Original, que dignifica el trabajo artesanal y lo posiciona como motor de desarrollo. Adem\u00e1s, reconoci\u00f3 a las y los artesanos como portadores de identidad, cuya creatividad une comunidades y representa a M\u00e9xico ante el mundo.<br>\u00a0<br>Durante su intervenci\u00f3n, Curiel de Icaza agradeci\u00f3 a quienes hicieron posible este encuentro, que se ha convertido en uno de los m\u00e1s importantes de Am\u00e9rica Latina. \u201cOriginal surgi\u00f3 en 2021 como respuesta al plagio de grandes marcas que se apropiaban de dise\u00f1os comunitarios para reproducirlos sin reconocimiento. Desde entonces, se ha trabajado directamente con artesanas y artesanos de todo el pa\u00eds eliminando intermediarios y promoviendo una comercializaci\u00f3n justa\u201d, detall\u00f3 la funcionaria federal.<br>\u00a0<br>En su discurso, la titular de la Secretar\u00eda de la Cultura y las Artes de Yucat\u00e1n (Sedeculta), Patricia Mart\u00edn Brice\u00f1o, dio a conocer que esta es la primera edici\u00f3n del movimiento cultural Original fuera de la capital del pa\u00eds, impulsado por la Secretar\u00eda de Cultura del Gobierno de M\u00e9xico. \u201cOriginal Yucat\u00e1n visibiliza los saberes ancestrales, impulsa el comercio justo, fortalece el orgullo identitario y fomenta el intercambio internacional\u201d, dijo.<br>\u00a0<br>Previo al evento protocolario de inauguraci\u00f3n, se realiz\u00f3 el corte del list\u00f3n que marc\u00f3 el arranque de la exposici\u00f3n en la que participan artesanas y artesanos provenientes de casi todo M\u00e9xico, custodios de t\u00e9cnicas ancestrales que dan vida a textiles, joyer\u00eda, cer\u00e1mica, alfarer\u00eda y objetos utilitarios donde el oficio se convierte en lenguaje, as\u00ed como invitados de Cuba y Paraguay.<br>\u00a0<br>Tambi\u00e9n se realiz\u00f3 una ceremonia maya como acto simb\u00f3lico de petici\u00f3n y armon\u00eda, con el prop\u00f3sito de que la jornada transcurra con \u00e9xito, se aprueben las propuestas presentadas en los diversos foros y se fortalezcan los v\u00ednculos entre los estados participantes. Para finalizar, se realiz\u00f3 un desfile donde 15 modelos presentaron dise\u00f1os exclusivos de ropa t\u00edpica de los estados de la Rep\u00fablica Mexicana que participan en esta muestra.<br>\u00a0<br>En el evento estuvieron presentes la subsecretaria de Desarrollo Cultural del Gobierno Federal, Marina N\u00fa\u00f1ez Bespalova; el representante de la Unesco en M\u00e9xico, Andr\u00e9s Morales; el director general del Instituto Yucateco de Emprendedores (IYEM), Salvador Vitelli Mac\u00edas; as\u00ed como los maestros artesanos Suemy Argelia Montejo Guti\u00e9rrez y Christopher Alejandro Garc\u00eda Luna.<\/p>\n\n\n\n<figure class=\"wp-block-image size-full\"><img loading=\"lazy\" decoding=\"async\" width=\"768\" height=\"512\" src=\"http:\/\/vertienteglobal.com\/wp-content\/uploads\/2025\/10\/1000702063.jpg\" alt=\"\" class=\"wp-image-246010\" srcset=\"http:\/\/vertienteglobal.com\/wp-content\/uploads\/2025\/10\/1000702063.jpg 768w, http:\/\/vertienteglobal.com\/wp-content\/uploads\/2025\/10\/1000702063-300x200.jpg 300w, http:\/\/vertienteglobal.com\/wp-content\/uploads\/2025\/10\/1000702063-150x100.jpg 150w\" sizes=\"auto, (max-width: 768px) 100vw, 768px\" \/><\/figure>\n\n\n\n<figure class=\"wp-block-image size-full\"><img loading=\"lazy\" decoding=\"async\" width=\"768\" height=\"541\" src=\"http:\/\/vertienteglobal.com\/wp-content\/uploads\/2025\/10\/1000702061.jpg\" alt=\"\" class=\"wp-image-246011\" srcset=\"http:\/\/vertienteglobal.com\/wp-content\/uploads\/2025\/10\/1000702061.jpg 768w, http:\/\/vertienteglobal.com\/wp-content\/uploads\/2025\/10\/1000702061-300x211.jpg 300w, http:\/\/vertienteglobal.com\/wp-content\/uploads\/2025\/10\/1000702061-150x106.jpg 150w\" sizes=\"auto, (max-width: 768px) 100vw, 768px\" \/><\/figure>\n\n\n\n<figure class=\"wp-block-image size-full\"><img loading=\"lazy\" decoding=\"async\" width=\"768\" height=\"512\" src=\"http:\/\/vertienteglobal.com\/wp-content\/uploads\/2025\/10\/1000702062.jpg\" alt=\"\" class=\"wp-image-246012\" srcset=\"http:\/\/vertienteglobal.com\/wp-content\/uploads\/2025\/10\/1000702062.jpg 768w, http:\/\/vertienteglobal.com\/wp-content\/uploads\/2025\/10\/1000702062-300x200.jpg 300w, http:\/\/vertienteglobal.com\/wp-content\/uploads\/2025\/10\/1000702062-150x100.jpg 150w\" sizes=\"auto, (max-width: 768px) 100vw, 768px\" \/><\/figure>\n","protected":false},"excerpt":{"rendered":"<p>(Redacci\u00f3n) El Gobernador Joaqu\u00edn D\u00edaz Mena inaugur\u00f3 el encuentro nacional que por primera vez se realiza fuera de la Ciudad de M\u00e9xico y rinde homenaje a la herencia textil y al trabajo de las maestras y maestros artesanos.\u00a0Del 16 al 19 de octubre, m\u00e1s de 300 creadoras y creadores de todo el pa\u00eds exhiben piezas [&hellip;]<\/p>\n","protected":false},"author":6,"featured_media":246009,"comment_status":"open","ping_status":"open","sticky":false,"template":"","format":"standard","meta":{"footnotes":""},"categories":[2],"tags":[],"class_list":["post-246008","post","type-post","status-publish","format-standard","has-post-thumbnail","hentry","category-yucatan","entry","has-media"],"jetpack_featured_media_url":"http:\/\/vertienteglobal.com\/wp-content\/uploads\/2025\/10\/1000702060.jpg","_links":{"self":[{"href":"http:\/\/vertienteglobal.com\/index.php?rest_route=\/wp\/v2\/posts\/246008","targetHints":{"allow":["GET"]}}],"collection":[{"href":"http:\/\/vertienteglobal.com\/index.php?rest_route=\/wp\/v2\/posts"}],"about":[{"href":"http:\/\/vertienteglobal.com\/index.php?rest_route=\/wp\/v2\/types\/post"}],"author":[{"embeddable":true,"href":"http:\/\/vertienteglobal.com\/index.php?rest_route=\/wp\/v2\/users\/6"}],"replies":[{"embeddable":true,"href":"http:\/\/vertienteglobal.com\/index.php?rest_route=%2Fwp%2Fv2%2Fcomments&post=246008"}],"version-history":[{"count":1,"href":"http:\/\/vertienteglobal.com\/index.php?rest_route=\/wp\/v2\/posts\/246008\/revisions"}],"predecessor-version":[{"id":246013,"href":"http:\/\/vertienteglobal.com\/index.php?rest_route=\/wp\/v2\/posts\/246008\/revisions\/246013"}],"wp:featuredmedia":[{"embeddable":true,"href":"http:\/\/vertienteglobal.com\/index.php?rest_route=\/wp\/v2\/media\/246009"}],"wp:attachment":[{"href":"http:\/\/vertienteglobal.com\/index.php?rest_route=%2Fwp%2Fv2%2Fmedia&parent=246008"}],"wp:term":[{"taxonomy":"category","embeddable":true,"href":"http:\/\/vertienteglobal.com\/index.php?rest_route=%2Fwp%2Fv2%2Fcategories&post=246008"},{"taxonomy":"post_tag","embeddable":true,"href":"http:\/\/vertienteglobal.com\/index.php?rest_route=%2Fwp%2Fv2%2Ftags&post=246008"}],"curies":[{"name":"wp","href":"https:\/\/api.w.org\/{rel}","templated":true}]}}