{"id":245997,"date":"2025-10-16T16:55:00","date_gmt":"2025-10-16T21:55:00","guid":{"rendered":"http:\/\/vertienteglobal.com\/?p=245997"},"modified":"2025-10-17T00:03:43","modified_gmt":"2025-10-17T05:03:43","slug":"mara-lezama-y-josefina-rodriguez-recorren-el-parque-del-jaguar-los-accesos-y-dialogan-con-los-sectores-turisticos-de-tulum","status":"publish","type":"post","link":"http:\/\/vertienteglobal.com\/?p=245997","title":{"rendered":"Mara Lezama y Josefina Rodr\u00edguez recorren el Parque del Jaguar, los accesos y dialogan con los sectores tur\u00edsticos de Tulum"},"content":{"rendered":"\n<div class=\"twitterbutton\" style=\"float: right; padding-left: 5px;\"><a href=\"http:\/\/twitter.com\/share\" class=\"twitter-share-button\" data-count=\"horizontal\" data-text=\"Mara Lezama y Josefina Rodr\u00edguez recorren el Parque del Jaguar, los accesos y d...\" data-via=\"https:\/\/twitter.com\/VertienteGloba1\" data-url=\"http:\/\/vertienteglobal.com\/?p=245997\" data-lang=\"es\" data-related=\"Informaci\u00f3n general:S\u00edguenos para que est\u00e9ss informado\"><\/a><\/div>\n<figure class=\"wp-block-image size-full\"><img loading=\"lazy\" decoding=\"async\" width=\"614\" height=\"409\" src=\"http:\/\/vertienteglobal.com\/wp-content\/uploads\/2025\/10\/1000701644.jpg\" alt=\"\" class=\"wp-image-245998\" srcset=\"http:\/\/vertienteglobal.com\/wp-content\/uploads\/2025\/10\/1000701644.jpg 614w, http:\/\/vertienteglobal.com\/wp-content\/uploads\/2025\/10\/1000701644-300x200.jpg 300w, http:\/\/vertienteglobal.com\/wp-content\/uploads\/2025\/10\/1000701644-150x100.jpg 150w\" sizes=\"auto, (max-width: 614px) 100vw, 614px\" \/><\/figure>\n\n\n\n<p>(Redacci\u00f3n)<\/p>\n\n\n\n<p>Realizaron gira de trabajo, que incluy\u00f3 un recorrido del Parque del Jaguar, verificaron accesos a playa y dialogaron con hoteleros, taxistas, comerciantes, artesanas y prestadores de servicios para atender sus planteamientos<\/p>\n\n\n\n<p>Se espera que la siguiente semana se hagan anuncios en la conferencia de prensa que encabeza la Presidenta Claudia Sheinbaum Pardo para atender las demandas ciudadanas<\/p>\n\n\n\n<p>Tulum, Quintana Roo, 16 de octubre 2025.- La gobernadora Mara Lezama Espinosa y la secretaria de Turismo Josefina Rodr\u00edguez Zamora realizaron una gira de trabajo por Tulum en donde escucharon, atendieron y respondieron a hoteleros en reuni\u00f3n de trabajo, encabezaron el Primer Foro de Turismo Comunitario, promovido por la Comisi\u00f3n de Turismo del Senado de la Rep\u00fablica dentro del marco del Pacto Legislativo por el Turismo Nacional, y recorrieron el Parque del Jaguar.<\/p>\n\n\n\n<p>Se tiene como objetivo fortalecer y generar estrategias conjuntas, en corresponsabilidad, que impulsen el desarrollo sostenible con prosperidad compartida, y que se impulse la promoci\u00f3n del destino, con la participaci\u00f3n de instancias y dependencias de los tres \u00f3rdenes de gobierno y del sector privado.<\/p>\n\n\n\n<p>Durante la reuni\u00f3n de trabajo con hoteleros, la secretaria Josefina Rodr\u00edguez puntualiz\u00f3 que esta es una de muchas sesiones que seguramente se realizar\u00e1n, porque asegur\u00f3 que vendr\u00e1 a Quintana Roo con mayor frecuencia.<\/p>\n\n\n\n<p>Dos acuerdos quedaron sobre la mesa para trabajarlas en conjunto: la corresponsabilidad para fortalecer los accesos a las playas, por lo que se analiza con el INAH, la SEDENA y la CONANP la infraestructura para habilitar el acceso principal, donde est\u00e1n los artesanos, al Parque del Jaguar. Por su parte, los hoteleros propondr\u00e1n abrir tambi\u00e9n accesos p\u00fablicos de modo que entre todos se cree un registro de accesos p\u00fablicos a la zona costera.<\/p>\n\n\n\n<p>La siguiente semana habr\u00e1 otra reuni\u00f3n de trabajo con el director de la unidad de pol\u00edtica tur\u00edstica de SECTUR para revisar el tema y crear una planeaci\u00f3n estrat\u00e9gica del destino, junto con FONATUR, que llevar\u00e1 tener un Plan Maestro de Tulum.<\/p>\n\n\n\n<p>El segundo acuerdo vers\u00f3 sobre el fortalecimiento de la promoci\u00f3n del destino, la Gobernadora detall\u00f3 acciones orientadas al reposicionamiento de mercados clave y el lanzamiento de una imagen renovada para la marca Tulum con sus atributos clave, as\u00ed como acciones orientadas a la comercializaci\u00f3n de campa\u00f1as cooperativas con socios comerciales para fortalecer la conectividad a\u00e9rea hacia el Aeropuerto Internacional de Tulum. Por otra parte, se acord\u00f3 trabajar en la sensibilizaci\u00f3n y profesionalizaci\u00f3n de prestadores de servicios tur\u00edsticos.<\/p>\n\n\n\n<p>La gobernadora Mara Lezama destac\u00f3 la importancia de esta reuni\u00f3n, en la que se tuvo la oportunidad de tomar decisiones para hacer de Tulum el mejor destino del mundo.<\/p>\n\n\n\n<p>Asimismo, como parte del Pacto Legislativo por el Turismo Nacional, la Comisi\u00f3n de Turismo del Senado de la Rep\u00fablica llev\u00f3 a cabo el Foro de Turismo Comunitario en esta ciudad, en la que estuvieron presentes Mara Lezama y Josefina Rodr\u00edguez, en gira de trabajo.<\/p>\n\n\n\n<p>Mara Lezama, Josefina Rodr\u00edguez y Eugenio Segura destacaron la importancia de Maya Ka\u00b4an como un modelo de desarrollo tur\u00edstico comunitario que responde al impulso que la Presidenta Claudia Sheinbaum les da a las comunidades rurales.<\/p>\n\n\n\n<p>La Gobernadora inform\u00f3 que este destino, con un mill\u00f3n de visitantes y 76 comunidades mayas involucradas, tendr\u00e1 un Plan de Manejo, \u00fanico en el pa\u00eds, para garantizar la sostenibilidad y la sustentabilidad en protecci\u00f3n de la cultura ancestral.<\/p>\n\n\n\n<p>Por su parte, la secretaria Josefina Rodr\u00edguez hizo hincapi\u00e9 en que la Presidenta Claudia Sheinbaum le da fuerte impulso al turismo comunitario, tanto para la visibilizaci\u00f3n y reconocimiento de nuestras tradiciones, historia y esencia de la gente, como para mejorar su calidad de vida con prosperidad compartida.<\/p>\n\n\n\n<p>El foro reuni\u00f3 a representantes de comunidades, organizaciones civiles, acad\u00e9micos y especialistas del \u00e1mbito tur\u00edstico p\u00fablico y privado, en un espacio plural e incluyente destinado a promover el di\u00e1logo y la articulaci\u00f3n de redes para el impulso del turismo comunitario como un modelo sostenible, participativo y justo.<\/p>\n\n\n\n<p>La gira de trabajo concluy\u00f3 con un recorrido por el Parque del Jaguar. Mara Lezama, Josefina Rodr\u00edguez y Diego Casta\u00f1\u00f3n, presidente de Tulum, accedieron por la entrada principal, por donde se encuentran artesanos, negocios, y donde se centra la actividad econ\u00f3mica.<\/p>\n\n\n\n<p>Este recorrido permiti\u00f3 constatar la experiencia y las vivencias que tienen los turistas. Platicaron con los trabajadores del parador y escucharon de viva voz la operaci\u00f3n que se aplica; recorrieron el estacionamiento, escucharon a comerciantes, artesanas y artesanos, gu\u00edas de turistas, vendedores de tours. Finalmente, tuvieron una atenci\u00f3n a medios en el acceso sur del parque.<\/p>\n\n\n\n<figure class=\"wp-block-image size-full\"><img loading=\"lazy\" decoding=\"async\" width=\"585\" height=\"390\" src=\"http:\/\/vertienteglobal.com\/wp-content\/uploads\/2025\/10\/1000701641.jpg\" alt=\"\" class=\"wp-image-245999\" srcset=\"http:\/\/vertienteglobal.com\/wp-content\/uploads\/2025\/10\/1000701641.jpg 585w, http:\/\/vertienteglobal.com\/wp-content\/uploads\/2025\/10\/1000701641-300x200.jpg 300w, http:\/\/vertienteglobal.com\/wp-content\/uploads\/2025\/10\/1000701641-150x100.jpg 150w\" sizes=\"auto, (max-width: 585px) 100vw, 585px\" \/><\/figure>\n\n\n\n<figure class=\"wp-block-image size-full\"><img loading=\"lazy\" decoding=\"async\" width=\"585\" height=\"390\" src=\"http:\/\/vertienteglobal.com\/wp-content\/uploads\/2025\/10\/1000701642.jpg\" alt=\"\" class=\"wp-image-246000\" srcset=\"http:\/\/vertienteglobal.com\/wp-content\/uploads\/2025\/10\/1000701642.jpg 585w, http:\/\/vertienteglobal.com\/wp-content\/uploads\/2025\/10\/1000701642-300x200.jpg 300w, http:\/\/vertienteglobal.com\/wp-content\/uploads\/2025\/10\/1000701642-150x100.jpg 150w\" sizes=\"auto, (max-width: 585px) 100vw, 585px\" \/><\/figure>\n","protected":false},"excerpt":{"rendered":"<p>(Redacci\u00f3n) Realizaron gira de trabajo, que incluy\u00f3 un recorrido del Parque del Jaguar, verificaron accesos a playa y dialogaron con hoteleros, taxistas, comerciantes, artesanas y prestadores de servicios para atender sus planteamientos Se espera que la siguiente semana se hagan anuncios en la conferencia de prensa que encabeza la Presidenta Claudia Sheinbaum Pardo para atender [&hellip;]<\/p>\n","protected":false},"author":6,"featured_media":245998,"comment_status":"open","ping_status":"open","sticky":false,"template":"","format":"standard","meta":{"footnotes":""},"categories":[3],"tags":[],"class_list":["post-245997","post","type-post","status-publish","format-standard","has-post-thumbnail","hentry","category-quintana-roo","entry","has-media"],"jetpack_featured_media_url":"http:\/\/vertienteglobal.com\/wp-content\/uploads\/2025\/10\/1000701644.jpg","_links":{"self":[{"href":"http:\/\/vertienteglobal.com\/index.php?rest_route=\/wp\/v2\/posts\/245997","targetHints":{"allow":["GET"]}}],"collection":[{"href":"http:\/\/vertienteglobal.com\/index.php?rest_route=\/wp\/v2\/posts"}],"about":[{"href":"http:\/\/vertienteglobal.com\/index.php?rest_route=\/wp\/v2\/types\/post"}],"author":[{"embeddable":true,"href":"http:\/\/vertienteglobal.com\/index.php?rest_route=\/wp\/v2\/users\/6"}],"replies":[{"embeddable":true,"href":"http:\/\/vertienteglobal.com\/index.php?rest_route=%2Fwp%2Fv2%2Fcomments&post=245997"}],"version-history":[{"count":1,"href":"http:\/\/vertienteglobal.com\/index.php?rest_route=\/wp\/v2\/posts\/245997\/revisions"}],"predecessor-version":[{"id":246001,"href":"http:\/\/vertienteglobal.com\/index.php?rest_route=\/wp\/v2\/posts\/245997\/revisions\/246001"}],"wp:featuredmedia":[{"embeddable":true,"href":"http:\/\/vertienteglobal.com\/index.php?rest_route=\/wp\/v2\/media\/245998"}],"wp:attachment":[{"href":"http:\/\/vertienteglobal.com\/index.php?rest_route=%2Fwp%2Fv2%2Fmedia&parent=245997"}],"wp:term":[{"taxonomy":"category","embeddable":true,"href":"http:\/\/vertienteglobal.com\/index.php?rest_route=%2Fwp%2Fv2%2Fcategories&post=245997"},{"taxonomy":"post_tag","embeddable":true,"href":"http:\/\/vertienteglobal.com\/index.php?rest_route=%2Fwp%2Fv2%2Ftags&post=245997"}],"curies":[{"name":"wp","href":"https:\/\/api.w.org\/{rel}","templated":true}]}}