{"id":245908,"date":"2025-10-15T19:24:00","date_gmt":"2025-10-16T00:24:00","guid":{"rendered":"http:\/\/vertienteglobal.com\/?p=245908"},"modified":"2025-10-16T15:01:59","modified_gmt":"2025-10-16T20:01:59","slug":"inicia-en-felipe-carrillo-puerto-la-construccion-del-mercado-publico-municipal-para-fortalecer-la-economia-y-la-prosperidad-compartida","status":"publish","type":"post","link":"http:\/\/vertienteglobal.com\/?p=245908","title":{"rendered":"Inicia en Felipe Carrillo Puerto la construcci\u00f3n del Mercado P\u00fablico Municipal para fortalecer la econom\u00eda y la prosperidad compartida"},"content":{"rendered":"\n<div class=\"twitterbutton\" style=\"float: right; padding-left: 5px;\"><a href=\"http:\/\/twitter.com\/share\" class=\"twitter-share-button\" data-count=\"horizontal\" data-text=\"Inicia en Felipe Carrillo Puerto la construcci\u00f3n del Mercado P\u00fablico Municipal...\" data-via=\"https:\/\/twitter.com\/VertienteGloba1\" data-url=\"http:\/\/vertienteglobal.com\/?p=245908\" data-lang=\"es\" data-related=\"Informaci\u00f3n general:S\u00edguenos para que est\u00e9ss informado\"><\/a><\/div>\n<figure class=\"wp-block-image size-large\"><img loading=\"lazy\" decoding=\"async\" width=\"1024\" height=\"683\" src=\"http:\/\/vertienteglobal.com\/wp-content\/uploads\/2025\/10\/1000700382-1024x683.jpg\" alt=\"\" class=\"wp-image-245909\" srcset=\"http:\/\/vertienteglobal.com\/wp-content\/uploads\/2025\/10\/1000700382-1024x683.jpg 1024w, http:\/\/vertienteglobal.com\/wp-content\/uploads\/2025\/10\/1000700382-300x200.jpg 300w, http:\/\/vertienteglobal.com\/wp-content\/uploads\/2025\/10\/1000700382-150x100.jpg 150w, http:\/\/vertienteglobal.com\/wp-content\/uploads\/2025\/10\/1000700382-768x512.jpg 768w, http:\/\/vertienteglobal.com\/wp-content\/uploads\/2025\/10\/1000700382.jpg 1280w\" sizes=\"auto, (max-width: 1024px) 100vw, 1024px\" \/><\/figure>\n\n\n\n<p>(Redacci\u00f3n)<\/p>\n\n\n\n<p>Mara Lezama y Mary Hern\u00e1ndez destacaron que responde a una demanda hist\u00f3rica de locatarios y habitantes de Felipe Carrillo Puerto<\/p>\n\n\n\n<p>Felipe Carrillo Puerto, Quintana Roo, a 15 de octubre de 2025. \u2013 Con una inversi\u00f3n municipal superior a los 26 millones de pesos, comenz\u00f3 la construcci\u00f3n del nuevo mercado p\u00fablico en Felipe Carrillo Puerto, una obra hist\u00f3rica que beneficiar\u00e1 a todo el municipio y sus comunidades.<\/p>\n\n\n\n<p>La gobernadora Mara Lezama Espinosa, acompa\u00f1ada por la presidenta municipal Mary Hern\u00e1ndez, destac\u00f3 que este proyecto responde a una demanda hist\u00f3rica de locatarias y locatarios, quienes durante a\u00f1os esperaron la modernizaci\u00f3n del espacio. \u201cMuy pronto ser\u00e1 una realidad y permitir\u00e1 a las familias carrilloportenses ofrecer y adquirir productos con higiene, comodidad y seguridad\u201d, asegur\u00f3 la Gobernadora.<\/p>\n\n\n\n<p>La presidenta Mary Hern\u00e1ndez explic\u00f3 que el nuevo mercado, que contar\u00e1 con m\u00e1s de 3 mil 500 metros cuadrados, se convertir\u00e1 en un punto de encuentro para la vida diaria del municipio, donde se podr\u00e1n comercializar frutas, verduras y productos del campo, as\u00ed como disfrutar de comidas caseras en un ambiente seguro.<\/p>\n\n\n\n<p>Durante el inicio de obra, se enfatiz\u00f3 que los trabajos se realizar\u00e1n en un plazo aproximado de 90 d\u00edas, generando empleo para la poblaci\u00f3n local y utilizando materiales de la regi\u00f3n. \u201cAs\u00ed gobernamos en esta nueva forma de gobierno, de la mano del pueblo y con certeza de que los recursos regresan a la comunidad\u201d, subray\u00f3 la Gobernadora.<\/p>\n\n\n\n<p>Con esta inversi\u00f3n, Felipe Carrillo Puerto refuerza su econom\u00eda local y avanza en la transformaci\u00f3n social y comunitaria impulsada por los gobiernos de la Cuarta Transformaci\u00f3n, promoviendo la participaci\u00f3n activa de las mujeres en la gesti\u00f3n p\u00fablica.<\/p>\n\n\n\n<figure class=\"wp-block-image size-full\"><img loading=\"lazy\" decoding=\"async\" width=\"585\" height=\"390\" src=\"http:\/\/vertienteglobal.com\/wp-content\/uploads\/2025\/10\/1000700383.jpg\" alt=\"\" class=\"wp-image-245910\" srcset=\"http:\/\/vertienteglobal.com\/wp-content\/uploads\/2025\/10\/1000700383.jpg 585w, http:\/\/vertienteglobal.com\/wp-content\/uploads\/2025\/10\/1000700383-300x200.jpg 300w, http:\/\/vertienteglobal.com\/wp-content\/uploads\/2025\/10\/1000700383-150x100.jpg 150w\" sizes=\"auto, (max-width: 585px) 100vw, 585px\" \/><\/figure>\n\n\n\n<figure class=\"wp-block-image size-full\"><img loading=\"lazy\" decoding=\"async\" width=\"585\" height=\"390\" src=\"http:\/\/vertienteglobal.com\/wp-content\/uploads\/2025\/10\/1000700384.jpg\" alt=\"\" class=\"wp-image-245911\" srcset=\"http:\/\/vertienteglobal.com\/wp-content\/uploads\/2025\/10\/1000700384.jpg 585w, http:\/\/vertienteglobal.com\/wp-content\/uploads\/2025\/10\/1000700384-300x200.jpg 300w, http:\/\/vertienteglobal.com\/wp-content\/uploads\/2025\/10\/1000700384-150x100.jpg 150w\" sizes=\"auto, (max-width: 585px) 100vw, 585px\" \/><\/figure>\n","protected":false},"excerpt":{"rendered":"<p>(Redacci\u00f3n) Mara Lezama y Mary Hern\u00e1ndez destacaron que responde a una demanda hist\u00f3rica de locatarios y habitantes de Felipe Carrillo Puerto Felipe Carrillo Puerto, Quintana Roo, a 15 de octubre de 2025. \u2013 Con una inversi\u00f3n municipal superior a los 26 millones de pesos, comenz\u00f3 la construcci\u00f3n del nuevo mercado p\u00fablico en Felipe Carrillo Puerto, [&hellip;]<\/p>\n","protected":false},"author":6,"featured_media":245909,"comment_status":"open","ping_status":"open","sticky":false,"template":"","format":"standard","meta":{"footnotes":""},"categories":[3],"tags":[],"class_list":["post-245908","post","type-post","status-publish","format-standard","has-post-thumbnail","hentry","category-quintana-roo","entry","has-media"],"jetpack_featured_media_url":"http:\/\/vertienteglobal.com\/wp-content\/uploads\/2025\/10\/1000700382.jpg","_links":{"self":[{"href":"http:\/\/vertienteglobal.com\/index.php?rest_route=\/wp\/v2\/posts\/245908","targetHints":{"allow":["GET"]}}],"collection":[{"href":"http:\/\/vertienteglobal.com\/index.php?rest_route=\/wp\/v2\/posts"}],"about":[{"href":"http:\/\/vertienteglobal.com\/index.php?rest_route=\/wp\/v2\/types\/post"}],"author":[{"embeddable":true,"href":"http:\/\/vertienteglobal.com\/index.php?rest_route=\/wp\/v2\/users\/6"}],"replies":[{"embeddable":true,"href":"http:\/\/vertienteglobal.com\/index.php?rest_route=%2Fwp%2Fv2%2Fcomments&post=245908"}],"version-history":[{"count":1,"href":"http:\/\/vertienteglobal.com\/index.php?rest_route=\/wp\/v2\/posts\/245908\/revisions"}],"predecessor-version":[{"id":245912,"href":"http:\/\/vertienteglobal.com\/index.php?rest_route=\/wp\/v2\/posts\/245908\/revisions\/245912"}],"wp:featuredmedia":[{"embeddable":true,"href":"http:\/\/vertienteglobal.com\/index.php?rest_route=\/wp\/v2\/media\/245909"}],"wp:attachment":[{"href":"http:\/\/vertienteglobal.com\/index.php?rest_route=%2Fwp%2Fv2%2Fmedia&parent=245908"}],"wp:term":[{"taxonomy":"category","embeddable":true,"href":"http:\/\/vertienteglobal.com\/index.php?rest_route=%2Fwp%2Fv2%2Fcategories&post=245908"},{"taxonomy":"post_tag","embeddable":true,"href":"http:\/\/vertienteglobal.com\/index.php?rest_route=%2Fwp%2Fv2%2Ftags&post=245908"}],"curies":[{"name":"wp","href":"https:\/\/api.w.org\/{rel}","templated":true}]}}