{"id":245545,"date":"2025-10-11T07:24:00","date_gmt":"2025-10-11T12:24:00","guid":{"rendered":"http:\/\/vertienteglobal.com\/?p=245545"},"modified":"2025-10-11T08:52:34","modified_gmt":"2025-10-11T13:52:34","slug":"este-domingo-llega-la-justicia-social-a-cancun-con-el-1er-informe-de-jorge-sanen-como-diputado-de-la-transformacion","status":"publish","type":"post","link":"http:\/\/vertienteglobal.com\/?p=245545","title":{"rendered":"Este Domingo llega la Justicia Social a Canc\u00fan con el 1er Informe de Jorge San\u00e9n como Diputado de la Transformaci\u00f3n"},"content":{"rendered":"\n<div class=\"twitterbutton\" style=\"float: right; padding-left: 5px;\"><a href=\"http:\/\/twitter.com\/share\" class=\"twitter-share-button\" data-count=\"horizontal\" data-text=\"Este Domingo llega la Justicia Social a Canc\u00fan con el 1er Informe de Jorge San?...\" data-via=\"https:\/\/twitter.com\/VertienteGloba1\" data-url=\"http:\/\/vertienteglobal.com\/?p=245545\" data-lang=\"es\" data-related=\"Informaci\u00f3n general:S\u00edguenos para que est\u00e9ss informado\"><\/a><\/div>\n<figure class=\"wp-block-image size-full\"><img loading=\"lazy\" decoding=\"async\" width=\"768\" height=\"511\" src=\"http:\/\/vertienteglobal.com\/wp-content\/uploads\/2025\/10\/1000687534.jpg\" alt=\"\" class=\"wp-image-245546\" srcset=\"http:\/\/vertienteglobal.com\/wp-content\/uploads\/2025\/10\/1000687534.jpg 768w, http:\/\/vertienteglobal.com\/wp-content\/uploads\/2025\/10\/1000687534-300x200.jpg 300w, http:\/\/vertienteglobal.com\/wp-content\/uploads\/2025\/10\/1000687534-150x100.jpg 150w\" sizes=\"auto, (max-width: 768px) 100vw, 768px\" \/><\/figure>\n\n\n\n<p>(Redacci\u00f3n)<\/p>\n\n\n\n<p><\/p>\n\n\n\n<p>Ser\u00e1 este 12 de octubre de 2025, a las 17 horas en el Domo Deportivo \u201cJacinto Canek\u201d en Canc\u00fan<\/p>\n\n\n\n<p>Canc\u00fan, Quintana Roo, a 11 de octubre de 2025.- Jorge Arturo San\u00e9n Cervantes, Presidente del Consejo Estatal de Morena en Quintana Roo y Coordinador del Grupo Legislativo de Morena en el Congreso de Quintana Roo, presentar\u00e1 a las y los quintanarroenses su primer informe como Diputado de la Transformaci\u00f3n rindiendo cuentas claras en torno a una productiva agenda legislativa que se caracteriza por tener el sello del humanismo mexicano de la cuarta transformaci\u00f3n.<\/p>\n\n\n\n<p>Con 39 iniciativas presentadas y 25 iniciativas aprobadas ha consolidado a la legislatura de la Justicia Social, como un referente de avances legislativos en temas como:<\/p>\n\n\n\n<ul class=\"wp-block-list\">\n<li>Alimentaci\u00f3n de calidad.<\/li>\n\n\n\n<li>Protecci\u00f3n de las personas defensoras de los derechos humanos.<\/li>\n\n\n\n<li>Derechos de las mujeres.<\/li>\n\n\n\n<li>Incremento a penas de protecci\u00f3n a mujeres embarazadas para que no sufran violencia.<\/li>\n\n\n\n<li>Impulso al ecoturismo.<\/li>\n\n\n\n<li>Fomento a la lactancia materna.<\/li>\n\n\n\n<li>Impulso a visibilizar el leguaje inclusivo,<\/li>\n\n\n\n<li>Actualizaci\u00f3n del lenguaje de g\u00e9nero para empoderar a las mujeres.<\/li>\n\n\n\n<li>Acceso a las tecnolog\u00edas del acceso a la informaci\u00f3n (banda ancha e internet).<\/li>\n<\/ul>\n\n\n\n<p>Est\u00e1s iniciativas colocan a Jorge San\u00e9n Cervantes en este primer a\u00f1o de trabajo legislativo en la lista de los diez legisladores m\u00e1s destacados, basada en el desempe\u00f1o de los 32 congresos locales, posicionando al Diputado de la Transformaci\u00f3n de Quintana Roo, como uno de los m\u00e1s productivos.<\/p>\n\n\n\n<p>Adem\u00e1s su desempe\u00f1o como Presidente de la JUGOCOPO, en su periodo, le ha valido ser calificado como el mejor evaluado de M\u00e9xico en el Ranking JUGOCOPO 2025, d\u00f3nde congresistas.org present\u00f3 el ranking de aprobaci\u00f3n anual de presidentes de Jucopo en M\u00e9xico encabezada por Jorge San\u00e9n Cervantes de Morena, en Quintana Roo con 56.9%.<\/p>\n\n\n\n<p>\u00a1Seguiremos legislando por la Justicia Social!, afirm\u00f3 Jorge San\u00e9n Cervantes, Diputado de la Transformaci\u00f3n y Coordinador del Grupo Legislativo de Morena en Congreso de Quintana Roo.<\/p>\n\n\n\n<figure class=\"wp-block-image size-full\"><img loading=\"lazy\" decoding=\"async\" width=\"768\" height=\"960\" src=\"http:\/\/vertienteglobal.com\/wp-content\/uploads\/2025\/10\/1000687535.jpg\" alt=\"\" class=\"wp-image-245547\" srcset=\"http:\/\/vertienteglobal.com\/wp-content\/uploads\/2025\/10\/1000687535.jpg 768w, http:\/\/vertienteglobal.com\/wp-content\/uploads\/2025\/10\/1000687535-240x300.jpg 240w, http:\/\/vertienteglobal.com\/wp-content\/uploads\/2025\/10\/1000687535-120x150.jpg 120w\" sizes=\"auto, (max-width: 768px) 100vw, 768px\" \/><\/figure>\n\n\n\n<figure class=\"wp-block-image size-full\"><img loading=\"lazy\" decoding=\"async\" width=\"768\" height=\"819\" src=\"http:\/\/vertienteglobal.com\/wp-content\/uploads\/2025\/10\/1000687536.jpg\" alt=\"\" class=\"wp-image-245548\" srcset=\"http:\/\/vertienteglobal.com\/wp-content\/uploads\/2025\/10\/1000687536.jpg 768w, http:\/\/vertienteglobal.com\/wp-content\/uploads\/2025\/10\/1000687536-281x300.jpg 281w, http:\/\/vertienteglobal.com\/wp-content\/uploads\/2025\/10\/1000687536-141x150.jpg 141w\" sizes=\"auto, (max-width: 768px) 100vw, 768px\" \/><\/figure>\n","protected":false},"excerpt":{"rendered":"<p>(Redacci\u00f3n) Ser\u00e1 este 12 de octubre de 2025, a las 17 horas en el Domo Deportivo \u201cJacinto Canek\u201d en Canc\u00fan Canc\u00fan, Quintana Roo, a 11 de octubre de 2025.- Jorge Arturo San\u00e9n Cervantes, Presidente del Consejo Estatal de Morena en Quintana Roo y Coordinador del Grupo Legislativo de Morena en el Congreso de Quintana Roo, [&hellip;]<\/p>\n","protected":false},"author":6,"featured_media":245546,"comment_status":"open","ping_status":"open","sticky":false,"template":"","format":"standard","meta":{"footnotes":""},"categories":[3],"tags":[],"class_list":["post-245545","post","type-post","status-publish","format-standard","has-post-thumbnail","hentry","category-quintana-roo","entry","has-media"],"jetpack_featured_media_url":"http:\/\/vertienteglobal.com\/wp-content\/uploads\/2025\/10\/1000687534.jpg","_links":{"self":[{"href":"http:\/\/vertienteglobal.com\/index.php?rest_route=\/wp\/v2\/posts\/245545","targetHints":{"allow":["GET"]}}],"collection":[{"href":"http:\/\/vertienteglobal.com\/index.php?rest_route=\/wp\/v2\/posts"}],"about":[{"href":"http:\/\/vertienteglobal.com\/index.php?rest_route=\/wp\/v2\/types\/post"}],"author":[{"embeddable":true,"href":"http:\/\/vertienteglobal.com\/index.php?rest_route=\/wp\/v2\/users\/6"}],"replies":[{"embeddable":true,"href":"http:\/\/vertienteglobal.com\/index.php?rest_route=%2Fwp%2Fv2%2Fcomments&post=245545"}],"version-history":[{"count":1,"href":"http:\/\/vertienteglobal.com\/index.php?rest_route=\/wp\/v2\/posts\/245545\/revisions"}],"predecessor-version":[{"id":245549,"href":"http:\/\/vertienteglobal.com\/index.php?rest_route=\/wp\/v2\/posts\/245545\/revisions\/245549"}],"wp:featuredmedia":[{"embeddable":true,"href":"http:\/\/vertienteglobal.com\/index.php?rest_route=\/wp\/v2\/media\/245546"}],"wp:attachment":[{"href":"http:\/\/vertienteglobal.com\/index.php?rest_route=%2Fwp%2Fv2%2Fmedia&parent=245545"}],"wp:term":[{"taxonomy":"category","embeddable":true,"href":"http:\/\/vertienteglobal.com\/index.php?rest_route=%2Fwp%2Fv2%2Fcategories&post=245545"},{"taxonomy":"post_tag","embeddable":true,"href":"http:\/\/vertienteglobal.com\/index.php?rest_route=%2Fwp%2Fv2%2Ftags&post=245545"}],"curies":[{"name":"wp","href":"https:\/\/api.w.org\/{rel}","templated":true}]}}