{"id":245539,"date":"2025-10-10T21:24:00","date_gmt":"2025-10-11T02:24:00","guid":{"rendered":"http:\/\/vertienteglobal.com\/?p=245539"},"modified":"2025-10-11T08:47:12","modified_gmt":"2025-10-11T13:47:12","slug":"nuestro-objetivo-ha-sido-claro-que-el-trabajo-en-quintana-roo-sea-digno-seguro-y-con-oportunidades-de-crecimiento-ruben-carrillo-buenfil","status":"publish","type":"post","link":"http:\/\/vertienteglobal.com\/?p=245539","title":{"rendered":"\u201cNuestro objetivo ha sido claro, que el trabajo en Quintana Roo sea digno, seguro y con oportunidades de crecimiento\u201d: Ruben Carrillo Buenfil"},"content":{"rendered":"\n<div class=\"twitterbutton\" style=\"float: right; padding-left: 5px;\"><a href=\"http:\/\/twitter.com\/share\" class=\"twitter-share-button\" data-count=\"horizontal\" data-text=\"\u201cNuestro objetivo ha sido claro, que el trabajo en Quintana Roo sea digno, seg...\" data-via=\"https:\/\/twitter.com\/VertienteGloba1\" data-url=\"http:\/\/vertienteglobal.com\/?p=245539\" data-lang=\"es\" data-related=\"Informaci\u00f3n general:S\u00edguenos para que est\u00e9ss informado\"><\/a><\/div>\n<figure class=\"wp-block-image size-full\"><img loading=\"lazy\" decoding=\"async\" width=\"640\" height=\"426\" src=\"http:\/\/vertienteglobal.com\/wp-content\/uploads\/2025\/10\/1000687526.jpg\" alt=\"\" class=\"wp-image-245540\" srcset=\"http:\/\/vertienteglobal.com\/wp-content\/uploads\/2025\/10\/1000687526.jpg 640w, http:\/\/vertienteglobal.com\/wp-content\/uploads\/2025\/10\/1000687526-300x200.jpg 300w, http:\/\/vertienteglobal.com\/wp-content\/uploads\/2025\/10\/1000687526-150x100.jpg 150w\" sizes=\"auto, (max-width: 640px) 100vw, 640px\" \/><\/figure>\n\n\n\n<p>(Redacci\u00f3n)<\/p>\n\n\n\n<p>El diputado, Rub\u00e9n Antonio Carrillo Buenfil,  presento su primer informe legislativo ante vecinos y vecinas del Distrito 3<\/p>\n\n\n\n<p>Canc\u00fan, Quintana Roo, a 10 de octubre de 2025.- El diputado, Rub\u00e9n Antonio Carrillo Buenfil, rindi\u00f3 su primer informe de actividades legislativas correspondiente al Distrito 3, donde destac\u00f3 los avances logrados en materia laboral, social y comunitaria, as\u00ed como su compromiso de seguir impulsando leyes que respondan a las verdaderas necesidades de las y los quintanarroenses.<\/p>\n\n\n\n<p>Ante cientos de vecinos reunidos en el domo de la calle Cedro, en la colonia Prado Norte, Carrillo Buenfil, afirm\u00f3 que el informe \u201cno es un acto protocolario, sino un ejercicio de transparencia y rendici\u00f3n de cuentas\u201d. Agradeci\u00f3 la presencia de autoridades, representantes de organizaciones sociales, l\u00edderes comunitarios y ciudadanos que, dijo, \u201cinspiran a seguir trabajando con compromiso y honestidad\u201d.<\/p>\n\n\n\n<p>Impulso legislativo desde la Comisi\u00f3n de Trabajo<\/p>\n\n\n\n<p>El representante popular por el Tercer Distrito, integrante de la coalici\u00f3n PT\u2013Morena\u2013PVEM, subray\u00f3 su papel como presidente de la Comisi\u00f3n de Trabajo y Previsi\u00f3n Social, desde donde ha promovido acciones que buscan garantizar condiciones laborales m\u00e1s justas, seguras y dignas.<\/p>\n\n\n\n<p>\u201cLas leyes no deben hacerse de espaldas al pueblo, sino a partir de sus necesidades reales\u201d, expres\u00f3 Carrillo al referirse a las iniciativas impulsadas para fortalecer los derechos de las y los trabajadores.<\/p>\n\n\n\n<p>Destac\u00f3 adem\u00e1s la creaci\u00f3n de espacios de di\u00e1logo entre sindicatos, empresarios y autoridades, la promoci\u00f3n de la capacitaci\u00f3n y el impulso a la atenci\u00f3n de la salud mental laboral, un tema que consider\u00f3 \u201cfundamental para el bienestar de quienes sostienen la econom\u00eda con su esfuerzo diario\u201d.<\/p>\n\n\n\n<p>\u201cNuestro objetivo ha sido claro: que el trabajo en Quintana Roo sea digno, seguro y con oportunidades de crecimiento\u201d, puntualiz\u00f3.<\/p>\n\n\n\n<p>Gesti\u00f3n social y cercan\u00eda con la comunidad<\/p>\n\n\n\n<p>El Legislador de la Justicia Social, enfatiz\u00f3 que su labor no se limita al Congreso. Record\u00f3 que a lo largo del a\u00f1o ha encabezado gestiones sociales que han beneficiado a cientos de familias con apoyos en educaci\u00f3n, vivienda, salud y empleo.<\/p>\n\n\n\n<p>Carrillo Buenfil, mencion\u00f3 que ha recorrido colonias, regiones y comunidades del Distrito 3, escuchando de primera mano las preocupaciones de la poblaci\u00f3n, participando en foros ciudadanos, reuniones con madres de familia, j\u00f3venes, deportistas y promotores culturales, con el prop\u00f3sito de mantener una relaci\u00f3n cercana y de di\u00e1logo constante.<\/p>\n\n\n\n<p>\u201cRepresentar no es hablar desde un escritorio, sino caminar junto a la gente y construir soluciones con ellos\u201d, expres\u00f3.<\/p>\n\n\n\n<p>Unidad pol\u00edtica y reconocimiento a la transformaci\u00f3n<\/p>\n\n\n\n<p>En su mensaje, Rub\u00e9n Carrillo Buenfil, destac\u00f3 que el trabajo en equipo ha sido clave para avanzar en los objetivos del movimiento que encabeza la Cuarta Transformaci\u00f3n, impulsada por el ex presidente Andr\u00e9s Manuel L\u00f3pez Obrador, la presidenta Claudia Sheinbaum Pardo y la gobernadora Mara Lezama.<\/p>\n\n\n\n<p>Asimismo, reconoci\u00f3 el liderazgo de Mara Lezama, quien \u2014dijo\u2014 ha marcado un nuevo estilo de gobernar \u201ccercano, sensible y transparente\u201d, enfocado en atender primero a los m\u00e1s necesitados y dar voz a quienes antes no eran escuchados.<\/p>\n\n\n\n<p>Se\u00f1al\u00f3 que tanto en el \u00e1mbito estatal como federal, la coalici\u00f3n PT\u2013Morena\u2013PVEM mantiene su compromiso con las causas del pueblo, con las familias trabajadoras y con quienes todos los d\u00edas luchan por salir adelante.<\/p>\n\n\n\n<p>\u201cEsta alianza no es solo electoral; es una uni\u00f3n de ideales y convicciones que busca construir un pa\u00eds m\u00e1s justo e igualitario. Cuando hay unidad, conciencia y amor por la patria, no hay fuerza que detenga al pueblo de M\u00e9xico\u201d, manifest\u00f3.<\/p>\n\n\n\n<p>Compromisos hacia adelante<\/p>\n\n\n\n<p>Rub\u00e9n Carrillo Buenfil, asegur\u00f3 que continuar\u00e1 impulsando reformas laborales que garanticen empleos formales, salarios justos y equitativos, seguridad social y oportunidades de capacitaci\u00f3n, con la meta de que \u201ctrabajar mejor signifique vivir mejor\u201d.<\/p>\n\n\n\n<p>Adem\u00e1s, adelant\u00f3 que seguir\u00e1 presentando iniciativas en materia de educaci\u00f3n, medio ambiente, seguridad y justicia social, siempre con la participaci\u00f3n ciudadana como eje central.<\/p>\n\n\n\n<p>\u201cMi compromiso es seguir escuchando, seguir caminando y seguir construyendo con la gente. Porque las soluciones reales nacen del di\u00e1logo y de la empat\u00eda\u201d, indic\u00f3.<\/p>\n\n\n\n<p>Un compromiso con la gente real<\/p>\n\n\n\n<p>Para cerrar su informe, el diputado entreg\u00f3 simb\u00f3licamente un ejemplar de su informe a una vecina del distrito, como muestra de que su rendici\u00f3n de cuentas pertenece al pueblo y no a los papeles.<\/p>\n\n\n\n<p>\u201cEste gesto significa que mi compromiso no es con los discursos, sino con las personas reales: con las familias que me abren las puertas de su casa y su coraz\u00f3n. Mi labor no termina en el Congreso, comienza todos los d\u00edas en las calles y en los hogares\u201d, afirm\u00f3.<\/p>\n\n\n\n<p>Concluy\u00f3 su mensaje reiterando su compromiso de seguir trabajando con pasi\u00f3n, entrega y honestidad, para que Quintana Roo sea un estado m\u00e1s justo, solidario y con mayores oportunidades para todos.<\/p>\n\n\n\n<p>\u201cCuando caminamos de la mano, no hay meta imposible ni sue\u00f1o que no podamos alcanzar\u201d, finaliz\u00f3.<\/p>\n\n\n\n<figure class=\"wp-block-image size-full\"><img loading=\"lazy\" decoding=\"async\" width=\"768\" height=\"511\" src=\"http:\/\/vertienteglobal.com\/wp-content\/uploads\/2025\/10\/1000687528.jpg\" alt=\"\" class=\"wp-image-245541\" srcset=\"http:\/\/vertienteglobal.com\/wp-content\/uploads\/2025\/10\/1000687528.jpg 768w, http:\/\/vertienteglobal.com\/wp-content\/uploads\/2025\/10\/1000687528-300x200.jpg 300w, http:\/\/vertienteglobal.com\/wp-content\/uploads\/2025\/10\/1000687528-150x100.jpg 150w\" sizes=\"auto, (max-width: 768px) 100vw, 768px\" \/><\/figure>\n\n\n\n<figure class=\"wp-block-image size-full\"><img loading=\"lazy\" decoding=\"async\" width=\"768\" height=\"553\" src=\"http:\/\/vertienteglobal.com\/wp-content\/uploads\/2025\/10\/1000687527.jpg\" alt=\"\" class=\"wp-image-245542\" srcset=\"http:\/\/vertienteglobal.com\/wp-content\/uploads\/2025\/10\/1000687527.jpg 768w, http:\/\/vertienteglobal.com\/wp-content\/uploads\/2025\/10\/1000687527-300x216.jpg 300w, http:\/\/vertienteglobal.com\/wp-content\/uploads\/2025\/10\/1000687527-150x108.jpg 150w\" sizes=\"auto, (max-width: 768px) 100vw, 768px\" \/><\/figure>\n\n\n\n<figure class=\"wp-block-image size-full\"><img loading=\"lazy\" decoding=\"async\" width=\"960\" height=\"639\" src=\"http:\/\/vertienteglobal.com\/wp-content\/uploads\/2025\/10\/1000687529.jpg\" alt=\"\" class=\"wp-image-245543\" srcset=\"http:\/\/vertienteglobal.com\/wp-content\/uploads\/2025\/10\/1000687529.jpg 960w, http:\/\/vertienteglobal.com\/wp-content\/uploads\/2025\/10\/1000687529-300x200.jpg 300w, http:\/\/vertienteglobal.com\/wp-content\/uploads\/2025\/10\/1000687529-150x100.jpg 150w, http:\/\/vertienteglobal.com\/wp-content\/uploads\/2025\/10\/1000687529-768x511.jpg 768w\" sizes=\"auto, (max-width: 960px) 100vw, 960px\" \/><\/figure>\n","protected":false},"excerpt":{"rendered":"<p>(Redacci\u00f3n) El diputado, Rub\u00e9n Antonio Carrillo Buenfil, presento su primer informe legislativo ante vecinos y vecinas del Distrito 3 Canc\u00fan, Quintana Roo, a 10 de octubre de 2025.- El diputado, Rub\u00e9n Antonio Carrillo Buenfil, rindi\u00f3 su primer informe de actividades legislativas correspondiente al Distrito 3, donde destac\u00f3 los avances logrados en materia laboral, social y [&hellip;]<\/p>\n","protected":false},"author":6,"featured_media":245540,"comment_status":"open","ping_status":"open","sticky":false,"template":"","format":"standard","meta":{"footnotes":""},"categories":[3],"tags":[],"class_list":["post-245539","post","type-post","status-publish","format-standard","has-post-thumbnail","hentry","category-quintana-roo","entry","has-media"],"jetpack_featured_media_url":"http:\/\/vertienteglobal.com\/wp-content\/uploads\/2025\/10\/1000687526.jpg","_links":{"self":[{"href":"http:\/\/vertienteglobal.com\/index.php?rest_route=\/wp\/v2\/posts\/245539","targetHints":{"allow":["GET"]}}],"collection":[{"href":"http:\/\/vertienteglobal.com\/index.php?rest_route=\/wp\/v2\/posts"}],"about":[{"href":"http:\/\/vertienteglobal.com\/index.php?rest_route=\/wp\/v2\/types\/post"}],"author":[{"embeddable":true,"href":"http:\/\/vertienteglobal.com\/index.php?rest_route=\/wp\/v2\/users\/6"}],"replies":[{"embeddable":true,"href":"http:\/\/vertienteglobal.com\/index.php?rest_route=%2Fwp%2Fv2%2Fcomments&post=245539"}],"version-history":[{"count":1,"href":"http:\/\/vertienteglobal.com\/index.php?rest_route=\/wp\/v2\/posts\/245539\/revisions"}],"predecessor-version":[{"id":245544,"href":"http:\/\/vertienteglobal.com\/index.php?rest_route=\/wp\/v2\/posts\/245539\/revisions\/245544"}],"wp:featuredmedia":[{"embeddable":true,"href":"http:\/\/vertienteglobal.com\/index.php?rest_route=\/wp\/v2\/media\/245540"}],"wp:attachment":[{"href":"http:\/\/vertienteglobal.com\/index.php?rest_route=%2Fwp%2Fv2%2Fmedia&parent=245539"}],"wp:term":[{"taxonomy":"category","embeddable":true,"href":"http:\/\/vertienteglobal.com\/index.php?rest_route=%2Fwp%2Fv2%2Fcategories&post=245539"},{"taxonomy":"post_tag","embeddable":true,"href":"http:\/\/vertienteglobal.com\/index.php?rest_route=%2Fwp%2Fv2%2Ftags&post=245539"}],"curies":[{"name":"wp","href":"https:\/\/api.w.org\/{rel}","templated":true}]}}