{"id":245533,"date":"2025-10-10T17:19:00","date_gmt":"2025-10-10T22:19:00","guid":{"rendered":"http:\/\/vertienteglobal.com\/?p=245533"},"modified":"2025-10-11T08:34:52","modified_gmt":"2025-10-11T13:34:52","slug":"con-murales-inspiran-a-juventudes-a-promover-la-salud-mental","status":"publish","type":"post","link":"http:\/\/vertienteglobal.com\/?p=245533","title":{"rendered":"Con murales inspiran a juventudes a promover la salud mental"},"content":{"rendered":"\n<div class=\"twitterbutton\" style=\"float: right; padding-left: 5px;\"><a href=\"http:\/\/twitter.com\/share\" class=\"twitter-share-button\" data-count=\"horizontal\" data-text=\"Con murales inspiran a juventudes a promover la salud mental\" data-via=\"https:\/\/twitter.com\/VertienteGloba1\" data-url=\"http:\/\/vertienteglobal.com\/?p=245533\" data-lang=\"es\" data-related=\"Informaci\u00f3n general:S\u00edguenos para que est\u00e9ss informado\"><\/a><\/div>\n<figure class=\"wp-block-image size-large\"><img loading=\"lazy\" decoding=\"async\" width=\"1024\" height=\"683\" src=\"http:\/\/vertienteglobal.com\/wp-content\/uploads\/2025\/10\/1000687504-1024x683.jpg\" alt=\"\" class=\"wp-image-245534\" srcset=\"http:\/\/vertienteglobal.com\/wp-content\/uploads\/2025\/10\/1000687504-1024x683.jpg 1024w, http:\/\/vertienteglobal.com\/wp-content\/uploads\/2025\/10\/1000687504-300x200.jpg 300w, http:\/\/vertienteglobal.com\/wp-content\/uploads\/2025\/10\/1000687504-150x100.jpg 150w, http:\/\/vertienteglobal.com\/wp-content\/uploads\/2025\/10\/1000687504-768x512.jpg 768w, http:\/\/vertienteglobal.com\/wp-content\/uploads\/2025\/10\/1000687504-1536x1024.jpg 1536w, http:\/\/vertienteglobal.com\/wp-content\/uploads\/2025\/10\/1000687504-2048x1365.jpg 2048w\" sizes=\"auto, (max-width: 1024px) 100vw, 1024px\" \/><\/figure>\n\n\n\n<p>(Redacci\u00f3n)<\/p>\n\n\n\n<p><em>El Gobernador Joaqu\u00edn D\u00edaz Mena encabez\u00f3 la clausura del primer encuentro estudiantil \u201cDale color a tu vida, dale color a tu mente\u201d, con motivo de la estrategia Aliados por la Vida<\/em><\/p>\n\n\n\n<p>M\u00e9rida, Yucat\u00e1n,10 de octubre de 2025.-Como parte de la estrategia Aliados por la Vida, el Gobernador Joaqu\u00edn D\u00edaz Mena encabez\u00f3 la clausura del primer encuentro estudiantil \u201cDale color a tu vida, dale color a tu mente\u201d, en el que j\u00f3venes de 28 planteles de nivel medio y medio superior de 16 municipios plasmaron, a trav\u00e9s del arte urbano, mensajes que promueven la salud mental y la prevenci\u00f3n del suicidio.<br>\u00a0<br>Paredes que antes estaban vac\u00edas hoy reflejan historias, emociones y esperanza, luego de que estudiantes transformaron su entorno con murales que fortalecen la conciencia sobre la salud mental, como parte de los esfuerzos del Gobierno del Renacimiento Maya para impulsar entornos m\u00e1s emp\u00e1ticos, creativos y saludables durante el D\u00eda Mundial de la Salud Mental.<br>\u00a0<br>Desde el Multigimnasio Socorro Cer\u00f3n Herrera, del complejo deportivo Kukulc\u00e1n, el Gobernador D\u00edaz Mena se\u00f1al\u00f3 que, a trav\u00e9s de los murales, la juventud yucateca demuestra que hablar de salud mental no es una debilidad, sino una fortaleza, pues reconocer nuestras emociones, compartir lo que sentimos y pedir ayuda es un acto de valent\u00eda, y el arte puede ser el lenguaje que sana, une y libera.<br>\u00a0<br>\u201cUstedes no solo pintaron muros, sino que pintaron esperanza, uni\u00f3n y vida, y eso es una muestra de que, cuando la juventud se organiza, la salud mental encuentra nuevos caminos para florecer. Cada mural y cada color tiene un mensaje: que vivir vale la pena, que sentir no es un error y que juntos podemos construir comunidades que abracen a los j\u00f3venes en vez de juzgarlos\u201d, afirm\u00f3 el titular del Ejecutivo estatal.<br>\u00a0<br>El Gobernador se\u00f1al\u00f3 que la salud mental fue durante muchos a\u00f1os un tema silenciado por los gobiernos anteriores, quienes evitaban abordarlo y miraban hacia otro lado. En contraste, su administraci\u00f3n ha reconocido las problem\u00e1ticas que conlleva la falta de promoci\u00f3n de la salud mental y ya ha tomado acciones a trav\u00e9s de la estrategia Aliados por la Vida.<br>\u00a0<br>Aunado a ello, el Gobernador record\u00f3 que este a\u00f1o se construir\u00e1n seis Pilares de Renacimiento, donde se ofrecer\u00e1n espacios deportivos y culturales para que los j\u00f3venes se alejen de la drogadicci\u00f3n. Asimismo, agradeci\u00f3 a la Presidenta Claudia Sheinbaum Pardo por su apoyo a este tipo de acciones y programas en pro de la salud mental.<br>\u00a0<br>Durante el encuentro se premi\u00f3 a los ganadores del concurso de talento y creatividad, resultando premiadas las obras de la Universidad del Sur en la categor\u00eda Prevenci\u00f3n de Adicciones; del Instituto Tecnol\u00f3gico de M\u00e9rida en la tem\u00e1tica Prevenci\u00f3n de Violencia; y del Colegio de Bachilleres de Yucat\u00e1n (Cobay) de Kimbil\u00e1, en Prevenci\u00f3n del Suicidio.<br>\u00a0<br>De igual manera, se reconoci\u00f3 al Cobay plantel Ticul, ganador del concurso en redes sociales, quien obtuvo, al cierre de las 12:00 horas de ese d\u00eda, un total de dos mil 315 reacciones.<br>\u00a0<br>En su turno, el director del Instituto de Salud Mental de Yucat\u00e1n, Gaspar Ra\u00fal P\u00e9rez Mart\u00ednez, afirm\u00f3 que este primer encuentro refleja el compromiso del pueblo, especialmente de una juventud que se atreve a hablar, participar y construir una cultura de bienestar emocional.<br>\u00a0<br>De igual manera, el director general del Instituto del Deporte de Yucat\u00e1n (IDEY), Arm\u00edn Lizama C\u00f3rdova, reiter\u00f3 el valor que el Gobierno del Renacimiento Maya brinda al deporte como herramienta para formar j\u00f3venes exitosos f\u00edsica y mentalmente, por lo que su dependencia organiza juegos interbachillerato con la participaci\u00f3n de m\u00e1s de 400 escuelas, divididas en ocho regiones.<br>\u00a0<br>En el evento estuvieron el director de Prevenci\u00f3n y Protecci\u00f3n de la Salud de la Secretar\u00eda de Salud de Yucat\u00e1n, Javier Ignacio Balam L\u00f3pez; la secretaria de Bienestar, F\u00e1tima Perera Salazar; el diputado federal \u00d3scar Iv\u00e1n Brito Zapata; el subdelegado Administrativo del ISSSTE, Alejandro Ru\u00edz Nicol\u00edn; el director de Planeaci\u00f3n y Desarrollo de los Servicios de Salud de Yucat\u00e1n, Alberto Alcocer Gamboa; el integrante del jurado del primer encuentro estudiantil, Roy Sobrino Sierra; y la diputada local Clara Rosales Montiel.<\/p>\n\n\n\n<figure class=\"wp-block-image size-large\"><img loading=\"lazy\" decoding=\"async\" width=\"1024\" height=\"682\" src=\"http:\/\/vertienteglobal.com\/wp-content\/uploads\/2025\/10\/1000687510-1024x682.jpg\" alt=\"\" class=\"wp-image-245535\" srcset=\"http:\/\/vertienteglobal.com\/wp-content\/uploads\/2025\/10\/1000687510-1024x682.jpg 1024w, http:\/\/vertienteglobal.com\/wp-content\/uploads\/2025\/10\/1000687510-300x200.jpg 300w, http:\/\/vertienteglobal.com\/wp-content\/uploads\/2025\/10\/1000687510-150x100.jpg 150w, http:\/\/vertienteglobal.com\/wp-content\/uploads\/2025\/10\/1000687510-768x512.jpg 768w, http:\/\/vertienteglobal.com\/wp-content\/uploads\/2025\/10\/1000687510-1536x1023.jpg 1536w, http:\/\/vertienteglobal.com\/wp-content\/uploads\/2025\/10\/1000687510-2048x1365.jpg 2048w\" sizes=\"auto, (max-width: 1024px) 100vw, 1024px\" \/><\/figure>\n\n\n\n<figure class=\"wp-block-image size-large\"><img loading=\"lazy\" decoding=\"async\" width=\"1024\" height=\"683\" src=\"http:\/\/vertienteglobal.com\/wp-content\/uploads\/2025\/10\/1000687511-1024x683.jpg\" alt=\"\" class=\"wp-image-245536\" srcset=\"http:\/\/vertienteglobal.com\/wp-content\/uploads\/2025\/10\/1000687511-1024x683.jpg 1024w, http:\/\/vertienteglobal.com\/wp-content\/uploads\/2025\/10\/1000687511-300x200.jpg 300w, http:\/\/vertienteglobal.com\/wp-content\/uploads\/2025\/10\/1000687511-150x100.jpg 150w, http:\/\/vertienteglobal.com\/wp-content\/uploads\/2025\/10\/1000687511-768x512.jpg 768w, http:\/\/vertienteglobal.com\/wp-content\/uploads\/2025\/10\/1000687511-1536x1024.jpg 1536w, http:\/\/vertienteglobal.com\/wp-content\/uploads\/2025\/10\/1000687511-2048x1365.jpg 2048w\" sizes=\"auto, (max-width: 1024px) 100vw, 1024px\" \/><\/figure>\n\n\n\n<figure class=\"wp-block-image size-large\"><img loading=\"lazy\" decoding=\"async\" width=\"1024\" height=\"682\" src=\"http:\/\/vertienteglobal.com\/wp-content\/uploads\/2025\/10\/1000687512-1024x682.jpg\" alt=\"\" class=\"wp-image-245537\" srcset=\"http:\/\/vertienteglobal.com\/wp-content\/uploads\/2025\/10\/1000687512-1024x682.jpg 1024w, http:\/\/vertienteglobal.com\/wp-content\/uploads\/2025\/10\/1000687512-300x200.jpg 300w, http:\/\/vertienteglobal.com\/wp-content\/uploads\/2025\/10\/1000687512-150x100.jpg 150w, http:\/\/vertienteglobal.com\/wp-content\/uploads\/2025\/10\/1000687512-768x512.jpg 768w, http:\/\/vertienteglobal.com\/wp-content\/uploads\/2025\/10\/1000687512-1536x1023.jpg 1536w, http:\/\/vertienteglobal.com\/wp-content\/uploads\/2025\/10\/1000687512-2048x1365.jpg 2048w\" sizes=\"auto, (max-width: 1024px) 100vw, 1024px\" \/><\/figure>\n","protected":false},"excerpt":{"rendered":"<p>(Redacci\u00f3n) El Gobernador Joaqu\u00edn D\u00edaz Mena encabez\u00f3 la clausura del primer encuentro estudiantil \u201cDale color a tu vida, dale color a tu mente\u201d, con motivo de la estrategia Aliados por la Vida M\u00e9rida, Yucat\u00e1n,10 de octubre de 2025.-Como parte de la estrategia Aliados por la Vida, el Gobernador Joaqu\u00edn D\u00edaz Mena encabez\u00f3 la clausura del [&hellip;]<\/p>\n","protected":false},"author":6,"featured_media":245534,"comment_status":"open","ping_status":"open","sticky":false,"template":"","format":"standard","meta":{"footnotes":""},"categories":[2],"tags":[],"class_list":["post-245533","post","type-post","status-publish","format-standard","has-post-thumbnail","hentry","category-yucatan","entry","has-media"],"jetpack_featured_media_url":"http:\/\/vertienteglobal.com\/wp-content\/uploads\/2025\/10\/1000687504.jpg","_links":{"self":[{"href":"http:\/\/vertienteglobal.com\/index.php?rest_route=\/wp\/v2\/posts\/245533","targetHints":{"allow":["GET"]}}],"collection":[{"href":"http:\/\/vertienteglobal.com\/index.php?rest_route=\/wp\/v2\/posts"}],"about":[{"href":"http:\/\/vertienteglobal.com\/index.php?rest_route=\/wp\/v2\/types\/post"}],"author":[{"embeddable":true,"href":"http:\/\/vertienteglobal.com\/index.php?rest_route=\/wp\/v2\/users\/6"}],"replies":[{"embeddable":true,"href":"http:\/\/vertienteglobal.com\/index.php?rest_route=%2Fwp%2Fv2%2Fcomments&post=245533"}],"version-history":[{"count":1,"href":"http:\/\/vertienteglobal.com\/index.php?rest_route=\/wp\/v2\/posts\/245533\/revisions"}],"predecessor-version":[{"id":245538,"href":"http:\/\/vertienteglobal.com\/index.php?rest_route=\/wp\/v2\/posts\/245533\/revisions\/245538"}],"wp:featuredmedia":[{"embeddable":true,"href":"http:\/\/vertienteglobal.com\/index.php?rest_route=\/wp\/v2\/media\/245534"}],"wp:attachment":[{"href":"http:\/\/vertienteglobal.com\/index.php?rest_route=%2Fwp%2Fv2%2Fmedia&parent=245533"}],"wp:term":[{"taxonomy":"category","embeddable":true,"href":"http:\/\/vertienteglobal.com\/index.php?rest_route=%2Fwp%2Fv2%2Fcategories&post=245533"},{"taxonomy":"post_tag","embeddable":true,"href":"http:\/\/vertienteglobal.com\/index.php?rest_route=%2Fwp%2Fv2%2Ftags&post=245533"}],"curies":[{"name":"wp","href":"https:\/\/api.w.org\/{rel}","templated":true}]}}