{"id":245497,"date":"2025-10-10T13:09:00","date_gmt":"2025-10-10T18:09:00","guid":{"rendered":"http:\/\/vertienteglobal.com\/?p=245497"},"modified":"2025-10-10T15:39:26","modified_gmt":"2025-10-10T20:39:26","slug":"el-desbordamiento-del-rio-cazones-deja-severas-inundaciones-en-poza-rica","status":"publish","type":"post","link":"http:\/\/vertienteglobal.com\/?p=245497","title":{"rendered":"El desbordamiento del r\u00edo Cazones deja severas inundaciones en Poza Rica"},"content":{"rendered":"\n<div class=\"twitterbutton\" style=\"float: right; padding-left: 5px;\"><a href=\"http:\/\/twitter.com\/share\" class=\"twitter-share-button\" data-count=\"horizontal\" data-text=\"El desbordamiento del r\u00edo Cazones deja severas inundaciones en Poza Rica\" data-via=\"https:\/\/twitter.com\/VertienteGloba1\" data-url=\"http:\/\/vertienteglobal.com\/?p=245497\" data-lang=\"es\" data-related=\"Informaci\u00f3n general:S\u00edguenos para que est\u00e9ss informado\"><\/a><\/div>\n<figure class=\"wp-block-image size-large\"><img loading=\"lazy\" decoding=\"async\" width=\"1000\" height=\"1024\" src=\"http:\/\/vertienteglobal.com\/wp-content\/uploads\/2025\/10\/1000686420-1000x1024.jpg\" alt=\"\" class=\"wp-image-245498\" srcset=\"http:\/\/vertienteglobal.com\/wp-content\/uploads\/2025\/10\/1000686420-1000x1024.jpg 1000w, http:\/\/vertienteglobal.com\/wp-content\/uploads\/2025\/10\/1000686420-293x300.jpg 293w, http:\/\/vertienteglobal.com\/wp-content\/uploads\/2025\/10\/1000686420-147x150.jpg 147w, http:\/\/vertienteglobal.com\/wp-content\/uploads\/2025\/10\/1000686420-768x786.jpg 768w, http:\/\/vertienteglobal.com\/wp-content\/uploads\/2025\/10\/1000686420.jpg 1179w\" sizes=\"auto, (max-width: 1000px) 100vw, 1000px\" \/><\/figure>\n\n\n\n<p>(Redacci\u00f3n)<\/p>\n\n\n\n<p>Unos 38 municipios en Veracruz amanecieron bajo el agua<\/p>\n\n\n\n<p>Poza Rica, Veracruz, 10 de octubre de 2025\u2013 La tragedia sorprendi\u00f3 de madrugada. Poza Rica amaneci\u00f3 parcialmente inundada luego del desbordamiento del r\u00edo Cazones, cuyo caudal rebas\u00f3 los bordes tras intensas lluvias, dejando colonias completas bajo el agua y provocando una emergencia sin precedentes en la zona norte de Veracruz.<\/p>\n\n\n\n<p>Calles convertidas en r\u00edos, veh\u00edculos flotando a la deriva y viviendas completamente anegadas forman parte del dram\u00e1tico panorama que enfrentan miles de familias. Las zonas m\u00e1s afectadas reportan inundaciones de m\u00e1s de dos metros de altura, lo que oblig\u00f3 a decenas de personas a buscar refugio en los techos de sus casas mientras esperaban ayuda.<\/p>\n\n\n\n<p>\u00abEl agua empez\u00f3 a entrar muy r\u00e1pido, no nos dio tiempo de sacar nada, s\u00f3lo subimos como pudimos para no ahogarnos\u00bb, relat\u00f3 una vecina de la colonia Manuel \u00c1vila Camacho, una de las m\u00e1s afectadas.<\/p>\n\n\n\n<p>Rescate contrarreloj<\/p>\n\n\n\n<p>Elementos de Protecci\u00f3n Civil, Guardia Nacional, Polic\u00eda Estatal y grupos de voluntarios se desplegaron con lanchas y cuerdas para evacuar a los damnificados. Aunque a\u00fan no hay un n\u00famero oficial de personas afectadas, autoridades estiman que podr\u00edan ser miles los habitantes que perdieron su patrimonio o quedaron incomunicados por la creciente del r\u00edo.<\/p>\n\n\n\n<p>El alcalde de Poza Rica inform\u00f3 que ya se habilitaron albergues temporales en escuelas y centros comunitarios para recibir a las familias que fueron evacuadas. Sin embargo, la demanda supera la capacidad disponible y los apoyos a\u00fan son insuficientes.<\/p>\n\n\n\n<p>Cortes de energ\u00eda y v\u00edas bloqueadas<\/p>\n\n\n\n<p>La Comisi\u00f3n Federal de Electricidad confirm\u00f3 cortes preventivos de energ\u00eda en varias zonas para evitar accidentes el\u00e9ctricos por las inundaciones. Adem\u00e1s, diversas carreteras y accesos principales permanecen bloqueados debido a deslaves y da\u00f1os por la corriente del agua, lo que complica la llegada de v\u00edveres y ayuda humanitaria.<\/p>\n\n\n\n<p>Riesgo sigue latente<\/p>\n\n\n\n<p>Protecci\u00f3n Civil estatal advirti\u00f3 que el nivel del r\u00edo Cazones contin\u00faa siendo peligroso y podr\u00eda volver a desbordarse si persisten las lluvias en la regi\u00f3n y en la sierra. Se mantiene la alerta roja y se exhorta a la poblaci\u00f3n a seguir indicaciones oficiales y evitar cruzar zonas inundadas.<\/p>\n\n\n\n<p>Mientras tanto, habitantes de Poza Rica enfrentan la devastaci\u00f3n con incertidumbre, temiendo que lo peor a\u00fan no haya pasado.(Fuente:Agencias)<\/p>\n\n\n\n<figure class=\"wp-block-image size-full\"><img loading=\"lazy\" decoding=\"async\" width=\"738\" height=\"930\" src=\"http:\/\/vertienteglobal.com\/wp-content\/uploads\/2025\/10\/1000686421.jpg\" alt=\"\" class=\"wp-image-245499\" srcset=\"http:\/\/vertienteglobal.com\/wp-content\/uploads\/2025\/10\/1000686421.jpg 738w, http:\/\/vertienteglobal.com\/wp-content\/uploads\/2025\/10\/1000686421-238x300.jpg 238w, http:\/\/vertienteglobal.com\/wp-content\/uploads\/2025\/10\/1000686421-119x150.jpg 119w\" sizes=\"auto, (max-width: 738px) 100vw, 738px\" \/><\/figure>\n\n\n\n<figure class=\"wp-block-image size-full\"><img loading=\"lazy\" decoding=\"async\" width=\"1000\" height=\"760\" src=\"http:\/\/vertienteglobal.com\/wp-content\/uploads\/2025\/10\/1000686418.jpg\" alt=\"\" class=\"wp-image-245500\" srcset=\"http:\/\/vertienteglobal.com\/wp-content\/uploads\/2025\/10\/1000686418.jpg 1000w, http:\/\/vertienteglobal.com\/wp-content\/uploads\/2025\/10\/1000686418-300x228.jpg 300w, http:\/\/vertienteglobal.com\/wp-content\/uploads\/2025\/10\/1000686418-150x114.jpg 150w, http:\/\/vertienteglobal.com\/wp-content\/uploads\/2025\/10\/1000686418-768x584.jpg 768w\" sizes=\"auto, (max-width: 1000px) 100vw, 1000px\" \/><\/figure>\n\n\n\n<figure class=\"wp-block-image size-large\"><img loading=\"lazy\" decoding=\"async\" width=\"1024\" height=\"882\" src=\"http:\/\/vertienteglobal.com\/wp-content\/uploads\/2025\/10\/1000686412-1024x882.jpg\" alt=\"\" class=\"wp-image-245501\" srcset=\"http:\/\/vertienteglobal.com\/wp-content\/uploads\/2025\/10\/1000686412-1024x882.jpg 1024w, http:\/\/vertienteglobal.com\/wp-content\/uploads\/2025\/10\/1000686412-300x258.jpg 300w, http:\/\/vertienteglobal.com\/wp-content\/uploads\/2025\/10\/1000686412-150x129.jpg 150w, http:\/\/vertienteglobal.com\/wp-content\/uploads\/2025\/10\/1000686412-768x661.jpg 768w, http:\/\/vertienteglobal.com\/wp-content\/uploads\/2025\/10\/1000686412.jpg 1080w\" sizes=\"auto, (max-width: 1024px) 100vw, 1024px\" \/><\/figure>\n\n\n\n<figure class=\"wp-block-image size-full\"><img loading=\"lazy\" decoding=\"async\" width=\"582\" height=\"1000\" src=\"http:\/\/vertienteglobal.com\/wp-content\/uploads\/2025\/10\/1000686410.jpg\" alt=\"\" class=\"wp-image-245502\" srcset=\"http:\/\/vertienteglobal.com\/wp-content\/uploads\/2025\/10\/1000686410.jpg 582w, http:\/\/vertienteglobal.com\/wp-content\/uploads\/2025\/10\/1000686410-175x300.jpg 175w, http:\/\/vertienteglobal.com\/wp-content\/uploads\/2025\/10\/1000686410-87x150.jpg 87w\" sizes=\"auto, (max-width: 582px) 100vw, 582px\" \/><\/figure>\n","protected":false},"excerpt":{"rendered":"<p>(Redacci\u00f3n) Unos 38 municipios en Veracruz amanecieron bajo el agua Poza Rica, Veracruz, 10 de octubre de 2025\u2013 La tragedia sorprendi\u00f3 de madrugada. Poza Rica amaneci\u00f3 parcialmente inundada luego del desbordamiento del r\u00edo Cazones, cuyo caudal rebas\u00f3 los bordes tras intensas lluvias, dejando colonias completas bajo el agua y provocando una emergencia sin precedentes en [&hellip;]<\/p>\n","protected":false},"author":6,"featured_media":245498,"comment_status":"open","ping_status":"open","sticky":false,"template":"","format":"standard","meta":{"footnotes":""},"categories":[7],"tags":[],"class_list":["post-245497","post","type-post","status-publish","format-standard","has-post-thumbnail","hentry","category-veracruz","entry","has-media"],"jetpack_featured_media_url":"http:\/\/vertienteglobal.com\/wp-content\/uploads\/2025\/10\/1000686420.jpg","_links":{"self":[{"href":"http:\/\/vertienteglobal.com\/index.php?rest_route=\/wp\/v2\/posts\/245497","targetHints":{"allow":["GET"]}}],"collection":[{"href":"http:\/\/vertienteglobal.com\/index.php?rest_route=\/wp\/v2\/posts"}],"about":[{"href":"http:\/\/vertienteglobal.com\/index.php?rest_route=\/wp\/v2\/types\/post"}],"author":[{"embeddable":true,"href":"http:\/\/vertienteglobal.com\/index.php?rest_route=\/wp\/v2\/users\/6"}],"replies":[{"embeddable":true,"href":"http:\/\/vertienteglobal.com\/index.php?rest_route=%2Fwp%2Fv2%2Fcomments&post=245497"}],"version-history":[{"count":1,"href":"http:\/\/vertienteglobal.com\/index.php?rest_route=\/wp\/v2\/posts\/245497\/revisions"}],"predecessor-version":[{"id":245503,"href":"http:\/\/vertienteglobal.com\/index.php?rest_route=\/wp\/v2\/posts\/245497\/revisions\/245503"}],"wp:featuredmedia":[{"embeddable":true,"href":"http:\/\/vertienteglobal.com\/index.php?rest_route=\/wp\/v2\/media\/245498"}],"wp:attachment":[{"href":"http:\/\/vertienteglobal.com\/index.php?rest_route=%2Fwp%2Fv2%2Fmedia&parent=245497"}],"wp:term":[{"taxonomy":"category","embeddable":true,"href":"http:\/\/vertienteglobal.com\/index.php?rest_route=%2Fwp%2Fv2%2Fcategories&post=245497"},{"taxonomy":"post_tag","embeddable":true,"href":"http:\/\/vertienteglobal.com\/index.php?rest_route=%2Fwp%2Fv2%2Ftags&post=245497"}],"curies":[{"name":"wp","href":"https:\/\/api.w.org\/{rel}","templated":true}]}}