{"id":245314,"date":"2025-10-06T23:24:00","date_gmt":"2025-10-07T04:24:00","guid":{"rendered":"http:\/\/vertienteglobal.com\/?p=245314"},"modified":"2025-10-07T07:27:01","modified_gmt":"2025-10-07T12:27:01","slug":"suspenden-clases-en-los-cabos-y-la-paz-por-huracan-priscilla","status":"publish","type":"post","link":"http:\/\/vertienteglobal.com\/?p=245314","title":{"rendered":"Suspenden clases en Los Cabos y La Paz por hurac\u00e1n Priscilla\u00a0"},"content":{"rendered":"\n<div class=\"twitterbutton\" style=\"float: right; padding-left: 5px;\"><a href=\"http:\/\/twitter.com\/share\" class=\"twitter-share-button\" data-count=\"horizontal\" data-text=\"Suspenden clases en Los Cabos y La Paz por hurac\u00e1n Priscilla\u00a0\" data-via=\"https:\/\/twitter.com\/VertienteGloba1\" data-url=\"http:\/\/vertienteglobal.com\/?p=245314\" data-lang=\"es\" data-related=\"Informaci\u00f3n general:S\u00edguenos para que est\u00e9ss informado\"><\/a><\/div>\n<figure class=\"wp-block-image size-full\"><img loading=\"lazy\" decoding=\"async\" width=\"614\" height=\"409\" src=\"http:\/\/vertienteglobal.com\/wp-content\/uploads\/2025\/10\/1000676062.jpg\" alt=\"\" class=\"wp-image-245315\" srcset=\"http:\/\/vertienteglobal.com\/wp-content\/uploads\/2025\/10\/1000676062.jpg 614w, http:\/\/vertienteglobal.com\/wp-content\/uploads\/2025\/10\/1000676062-300x200.jpg 300w, http:\/\/vertienteglobal.com\/wp-content\/uploads\/2025\/10\/1000676062-150x100.jpg 150w\" sizes=\"auto, (max-width: 614px) 100vw, 614px\" \/><\/figure>\n\n\n\n<p>(Redacci\u00f3n)<\/p>\n\n\n\n<p>El aeropuerto internacional de San Jos\u00e9 del Cabo, se encuentra operando con normalidad<\/p>\n\n\n\n<p>Los Cabos. Baja California Sur, 06 de octubre de 2025.-El gobernador de Baja California Sur, V\u00edctor Manuel Castro Cos\u00edo, anunci\u00f3 que ante los escurrimientos por las lluvias a causa del hurac\u00e1n Priscilla, se suspenden las clases el martes 7 de octubre en Los Cabos y La Paz, en todos los niveles educativos.<\/p>\n\n\n\n<p>En sesi\u00f3n extraordinaria el Consejo de Protecci\u00f3n Civil inform\u00f3 que desde esta tarde est\u00e1n cerrados la navegaci\u00f3n a embarcaciones de menor calado, en los puertos de San Jos\u00e9 y Cabo San Lucas BCS.<\/p>\n\n\n\n<p>Mientras que el aeropuerto internacional de San Jos\u00e9 del Cabo, se encuentra operando con normalidad.<\/p>\n\n\n\n<p>Exhortan las autoridades municipales a la ciudadan\u00eda a mantenerse informada y evitar transitar por cauces o zonas bajas.(Fuente:Agencias)<\/p>\n","protected":false},"excerpt":{"rendered":"<p>(Redacci\u00f3n) El aeropuerto internacional de San Jos\u00e9 del Cabo, se encuentra operando con normalidad Los Cabos. Baja California Sur, 06 de octubre de 2025.-El gobernador de Baja California Sur, V\u00edctor Manuel Castro Cos\u00edo, anunci\u00f3 que ante los escurrimientos por las lluvias a causa del hurac\u00e1n Priscilla, se suspenden las clases el martes 7 de octubre [&hellip;]<\/p>\n","protected":false},"author":6,"featured_media":245315,"comment_status":"open","ping_status":"open","sticky":false,"template":"","format":"standard","meta":{"footnotes":""},"categories":[8],"tags":[],"class_list":["post-245314","post","type-post","status-publish","format-standard","has-post-thumbnail","hentry","category-pais","entry","has-media"],"jetpack_featured_media_url":"http:\/\/vertienteglobal.com\/wp-content\/uploads\/2025\/10\/1000676062.jpg","_links":{"self":[{"href":"http:\/\/vertienteglobal.com\/index.php?rest_route=\/wp\/v2\/posts\/245314","targetHints":{"allow":["GET"]}}],"collection":[{"href":"http:\/\/vertienteglobal.com\/index.php?rest_route=\/wp\/v2\/posts"}],"about":[{"href":"http:\/\/vertienteglobal.com\/index.php?rest_route=\/wp\/v2\/types\/post"}],"author":[{"embeddable":true,"href":"http:\/\/vertienteglobal.com\/index.php?rest_route=\/wp\/v2\/users\/6"}],"replies":[{"embeddable":true,"href":"http:\/\/vertienteglobal.com\/index.php?rest_route=%2Fwp%2Fv2%2Fcomments&post=245314"}],"version-history":[{"count":1,"href":"http:\/\/vertienteglobal.com\/index.php?rest_route=\/wp\/v2\/posts\/245314\/revisions"}],"predecessor-version":[{"id":245316,"href":"http:\/\/vertienteglobal.com\/index.php?rest_route=\/wp\/v2\/posts\/245314\/revisions\/245316"}],"wp:featuredmedia":[{"embeddable":true,"href":"http:\/\/vertienteglobal.com\/index.php?rest_route=\/wp\/v2\/media\/245315"}],"wp:attachment":[{"href":"http:\/\/vertienteglobal.com\/index.php?rest_route=%2Fwp%2Fv2%2Fmedia&parent=245314"}],"wp:term":[{"taxonomy":"category","embeddable":true,"href":"http:\/\/vertienteglobal.com\/index.php?rest_route=%2Fwp%2Fv2%2Fcategories&post=245314"},{"taxonomy":"post_tag","embeddable":true,"href":"http:\/\/vertienteglobal.com\/index.php?rest_route=%2Fwp%2Fv2%2Ftags&post=245314"}],"curies":[{"name":"wp","href":"https:\/\/api.w.org\/{rel}","templated":true}]}}