{"id":245268,"date":"2025-10-06T16:24:00","date_gmt":"2025-10-06T21:24:00","guid":{"rendered":"http:\/\/vertienteglobal.com\/?p=245268"},"modified":"2025-10-06T21:32:39","modified_gmt":"2025-10-07T02:32:39","slug":"reforzaran-promocion-turistica-en-municipios-de-yucatan","status":"publish","type":"post","link":"http:\/\/vertienteglobal.com\/?p=245268","title":{"rendered":"Reforzar\u00e1n promoci\u00f3n tur\u00edstica en municipios de Yucat\u00e1n\u00a0"},"content":{"rendered":"\n<div class=\"twitterbutton\" style=\"float: right; padding-left: 5px;\"><a href=\"http:\/\/twitter.com\/share\" class=\"twitter-share-button\" data-count=\"horizontal\" data-text=\"Reforzar\u00e1n promoci\u00f3n tur\u00edstica en municipios de Yucat\u00e1n\u00a0\" data-via=\"https:\/\/twitter.com\/VertienteGloba1\" data-url=\"http:\/\/vertienteglobal.com\/?p=245268\" data-lang=\"es\" data-related=\"Informaci\u00f3n general:S\u00edguenos para que est\u00e9ss informado\"><\/a><\/div>\n<figure class=\"wp-block-image size-full\"><img loading=\"lazy\" decoding=\"async\" width=\"768\" height=\"512\" src=\"http:\/\/vertienteglobal.com\/wp-content\/uploads\/2025\/10\/1000675561.jpg\" alt=\"\" class=\"wp-image-245269\" srcset=\"http:\/\/vertienteglobal.com\/wp-content\/uploads\/2025\/10\/1000675561.jpg 768w, http:\/\/vertienteglobal.com\/wp-content\/uploads\/2025\/10\/1000675561-300x200.jpg 300w, http:\/\/vertienteglobal.com\/wp-content\/uploads\/2025\/10\/1000675561-150x100.jpg 150w\" sizes=\"auto, (max-width: 768px) 100vw, 768px\" \/><\/figure>\n\n\n\n<p>(Redacci\u00f3n)<\/p>\n\n\n\n<p><em>La Sefotur y AMIT Yucat\u00e1n enriquecer\u00e1n la campa\u00f1a \u201cConociendo Yucat\u00e1n\u201d con productos de turismo comunitario y de naturaleza<\/em><\/p>\n\n\n\n<p>M\u00e9rida, Yucat\u00e1n, a 6 de octubre de 2025.-La Secretar\u00eda de Fomento Tur\u00edstico (Sefotur) ampliar\u00e1 la participaci\u00f3n de prestadoras y prestadores de servicios tur\u00edsticos del interior del estado en la campa\u00f1a promocional \u201cConociendo Yucat\u00e1n\u201d, con el prop\u00f3sito de atraer m\u00e1s visitantes y fortalecer el turismo comunitario y de naturaleza.<br>\u00a0<br>Durante una reuni\u00f3n con integrantes de la Asociaci\u00f3n Mexicana de la Industria Tur\u00edstica (AMIT) Yucat\u00e1n, el titular de la Sefotur, Dar\u00edo Flota Ocampo, reafirm\u00f3 el compromiso de la administraci\u00f3n que encabeza el Gobernador Joaqu\u00edn D\u00edaz Mena de trabajar de la mano con el sector para diversificar la oferta tur\u00edstica y consolidar a Yucat\u00e1n como un destino sostenible e incluyente.<br>\u00a0<br>Flota Ocampo destac\u00f3 el respaldo de la dependencia a complejos ecotur\u00edsticos y comunitarios como Santa B\u00e1rbara y Cenote Santa Rosa de Hom\u00fan, el Parque P\u00e1jaro Toh de Tecoh, la Reserva Ecol\u00f3gica Los 7 Cenotes de Sotuta, el Gran Cenote Hubiku de Temoz\u00f3n y el Parque Ap\u00edcola Xcopek de Valladolid, entre otros atractivos que enriquecen la experiencia de quienes visitan el estado.<br>\u00a0<br>Asimismo, la Sefotur brindar\u00e1 apoyo a socios de la AMIT como Yucat\u00e1n Dive Center, especializado en buceo; el Parque Acu\u00e1tico Splash de Hom\u00fan; y la Agencia Aguas Sagradas, dedicada al turismo inclusivo y a la atenci\u00f3n de personas con discapacidad, lo que refleja la diversidad y competitividad de los servicios tur\u00edsticos de la entidad.<br>\u00a0<br>Acompa\u00f1ado por el subsecretario de Desarrollo Tur\u00edstico Sostenible, Ra\u00fal Paz Noriega, y la subsecretaria de Promoci\u00f3n Tur\u00edstica, Elizabeth Cole Guerrero, el funcionario sostuvo un di\u00e1logo con las y los socios de la AMIT, encabezados por su presidenta Rosa Isela Garc\u00eda Pantoja, para analizar el panorama actual de la actividad tur\u00edstica y fortalecer la coordinaci\u00f3n entre el sector p\u00fablico y privado.<br>\u00a0<br>Durante el encuentro, se acord\u00f3 impulsar acciones conjuntas para el desarrollo del turismo de aventura, naturaleza y comunitario, que genere beneficios directos a las comunidades yucatecas.<br>\u00a0<br>Adem\u00e1s, la Sefotur invit\u00f3 a las y los prestadores de servicios a enviar la informaci\u00f3n y enlaces de sus redes sociales para integrarlos al micrositio yucatan.travel\/conociendo-yucatan, con el fin de ampliar la promoci\u00f3n digital de sus servicios.<\/p>\n\n\n\n<p>Entre los temas abordados, se plantearon solicitudes para mejorar la se\u00f1al\u00e9tica tur\u00edstica en las carreteras estatales, fortalecer la participaci\u00f3n en ferias y eventos, y organizar una expo en M\u00e9rida dedicada a los destinos del interior del estado.<br>\u00a0<br>En el marco de la reuni\u00f3n, Rosa Isela Garc\u00eda present\u00f3 una propuesta para que Yucat\u00e1n sea sede del evento Adventure Travel M\u00e9xico (Atmex) 2026, el encuentro m\u00e1s importante de turismo de aventura y naturaleza en el pa\u00eds y Am\u00e9rica Latina, segmento en el que la entidad cuenta con un alto potencial de desarrollo.<br>\u00a0<br>Finalmente, el titular de la Sefotur comparti\u00f3 los avances del sector con base en datos de Datatur y del Sistema de Inteligencia Tur\u00edstica, herramienta que permite analizar en tiempo real el comportamiento del turismo nacional e internacional para dise\u00f1ar estrategias m\u00e1s efectivas de promoci\u00f3n.<\/p>\n\n\n\n<figure class=\"wp-block-image size-full\"><img loading=\"lazy\" decoding=\"async\" width=\"576\" height=\"504\" src=\"http:\/\/vertienteglobal.com\/wp-content\/uploads\/2025\/10\/1000675562.jpg\" alt=\"\" class=\"wp-image-245270\" srcset=\"http:\/\/vertienteglobal.com\/wp-content\/uploads\/2025\/10\/1000675562.jpg 576w, http:\/\/vertienteglobal.com\/wp-content\/uploads\/2025\/10\/1000675562-300x263.jpg 300w, http:\/\/vertienteglobal.com\/wp-content\/uploads\/2025\/10\/1000675562-150x131.jpg 150w\" sizes=\"auto, (max-width: 576px) 100vw, 576px\" \/><\/figure>\n\n\n\n<figure class=\"wp-block-image size-full\"><img loading=\"lazy\" decoding=\"async\" width=\"512\" height=\"341\" src=\"http:\/\/vertienteglobal.com\/wp-content\/uploads\/2025\/10\/1000675563.jpg\" alt=\"\" class=\"wp-image-245271\" srcset=\"http:\/\/vertienteglobal.com\/wp-content\/uploads\/2025\/10\/1000675563.jpg 512w, http:\/\/vertienteglobal.com\/wp-content\/uploads\/2025\/10\/1000675563-300x200.jpg 300w, http:\/\/vertienteglobal.com\/wp-content\/uploads\/2025\/10\/1000675563-150x100.jpg 150w\" sizes=\"auto, (max-width: 512px) 100vw, 512px\" \/><\/figure>\n\n\n\n<figure class=\"wp-block-image size-full\"><img loading=\"lazy\" decoding=\"async\" width=\"576\" height=\"528\" src=\"http:\/\/vertienteglobal.com\/wp-content\/uploads\/2025\/10\/1000675564.jpg\" alt=\"\" class=\"wp-image-245272\" srcset=\"http:\/\/vertienteglobal.com\/wp-content\/uploads\/2025\/10\/1000675564.jpg 576w, http:\/\/vertienteglobal.com\/wp-content\/uploads\/2025\/10\/1000675564-300x275.jpg 300w, http:\/\/vertienteglobal.com\/wp-content\/uploads\/2025\/10\/1000675564-150x138.jpg 150w\" sizes=\"auto, (max-width: 576px) 100vw, 576px\" \/><\/figure>\n","protected":false},"excerpt":{"rendered":"<p>(Redacci\u00f3n) La Sefotur y AMIT Yucat\u00e1n enriquecer\u00e1n la campa\u00f1a \u201cConociendo Yucat\u00e1n\u201d con productos de turismo comunitario y de naturaleza M\u00e9rida, Yucat\u00e1n, a 6 de octubre de 2025.-La Secretar\u00eda de Fomento Tur\u00edstico (Sefotur) ampliar\u00e1 la participaci\u00f3n de prestadoras y prestadores de servicios tur\u00edsticos del interior del estado en la campa\u00f1a promocional \u201cConociendo Yucat\u00e1n\u201d, con el prop\u00f3sito [&hellip;]<\/p>\n","protected":false},"author":6,"featured_media":245269,"comment_status":"open","ping_status":"open","sticky":false,"template":"","format":"standard","meta":{"footnotes":""},"categories":[2],"tags":[],"class_list":["post-245268","post","type-post","status-publish","format-standard","has-post-thumbnail","hentry","category-yucatan","entry","has-media"],"jetpack_featured_media_url":"http:\/\/vertienteglobal.com\/wp-content\/uploads\/2025\/10\/1000675561.jpg","_links":{"self":[{"href":"http:\/\/vertienteglobal.com\/index.php?rest_route=\/wp\/v2\/posts\/245268","targetHints":{"allow":["GET"]}}],"collection":[{"href":"http:\/\/vertienteglobal.com\/index.php?rest_route=\/wp\/v2\/posts"}],"about":[{"href":"http:\/\/vertienteglobal.com\/index.php?rest_route=\/wp\/v2\/types\/post"}],"author":[{"embeddable":true,"href":"http:\/\/vertienteglobal.com\/index.php?rest_route=\/wp\/v2\/users\/6"}],"replies":[{"embeddable":true,"href":"http:\/\/vertienteglobal.com\/index.php?rest_route=%2Fwp%2Fv2%2Fcomments&post=245268"}],"version-history":[{"count":1,"href":"http:\/\/vertienteglobal.com\/index.php?rest_route=\/wp\/v2\/posts\/245268\/revisions"}],"predecessor-version":[{"id":245273,"href":"http:\/\/vertienteglobal.com\/index.php?rest_route=\/wp\/v2\/posts\/245268\/revisions\/245273"}],"wp:featuredmedia":[{"embeddable":true,"href":"http:\/\/vertienteglobal.com\/index.php?rest_route=\/wp\/v2\/media\/245269"}],"wp:attachment":[{"href":"http:\/\/vertienteglobal.com\/index.php?rest_route=%2Fwp%2Fv2%2Fmedia&parent=245268"}],"wp:term":[{"taxonomy":"category","embeddable":true,"href":"http:\/\/vertienteglobal.com\/index.php?rest_route=%2Fwp%2Fv2%2Fcategories&post=245268"},{"taxonomy":"post_tag","embeddable":true,"href":"http:\/\/vertienteglobal.com\/index.php?rest_route=%2Fwp%2Fv2%2Ftags&post=245268"}],"curies":[{"name":"wp","href":"https:\/\/api.w.org\/{rel}","templated":true}]}}