{"id":245147,"date":"2025-10-04T11:48:00","date_gmt":"2025-10-04T16:48:00","guid":{"rendered":"http:\/\/vertienteglobal.com\/?p=245147"},"modified":"2025-10-04T20:51:50","modified_gmt":"2025-10-05T01:51:50","slug":"anuncia-mara-lezama-rehabilitacion-y-modernizacion-del-camino-kantunilkin-chiquila-en-lazaro-cardenas-con-apoyo-de-la-sict","status":"publish","type":"post","link":"http:\/\/vertienteglobal.com\/?p=245147","title":{"rendered":"Anuncia Mara Lezama rehabilitaci\u00f3n y modernizaci\u00f3n del camino Kantunilk\u00edn-Chiquil\u00e1 en L\u00e1zaro C\u00e1rdenas con apoyo de la SICT"},"content":{"rendered":"\n<div class=\"twitterbutton\" style=\"float: right; padding-left: 5px;\"><a href=\"http:\/\/twitter.com\/share\" class=\"twitter-share-button\" data-count=\"horizontal\" data-text=\"Anuncia Mara Lezama rehabilitaci\u00f3n y modernizaci\u00f3n del camino Kantunilk\u00edn-Chi...\" data-via=\"https:\/\/twitter.com\/VertienteGloba1\" data-url=\"http:\/\/vertienteglobal.com\/?p=245147\" data-lang=\"es\" data-related=\"Informaci\u00f3n general:S\u00edguenos para que est\u00e9ss informado\"><\/a><\/div>\n<figure class=\"wp-block-image size-full\"><img loading=\"lazy\" decoding=\"async\" width=\"1280\" height=\"854\" src=\"http:\/\/vertienteglobal.com\/wp-content\/uploads\/2025\/10\/1000670564.jpg\" alt=\"\" class=\"wp-image-245149\" srcset=\"http:\/\/vertienteglobal.com\/wp-content\/uploads\/2025\/10\/1000670564.jpg 1280w, http:\/\/vertienteglobal.com\/wp-content\/uploads\/2025\/10\/1000670564-300x200.jpg 300w, http:\/\/vertienteglobal.com\/wp-content\/uploads\/2025\/10\/1000670564-1024x683.jpg 1024w, http:\/\/vertienteglobal.com\/wp-content\/uploads\/2025\/10\/1000670564-150x100.jpg 150w, http:\/\/vertienteglobal.com\/wp-content\/uploads\/2025\/10\/1000670564-768x512.jpg 768w\" sizes=\"auto, (max-width: 1280px) 100vw, 1280px\" \/><\/figure>\n\n\n\n<p>(Redacci\u00f3n)<\/p>\n\n\n\n<p>Ampliaci\u00f3n de 7 a 9 metros de ancho, con 2 carriles de 3.5 metros y uno de acotamiento, beneficiar\u00e1 al turismo que llega y habitantes de Holbox<\/p>\n\n\n\n<p>Conectar\u00e1 comunidades e impulsar\u00e1 las actividades econ\u00f3micas de la regi\u00f3n, como la pesca, ganader\u00eda y agricultura<\/p>\n\n\n\n<p>L\u00e1zaro C\u00e1rdenas, Quintana Roo a 04 de octubre de 2025.- En el tramo que une a Kantunilk\u00edn con Chiquil\u00e1, puerta de entrada para miles de turistas nacionales y extranjeros, as\u00ed como de las y los habitantes a la isla de Holbox, la gobernadora Mara Lezama Espinosa anunci\u00f3 la modernizaci\u00f3n de 2 kil\u00f3metros de la v\u00eda para pasar de 7 a 9 metros de ancho, con 2 carriles seguros de 3.5 metros cada uno y acotamientos laterales de un metro.<\/p>\n\n\n\n<p>Acompa\u00f1ada del presidente municipal Nivardo Mena Villanueva, la titular del Ejecutivo destac\u00f3 el apoyo de la Presidenta Claudia Sheinbaum, a trav\u00e9s de la Secretar\u00eda de Infraestructura, Comunicaciones y Transportes (SICT), para la rehabilitaci\u00f3n de la carretera, del kil\u00f3metro 71+100 al 73+100.<\/p>\n\n\n\n<p>\u201cDurante a\u00f1os este tramo estuvo deteriorado, con baches, erosiones y riesgos constantes. Hoy estamos transformando esa realidad, pues cada minuto ahorrado en los traslados, cada producto que llegue m\u00e1s r\u00e1pido a su destino, y cada familia que viaje segura, significa que estamos cerrando las dolorosas brechas de desigualdad con justicia social\u201d, expres\u00f3 la Gobernadora.<\/p>\n\n\n\n<p>Esta modernizaci\u00f3n beneficiar\u00e1 a m\u00e1s de 760 mil personas en los municipios de L\u00e1zaro C\u00e1rdenas, Benito Ju\u00e1rez y Playa del Carmen, as\u00ed como los cientos de miles de turistas que visitan Quintana Roo cada a\u00f1o, sobre todo en Holbox, Chiquil\u00e1, San \u00c1ngel, Solferino y Kantunilk\u00edn.<\/p>\n\n\n\n<p>\u201cEste camino conecta comunidades, fortalece el turismo, impulsa la pesca, la agricultura y la ganader\u00eda de la regi\u00f3n. Representa bienestar, desarrollo y prosperidad compartida para miles de familias quintanarroenses\u201d, afirm\u00f3 la titular del Ejecutivo.<\/p>\n\n\n\n<p>Al hacer este importante anuncio, Mara Lezama asever\u00f3 que el bienestar de las familias, en este gobierno humanista con coraz\u00f3n feminista, \u00a1claro que importa!<\/p>\n\n\n\n<figure class=\"wp-block-image size-full\"><img loading=\"lazy\" decoding=\"async\" width=\"585\" height=\"390\" src=\"http:\/\/vertienteglobal.com\/wp-content\/uploads\/2025\/10\/1000670567.jpg\" alt=\"\" class=\"wp-image-245148\" srcset=\"http:\/\/vertienteglobal.com\/wp-content\/uploads\/2025\/10\/1000670567.jpg 585w, http:\/\/vertienteglobal.com\/wp-content\/uploads\/2025\/10\/1000670567-300x200.jpg 300w, http:\/\/vertienteglobal.com\/wp-content\/uploads\/2025\/10\/1000670567-150x100.jpg 150w\" sizes=\"auto, (max-width: 585px) 100vw, 585px\" \/><\/figure>\n\n\n\n<figure class=\"wp-block-image size-full\"><img loading=\"lazy\" decoding=\"async\" width=\"585\" height=\"329\" src=\"http:\/\/vertienteglobal.com\/wp-content\/uploads\/2025\/10\/1000670566.jpg\" alt=\"\" class=\"wp-image-245150\" srcset=\"http:\/\/vertienteglobal.com\/wp-content\/uploads\/2025\/10\/1000670566.jpg 585w, http:\/\/vertienteglobal.com\/wp-content\/uploads\/2025\/10\/1000670566-300x169.jpg 300w, http:\/\/vertienteglobal.com\/wp-content\/uploads\/2025\/10\/1000670566-150x84.jpg 150w\" sizes=\"auto, (max-width: 585px) 100vw, 585px\" \/><\/figure>\n\n\n\n<figure class=\"wp-block-image size-full\"><img loading=\"lazy\" decoding=\"async\" width=\"585\" height=\"329\" src=\"http:\/\/vertienteglobal.com\/wp-content\/uploads\/2025\/10\/1000670565.jpg\" alt=\"\" class=\"wp-image-245151\" srcset=\"http:\/\/vertienteglobal.com\/wp-content\/uploads\/2025\/10\/1000670565.jpg 585w, http:\/\/vertienteglobal.com\/wp-content\/uploads\/2025\/10\/1000670565-300x169.jpg 300w, http:\/\/vertienteglobal.com\/wp-content\/uploads\/2025\/10\/1000670565-150x84.jpg 150w\" sizes=\"auto, (max-width: 585px) 100vw, 585px\" \/><\/figure>\n","protected":false},"excerpt":{"rendered":"<p>(Redacci\u00f3n) Ampliaci\u00f3n de 7 a 9 metros de ancho, con 2 carriles de 3.5 metros y uno de acotamiento, beneficiar\u00e1 al turismo que llega y habitantes de Holbox Conectar\u00e1 comunidades e impulsar\u00e1 las actividades econ\u00f3micas de la regi\u00f3n, como la pesca, ganader\u00eda y agricultura L\u00e1zaro C\u00e1rdenas, Quintana Roo a 04 de octubre de 2025.- En [&hellip;]<\/p>\n","protected":false},"author":6,"featured_media":245149,"comment_status":"open","ping_status":"open","sticky":false,"template":"","format":"standard","meta":{"footnotes":""},"categories":[3],"tags":[],"class_list":["post-245147","post","type-post","status-publish","format-standard","has-post-thumbnail","hentry","category-quintana-roo","entry","has-media"],"jetpack_featured_media_url":"http:\/\/vertienteglobal.com\/wp-content\/uploads\/2025\/10\/1000670564.jpg","_links":{"self":[{"href":"http:\/\/vertienteglobal.com\/index.php?rest_route=\/wp\/v2\/posts\/245147","targetHints":{"allow":["GET"]}}],"collection":[{"href":"http:\/\/vertienteglobal.com\/index.php?rest_route=\/wp\/v2\/posts"}],"about":[{"href":"http:\/\/vertienteglobal.com\/index.php?rest_route=\/wp\/v2\/types\/post"}],"author":[{"embeddable":true,"href":"http:\/\/vertienteglobal.com\/index.php?rest_route=\/wp\/v2\/users\/6"}],"replies":[{"embeddable":true,"href":"http:\/\/vertienteglobal.com\/index.php?rest_route=%2Fwp%2Fv2%2Fcomments&post=245147"}],"version-history":[{"count":1,"href":"http:\/\/vertienteglobal.com\/index.php?rest_route=\/wp\/v2\/posts\/245147\/revisions"}],"predecessor-version":[{"id":245152,"href":"http:\/\/vertienteglobal.com\/index.php?rest_route=\/wp\/v2\/posts\/245147\/revisions\/245152"}],"wp:featuredmedia":[{"embeddable":true,"href":"http:\/\/vertienteglobal.com\/index.php?rest_route=\/wp\/v2\/media\/245149"}],"wp:attachment":[{"href":"http:\/\/vertienteglobal.com\/index.php?rest_route=%2Fwp%2Fv2%2Fmedia&parent=245147"}],"wp:term":[{"taxonomy":"category","embeddable":true,"href":"http:\/\/vertienteglobal.com\/index.php?rest_route=%2Fwp%2Fv2%2Fcategories&post=245147"},{"taxonomy":"post_tag","embeddable":true,"href":"http:\/\/vertienteglobal.com\/index.php?rest_route=%2Fwp%2Fv2%2Ftags&post=245147"}],"curies":[{"name":"wp","href":"https:\/\/api.w.org\/{rel}","templated":true}]}}