{"id":245011,"date":"2025-09-30T23:55:00","date_gmt":"2025-10-01T04:55:00","guid":{"rendered":"http:\/\/vertienteglobal.com\/?p=245011"},"modified":"2025-10-04T15:42:06","modified_gmt":"2025-10-04T20:42:06","slug":"palacio-de-gobierno-en-yucatan-se-ilumina-de-rosa-en-la-lucha-contra-el-cancer-de-mama","status":"publish","type":"post","link":"http:\/\/vertienteglobal.com\/?p=245011","title":{"rendered":"Palacio de Gobierno en Yucat\u00e1n se ilumina de rosa en la lucha contra el c\u00e1ncer de mama"},"content":{"rendered":"\n<div class=\"twitterbutton\" style=\"float: right; padding-left: 5px;\"><a href=\"http:\/\/twitter.com\/share\" class=\"twitter-share-button\" data-count=\"horizontal\" data-text=\"Palacio de Gobierno en Yucat\u00e1n se ilumina de rosa en la lucha contra el c\u00e1ncer...\" data-via=\"https:\/\/twitter.com\/VertienteGloba1\" data-url=\"http:\/\/vertienteglobal.com\/?p=245011\" data-lang=\"es\" data-related=\"Informaci\u00f3n general:S\u00edguenos para que est\u00e9ss informado\"><\/a><\/div>\n<figure class=\"wp-block-image size-full\"><img loading=\"lazy\" decoding=\"async\" width=\"832\" height=\"554\" src=\"http:\/\/vertienteglobal.com\/wp-content\/uploads\/2025\/10\/1000670038.jpg\" alt=\"\" class=\"wp-image-245012\" srcset=\"http:\/\/vertienteglobal.com\/wp-content\/uploads\/2025\/10\/1000670038.jpg 832w, http:\/\/vertienteglobal.com\/wp-content\/uploads\/2025\/10\/1000670038-300x200.jpg 300w, http:\/\/vertienteglobal.com\/wp-content\/uploads\/2025\/10\/1000670038-150x100.jpg 150w, http:\/\/vertienteglobal.com\/wp-content\/uploads\/2025\/10\/1000670038-768x511.jpg 768w\" sizes=\"auto, (max-width: 832px) 100vw, 832px\" \/><\/figure>\n\n\n\n<p>(Redacci\u00f3n)<\/p>\n\n\n\n<p><em>Con la proyecci\u00f3n del video mapping \u201cUna tradici\u00f3n entre todas\u201d, iniciaron las actividades de la Agenda Rosa, un mes para fomentar en todo Yucat\u00e1n la detecci\u00f3n oportuna de esta enfermedad<\/em><\/p>\n\n\n\n<p>M\u00e9rida, Yucat\u00e1n, 30 de septiembre de 2025.-La fachada del Palacio de Gobierno se ilumin\u00f3 de color rosa y sirvi\u00f3 para la proyecci\u00f3n del video mapping \u201cUna tradici\u00f3n entre todas\u201d como s\u00edmbolo de esperanza, unidad y compromiso del Renacimiento Maya ante la lucha contra el c\u00e1ncer de mama.<br>\u00a0<br>De igual manera, se present\u00f3 la Agenda Rosa, una campa\u00f1a de concientizaci\u00f3n y prevenci\u00f3n que busca salvar vidas mediante la detecci\u00f3n oportuna de esta enfermedad, conformada por actividades en hospitales, universidades, parques y municipios de todo el estado.<br>\u00a0<br>Las actividades se realizar\u00e1n en el marco del Mes Rosa a fin de concientizar, informar y, sobre todo, invitar a todas las mujeres, especialmente a las de 40 a\u00f1os en adelante, a que se realicen una mastograf\u00eda como parte de sus cuidados y para detectar de forma temprana dicha enfermedad.<br>\u00a0<br>Durante su mensaje, el Gobernador Joaqu\u00edn D\u00edaz Mena afirm\u00f3 que la salud de las mujeres yucatecas es una prioridad y enfatiz\u00f3 la importancia de redoblar esfuerzos para fomentar la prevenci\u00f3n y detecci\u00f3n temprana a fin de salvar vidas, ya que el c\u00e1ncer de mama es la primera causa de muerte por c\u00e1ncer en mujeres en M\u00e9xico, y en Yucat\u00e1n se diagnostican m\u00e1s de 400 nuevos casos cada a\u00f1o.<br>\u00a0<br>Durante todo este mes, expuso el Gobernador, se ha preparado, junto con el DIF Yucat\u00e1n y de manera transversal con todo el Gobierno del Estado, una Agenda Rosa con actividades en hospitales, universidades, parques y municipios.<br>\u00a0<br>\u201cEl objetivo es claro: concientizar, informar y, sobre todo, invitar a todas las mujeres, en especial a partir de los 40 a\u00f1os, a que se realicen una mastograf\u00eda. Es un procedimiento sencillo, gratuito en los Centros de Salud de Yucat\u00e1n, y puede marcar la diferencia entre la vida y la muerte\u201d, afirm\u00f3.<br>\u00a0<br>Por ello, el Gobernador agradeci\u00f3 la labor realizada por la Presidenta honoraria del DIF Yucat\u00e1n, Mtra. Wendy M\u00e9ndez Naal, y todo su equipo, asociaciones civiles, instituciones de salud y mujeres valientes por encabezar estas acciones y su compromiso en favor de la prevenci\u00f3n y detecci\u00f3n temprana de la enfermedad.<br>\u00a0<br>\u201cComo Gobernador, pero sobre todo como ser humano, me comprometo a que ninguna mujer enfrente esta lucha en soledad. Vamos a fortalecer la detecci\u00f3n temprana, ampliar el acceso a tratamientos, seguir impulsando programas de apoyo emocional y acompa\u00f1amiento, porque sabemos que el c\u00e1ncer de mama no solo afecta al cuerpo, sino tambi\u00e9n al alma\u201d, expres\u00f3.<br>\u00a0<br>En su intervenci\u00f3n, la Presidenta honoraria del DIF Yucat\u00e1n, Mtra. Wendy M\u00e9ndez Naal, expuso que el c\u00e1ncer de mama puede tocar a cualquier familia, por lo que hablar de prevenci\u00f3n y detecci\u00f3n temprana es hablar de amor, cuidado y compromiso con la vida.<br>\u00a0<br>\u201cEl lema de nuestra Agenda Rosa lo dice con claridad: Autoexpl\u00f3rate, hazlo costumbre, hazlo tradici\u00f3n. Queremos que cada mujer haga de la autoexploraci\u00f3n un h\u00e1bito tan natural como lo es cada una de nuestras tradiciones yucatecas, porque escuchar nuestro cuerpo y revisarlo con frecuencia puede salvar muchas vidas\u201d, indic\u00f3.<br>\u00a0<br>Asimismo, y en compa\u00f1\u00eda de la directora del DIF Yucat\u00e1n, Shirley Castillo S\u00e1nchez, la Presidenta honoraria adelant\u00f3 que con el apoyo del Gobernador, instituciones, dependencias y sociedad civil se seguir\u00e1n impulsando acciones de prevenci\u00f3n, concientizaci\u00f3n y acompa\u00f1amiento, para que m\u00e1s mujeres tengan acceso a informaci\u00f3n, orientaci\u00f3n y atenci\u00f3n de su salud con tranquilidad y seguridad.<br>\u00a0<br>Participaron en este evento Mar\u00eda Candelaria Balam Canul, embajadora de la Expo Adulto Mayor 2025; Galilea Paredes Ortiz, embajadora de la Feria Xmatkuil 2024; y Eyka Marissa Baas Ortega, sobreviviente de c\u00e1ncer de mama.<\/p>\n\n\n\n<figure class=\"wp-block-image size-full\"><img loading=\"lazy\" decoding=\"async\" width=\"832\" height=\"554\" src=\"http:\/\/vertienteglobal.com\/wp-content\/uploads\/2025\/10\/1000670040.jpg\" alt=\"\" class=\"wp-image-245013\" srcset=\"http:\/\/vertienteglobal.com\/wp-content\/uploads\/2025\/10\/1000670040.jpg 832w, http:\/\/vertienteglobal.com\/wp-content\/uploads\/2025\/10\/1000670040-300x200.jpg 300w, http:\/\/vertienteglobal.com\/wp-content\/uploads\/2025\/10\/1000670040-150x100.jpg 150w, http:\/\/vertienteglobal.com\/wp-content\/uploads\/2025\/10\/1000670040-768x511.jpg 768w\" sizes=\"auto, (max-width: 832px) 100vw, 832px\" \/><\/figure>\n\n\n\n<figure class=\"wp-block-image size-full\"><img loading=\"lazy\" decoding=\"async\" width=\"832\" height=\"554\" src=\"http:\/\/vertienteglobal.com\/wp-content\/uploads\/2025\/10\/1000670041.jpg\" alt=\"\" class=\"wp-image-245014\" srcset=\"http:\/\/vertienteglobal.com\/wp-content\/uploads\/2025\/10\/1000670041.jpg 832w, http:\/\/vertienteglobal.com\/wp-content\/uploads\/2025\/10\/1000670041-300x200.jpg 300w, http:\/\/vertienteglobal.com\/wp-content\/uploads\/2025\/10\/1000670041-150x100.jpg 150w, http:\/\/vertienteglobal.com\/wp-content\/uploads\/2025\/10\/1000670041-768x511.jpg 768w\" sizes=\"auto, (max-width: 832px) 100vw, 832px\" \/><\/figure>\n\n\n\n<figure class=\"wp-block-image size-full\"><img loading=\"lazy\" decoding=\"async\" width=\"832\" height=\"554\" src=\"http:\/\/vertienteglobal.com\/wp-content\/uploads\/2025\/10\/1000670039.jpg\" alt=\"\" class=\"wp-image-245015\" srcset=\"http:\/\/vertienteglobal.com\/wp-content\/uploads\/2025\/10\/1000670039.jpg 832w, http:\/\/vertienteglobal.com\/wp-content\/uploads\/2025\/10\/1000670039-300x200.jpg 300w, http:\/\/vertienteglobal.com\/wp-content\/uploads\/2025\/10\/1000670039-150x100.jpg 150w, http:\/\/vertienteglobal.com\/wp-content\/uploads\/2025\/10\/1000670039-768x511.jpg 768w\" sizes=\"auto, (max-width: 832px) 100vw, 832px\" \/><\/figure>\n","protected":false},"excerpt":{"rendered":"<p>(Redacci\u00f3n) Con la proyecci\u00f3n del video mapping \u201cUna tradici\u00f3n entre todas\u201d, iniciaron las actividades de la Agenda Rosa, un mes para fomentar en todo Yucat\u00e1n la detecci\u00f3n oportuna de esta enfermedad M\u00e9rida, Yucat\u00e1n, 30 de septiembre de 2025.-La fachada del Palacio de Gobierno se ilumin\u00f3 de color rosa y sirvi\u00f3 para la proyecci\u00f3n del video [&hellip;]<\/p>\n","protected":false},"author":6,"featured_media":245012,"comment_status":"open","ping_status":"open","sticky":false,"template":"","format":"standard","meta":{"footnotes":""},"categories":[2],"tags":[],"class_list":["post-245011","post","type-post","status-publish","format-standard","has-post-thumbnail","hentry","category-yucatan","entry","has-media"],"jetpack_featured_media_url":"http:\/\/vertienteglobal.com\/wp-content\/uploads\/2025\/10\/1000670038.jpg","_links":{"self":[{"href":"http:\/\/vertienteglobal.com\/index.php?rest_route=\/wp\/v2\/posts\/245011","targetHints":{"allow":["GET"]}}],"collection":[{"href":"http:\/\/vertienteglobal.com\/index.php?rest_route=\/wp\/v2\/posts"}],"about":[{"href":"http:\/\/vertienteglobal.com\/index.php?rest_route=\/wp\/v2\/types\/post"}],"author":[{"embeddable":true,"href":"http:\/\/vertienteglobal.com\/index.php?rest_route=\/wp\/v2\/users\/6"}],"replies":[{"embeddable":true,"href":"http:\/\/vertienteglobal.com\/index.php?rest_route=%2Fwp%2Fv2%2Fcomments&post=245011"}],"version-history":[{"count":1,"href":"http:\/\/vertienteglobal.com\/index.php?rest_route=\/wp\/v2\/posts\/245011\/revisions"}],"predecessor-version":[{"id":245016,"href":"http:\/\/vertienteglobal.com\/index.php?rest_route=\/wp\/v2\/posts\/245011\/revisions\/245016"}],"wp:featuredmedia":[{"embeddable":true,"href":"http:\/\/vertienteglobal.com\/index.php?rest_route=\/wp\/v2\/media\/245012"}],"wp:attachment":[{"href":"http:\/\/vertienteglobal.com\/index.php?rest_route=%2Fwp%2Fv2%2Fmedia&parent=245011"}],"wp:term":[{"taxonomy":"category","embeddable":true,"href":"http:\/\/vertienteglobal.com\/index.php?rest_route=%2Fwp%2Fv2%2Fcategories&post=245011"},{"taxonomy":"post_tag","embeddable":true,"href":"http:\/\/vertienteglobal.com\/index.php?rest_route=%2Fwp%2Fv2%2Ftags&post=245011"}],"curies":[{"name":"wp","href":"https:\/\/api.w.org\/{rel}","templated":true}]}}