{"id":244999,"date":"2025-09-30T21:55:00","date_gmt":"2025-10-01T02:55:00","guid":{"rendered":"http:\/\/vertienteglobal.com\/?p=244999"},"modified":"2025-10-04T15:30:57","modified_gmt":"2025-10-04T20:30:57","slug":"homenajean-a-quienes-forjaron-la-historia-educativa-de-yucatan","status":"publish","type":"post","link":"http:\/\/vertienteglobal.com\/?p=244999","title":{"rendered":"Homenajean a quienes forjaron la historia educativa de Yucat\u00e1n\u00a0"},"content":{"rendered":"\n<div class=\"twitterbutton\" style=\"float: right; padding-left: 5px;\"><a href=\"http:\/\/twitter.com\/share\" class=\"twitter-share-button\" data-count=\"horizontal\" data-text=\"Homenajean a quienes forjaron la historia educativa de Yucat\u00e1n\u00a0\" data-via=\"https:\/\/twitter.com\/VertienteGloba1\" data-url=\"http:\/\/vertienteglobal.com\/?p=244999\" data-lang=\"es\" data-related=\"Informaci\u00f3n general:S\u00edguenos para que est\u00e9ss informado\"><\/a><\/div>\n<figure class=\"wp-block-image size-full\"><img loading=\"lazy\" decoding=\"async\" width=\"768\" height=\"511\" src=\"http:\/\/vertienteglobal.com\/wp-content\/uploads\/2025\/10\/1000670003.jpg\" alt=\"\" class=\"wp-image-245000\" srcset=\"http:\/\/vertienteglobal.com\/wp-content\/uploads\/2025\/10\/1000670003.jpg 768w, http:\/\/vertienteglobal.com\/wp-content\/uploads\/2025\/10\/1000670003-300x200.jpg 300w, http:\/\/vertienteglobal.com\/wp-content\/uploads\/2025\/10\/1000670003-150x100.jpg 150w\" sizes=\"auto, (max-width: 768px) 100vw, 768px\" \/><\/figure>\n\n\n\n<p>(Redacci\u00f3n)<\/p>\n\n\n\n<p><em>En un acto de gratitud y justicia, el Gobernador Joaqu\u00edn D\u00edaz Mena rindi\u00f3 homenaje a docentes y personal administrativo que entregaron su vida a la educaci\u00f3n en Yucat\u00e1n<\/em><\/p>\n\n\n\n<p>M\u00e9rida, Yucat\u00e1n, 30 de septiembre de 2025.-El Gobierno del Renacimiento Maya, encabezado por el Gobernador Joaqu\u00edn D\u00edaz Mena, rindi\u00f3 homenaje a maestras y maestros jubilados, as\u00ed como a personal administrativo, reconociendo su invaluable labor como formadores de generaciones, sembradores de valores y constructores de ciudadan\u00eda.<br>\u00a0<br>\u201cHoy les rendimos un homenaje profundo y sincero, porque en cada uno de ustedes late la historia de Yucat\u00e1n, la historia de quienes entregaron su vida a la noble misi\u00f3n de educar. Ustedes no s\u00f3lo ense\u00f1aron n\u00fameros y letras, tambi\u00e9n transmitieron valores, formaron ciudadanos, inspiraron sue\u00f1os y encendieron vocaciones\u201d, expres\u00f3 el Gobernador.<br>\u00a0<br>En un ambiente de fiesta y convivencia, el mandatario estatal se\u00f1al\u00f3 que es la primera vez en la historia de Yucat\u00e1n que se celebra la trayectoria de quienes dedicaron su vida al magisterio, reconoci\u00e9ndolos como reserva moral, pedag\u00f3gica e hist\u00f3rica, pilares de la educaci\u00f3n p\u00fablica y agentes de transformaci\u00f3n en cada comunidad.<br>\u00a0<br>Durante la ceremonia, agradeci\u00f3 el apoyo incondicional que el magisterio ha brindado a las y los yucatecos para hacer realidad el Renacimiento Maya, proyecto de desarrollo centrado en fortalecer la educaci\u00f3n. Ejemplo de ello es la creaci\u00f3n de las universidades del Mar y Rosario Castellanos, en Progreso y Kanas\u00edn, respectivamente.<br>\u00a0<br>En el Centro de Convenciones Yucat\u00e1n Siglo XXI, y acompa\u00f1ado de sus padres, la maestra Fanny Mena Marrufo y el maestro \u00c1lvaro D\u00edaz L\u00f3pez, el jefe del Ejecutivo destac\u00f3 que Yucat\u00e1n honra con profundo cari\u00f1o y respeto a sus maestras y maestros jubilados.<br>\u00a0<br>\u201cHoy, como Gobernador, pero sobre todo como yucateco, les damos las gracias por el trabajo que han realizado. Por eso Yucat\u00e1n los honra, Yucat\u00e1n los abraza y siempre tendr\u00e1 gratitud hacia las maestras y maestros jubilados. Gracias por toda una vida de servicio y amor a nuestra tierra\u201d, subray\u00f3.<br>\u00a0<br>En su intervenci\u00f3n, el titular de la Secretar\u00eda de Educaci\u00f3n del Estado (Segey), Juan Balam V\u00e1rguez, celebr\u00f3 la instauraci\u00f3n de este evento tan significativo, destacando la entrega de quienes dieron alma, vida y coraz\u00f3n a sus alumnas y alumnos.<br>\u00a0<br>\u201cNo solo es un desayuno, es un acto de gratitud y justicia hacia el personal docente que ha sido protagonista de la historia educativa de Yucat\u00e1n, maestros que nos dieron clase y a quienes recordamos con cari\u00f1o\u201d, expres\u00f3.<br>\u00a0<br>Por su parte, el secretario general de la Secci\u00f3n 57 del SNTE, Alejandro Chulim Cim\u00e9, subray\u00f3 la finalidad del evento: reconocer la invaluable trayectoria de quienes dejaron huella en sus estudiantes.<br>\u00a0<br>\u201cUstedes son los pilares fundamentales de la transformaci\u00f3n, transmitiendo conocimientos, valores y principios, dejando una huella imborrable\u201d, afirm\u00f3.<br>\u00a0<br>Asimismo, el secretario general de la Secci\u00f3n 33 del SNTE, BJ Emmanuel Gonz\u00e1lez Ch\u00e1vez, destac\u00f3 que las y los jubilados demuestran que la docencia no s\u00f3lo es un estilo de vida, sino un compromiso con la sociedad. Asegur\u00f3 que el sindicato seguir\u00e1 siendo un espacio para ellos y sus familias.<br>\u00a0<br>En el evento estuvieron presentes la titular de la Oficina de Enlace Educativo de la Secretar\u00eda de Educaci\u00f3n P\u00fablica, Eunice Miss Jim\u00e9nez; el representante nacional del CEN del SNTE en la Secci\u00f3n 33, Juan Gabriel Corchado Acevedo; el representante nacional del CEN del SNTE en la Secci\u00f3n 57, Manuel Tzab Castro; as\u00ed como los diputados locales Maribel Chuc Ayala, Alejandro Cuevas Mena y Juli\u00e1n Bustillos Medina.<\/p>\n\n\n\n<figure class=\"wp-block-image size-full\"><img loading=\"lazy\" decoding=\"async\" width=\"768\" height=\"511\" src=\"http:\/\/vertienteglobal.com\/wp-content\/uploads\/2025\/10\/1000670005.jpg\" alt=\"\" class=\"wp-image-245001\" srcset=\"http:\/\/vertienteglobal.com\/wp-content\/uploads\/2025\/10\/1000670005.jpg 768w, http:\/\/vertienteglobal.com\/wp-content\/uploads\/2025\/10\/1000670005-300x200.jpg 300w, http:\/\/vertienteglobal.com\/wp-content\/uploads\/2025\/10\/1000670005-150x100.jpg 150w\" sizes=\"auto, (max-width: 768px) 100vw, 768px\" \/><\/figure>\n\n\n\n<figure class=\"wp-block-image size-full\"><img loading=\"lazy\" decoding=\"async\" width=\"768\" height=\"512\" src=\"http:\/\/vertienteglobal.com\/wp-content\/uploads\/2025\/10\/1000670004.jpg\" alt=\"\" class=\"wp-image-245002\" srcset=\"http:\/\/vertienteglobal.com\/wp-content\/uploads\/2025\/10\/1000670004.jpg 768w, http:\/\/vertienteglobal.com\/wp-content\/uploads\/2025\/10\/1000670004-300x200.jpg 300w, http:\/\/vertienteglobal.com\/wp-content\/uploads\/2025\/10\/1000670004-150x100.jpg 150w\" sizes=\"auto, (max-width: 768px) 100vw, 768px\" \/><\/figure>\n\n\n\n<figure class=\"wp-block-image size-full\"><img loading=\"lazy\" decoding=\"async\" width=\"640\" height=\"426\" src=\"http:\/\/vertienteglobal.com\/wp-content\/uploads\/2025\/10\/1000670006.jpg\" alt=\"\" class=\"wp-image-245003\" srcset=\"http:\/\/vertienteglobal.com\/wp-content\/uploads\/2025\/10\/1000670006.jpg 640w, http:\/\/vertienteglobal.com\/wp-content\/uploads\/2025\/10\/1000670006-300x200.jpg 300w, http:\/\/vertienteglobal.com\/wp-content\/uploads\/2025\/10\/1000670006-150x100.jpg 150w\" sizes=\"auto, (max-width: 640px) 100vw, 640px\" \/><\/figure>\n","protected":false},"excerpt":{"rendered":"<p>(Redacci\u00f3n) En un acto de gratitud y justicia, el Gobernador Joaqu\u00edn D\u00edaz Mena rindi\u00f3 homenaje a docentes y personal administrativo que entregaron su vida a la educaci\u00f3n en Yucat\u00e1n M\u00e9rida, Yucat\u00e1n, 30 de septiembre de 2025.-El Gobierno del Renacimiento Maya, encabezado por el Gobernador Joaqu\u00edn D\u00edaz Mena, rindi\u00f3 homenaje a maestras y maestros jubilados, as\u00ed [&hellip;]<\/p>\n","protected":false},"author":6,"featured_media":245000,"comment_status":"open","ping_status":"open","sticky":false,"template":"","format":"standard","meta":{"footnotes":""},"categories":[9,2],"tags":[],"class_list":["post-244999","post","type-post","status-publish","format-standard","has-post-thumbnail","hentry","category-educacion","category-yucatan","entry","has-media"],"jetpack_featured_media_url":"http:\/\/vertienteglobal.com\/wp-content\/uploads\/2025\/10\/1000670003.jpg","_links":{"self":[{"href":"http:\/\/vertienteglobal.com\/index.php?rest_route=\/wp\/v2\/posts\/244999","targetHints":{"allow":["GET"]}}],"collection":[{"href":"http:\/\/vertienteglobal.com\/index.php?rest_route=\/wp\/v2\/posts"}],"about":[{"href":"http:\/\/vertienteglobal.com\/index.php?rest_route=\/wp\/v2\/types\/post"}],"author":[{"embeddable":true,"href":"http:\/\/vertienteglobal.com\/index.php?rest_route=\/wp\/v2\/users\/6"}],"replies":[{"embeddable":true,"href":"http:\/\/vertienteglobal.com\/index.php?rest_route=%2Fwp%2Fv2%2Fcomments&post=244999"}],"version-history":[{"count":1,"href":"http:\/\/vertienteglobal.com\/index.php?rest_route=\/wp\/v2\/posts\/244999\/revisions"}],"predecessor-version":[{"id":245004,"href":"http:\/\/vertienteglobal.com\/index.php?rest_route=\/wp\/v2\/posts\/244999\/revisions\/245004"}],"wp:featuredmedia":[{"embeddable":true,"href":"http:\/\/vertienteglobal.com\/index.php?rest_route=\/wp\/v2\/media\/245000"}],"wp:attachment":[{"href":"http:\/\/vertienteglobal.com\/index.php?rest_route=%2Fwp%2Fv2%2Fmedia&parent=244999"}],"wp:term":[{"taxonomy":"category","embeddable":true,"href":"http:\/\/vertienteglobal.com\/index.php?rest_route=%2Fwp%2Fv2%2Fcategories&post=244999"},{"taxonomy":"post_tag","embeddable":true,"href":"http:\/\/vertienteglobal.com\/index.php?rest_route=%2Fwp%2Fv2%2Ftags&post=244999"}],"curies":[{"name":"wp","href":"https:\/\/api.w.org\/{rel}","templated":true}]}}