{"id":244893,"date":"2025-09-26T11:55:00","date_gmt":"2025-09-26T16:55:00","guid":{"rendered":"http:\/\/vertienteglobal.com\/?p=244893"},"modified":"2025-09-30T12:05:22","modified_gmt":"2025-09-30T17:05:22","slug":"turismo-sustentable-en-celestun-fortalece-lazos-con-agencias-de-viajes","status":"publish","type":"post","link":"http:\/\/vertienteglobal.com\/?p=244893","title":{"rendered":"Turismo sustentable en Celest\u00fan fortalece lazos con agencias de viajes\u00a0"},"content":{"rendered":"\n<div class=\"twitterbutton\" style=\"float: right; padding-left: 5px;\"><a href=\"http:\/\/twitter.com\/share\" class=\"twitter-share-button\" data-count=\"horizontal\" data-text=\"Turismo sustentable en Celest\u00fan fortalece lazos con agencias de viajes\u00a0\" data-via=\"https:\/\/twitter.com\/VertienteGloba1\" data-url=\"http:\/\/vertienteglobal.com\/?p=244893\" data-lang=\"es\" data-related=\"Informaci\u00f3n general:S\u00edguenos para que est\u00e9ss informado\"><\/a><\/div>\n<figure class=\"wp-block-image size-large\"><img loading=\"lazy\" decoding=\"async\" width=\"1024\" height=\"682\" src=\"http:\/\/vertienteglobal.com\/wp-content\/uploads\/2025\/09\/1000658047-1024x682.jpg\" alt=\"\" class=\"wp-image-244894\" srcset=\"http:\/\/vertienteglobal.com\/wp-content\/uploads\/2025\/09\/1000658047-1024x682.jpg 1024w, http:\/\/vertienteglobal.com\/wp-content\/uploads\/2025\/09\/1000658047-300x200.jpg 300w, http:\/\/vertienteglobal.com\/wp-content\/uploads\/2025\/09\/1000658047-150x100.jpg 150w, http:\/\/vertienteglobal.com\/wp-content\/uploads\/2025\/09\/1000658047-768x512.jpg 768w, http:\/\/vertienteglobal.com\/wp-content\/uploads\/2025\/09\/1000658047-1536x1023.jpg 1536w, http:\/\/vertienteglobal.com\/wp-content\/uploads\/2025\/09\/1000658047.jpg 1600w\" sizes=\"auto, (max-width: 1024px) 100vw, 1024px\" \/><\/figure>\n\n\n\n<p>(Redacci\u00f3n)<\/p>\n\n\n\n<p><em>La capacitaci\u00f3n constante y la coordinaci\u00f3n entre cooperativas, Gobierno del Renacimiento Maya y sector privado consolidan al puerto como referente del ecoturismo en Yucat\u00e1n<\/em><\/p>\n\n\n\n<p>Celest\u00fan,  Yucat\u00e1n,  a 26 de septiembre de 2025.-Postales naturales de\u00a0Isla P\u00e1jaros, el arco de manglares que conduce al ojo de agua Baldiosera y la elegancia del flamenco del Caribe\u00a0fueron compartidas con representantes de agencias tur\u00edsticas por cooperativistas locales, quienes presentaron de primera mano el modelo de turismo sustentable que han consolidado a lo largo de los a\u00f1os.<br>\u00a0<br>Este encuentro, organizado por el\u00a0Patronato de las Unidades de Servicios Culturales y Tur\u00edsticos del Estado de Yucat\u00e1n (Cultur), permiti\u00f3 que las y los visitantes convivieran con prestadores de servicios del Parador Tur\u00edstico de Celest\u00fan, quienes agradecieron el respaldo del Gobierno del Estado, encabezado por el\u00a0Gobernador Joaqu\u00edn D\u00edaz Mena, por impulsar estas vinculaciones que fortalecen a las familias dedicadas a preservar y difundir la\u00a0Reserva de la Biosfera de Celest\u00fan, parte del corredor de humedales de la costa yucateca.<br>\u00a0<br>\u201cQueremos dar un mejor servicio y, en conjunto con el Gobierno del Estado y Cultur, lograr que Celest\u00fan se conozca a nivel nacional e internacional. Una de las riquezas m\u00e1s grandes que tenemos en Yucat\u00e1n es la calidad de su gente, y eso le da un valor enorme a nuestro municipio\u201d, expres\u00f3 el cooperativista\u00a0Ismael Pinto Castillo, del Parador Tur\u00edstico de Celest\u00fan.<br>\u00a0<br>El director general de Cultur,\u00a0Clemente Escalante Alcocer, acompa\u00f1ado por\u00a0Mar\u00eda Elena Guti\u00e9rrez Reyes, directora de Comercializaci\u00f3n de Cultur, y\u00a0Margarita Navarro Favela, directora de Planeaci\u00f3n Tur\u00edstica de la Secretar\u00eda de Fomento Tur\u00edstico (Sefotur), reconoci\u00f3 el compromiso del capital humano del parador, particularmente en materia de capacitaci\u00f3n, ya que han participado en cursos de primeros auxilios y en temas vinculados con la atenci\u00f3n a visitantes.<br>\u00a0<br>\u201cEl Gobernador nos ha encomendado generar c\u00edrculos virtuosos y coordinarnos con la iniciativa privada y los tres niveles de gobierno para cumplir con la normatividad en flora y fauna. Reconozco a las y los cooperativistas por su esfuerzo en la capacitaci\u00f3n permanente y en garantizar que todo est\u00e9 listo para recibir de la mejor manera al turismo\u201d, se\u00f1al\u00f3 Escalante Alcocer.<br>\u00a0<br>Durante el recorrido en lancha por la\u00a0R\u00eda Celest\u00fan, reconocida por la Unesco en el Programa sobre el Hombre y la Biosfera (MAB), las y los tour operadores escucharon de los lugare\u00f1os datos relevantes sobre la reserva y constataron que los paseos se realizan con pleno respeto al medio ambiente. En la visita observaron\u00a0garzas, patos, gaviotas y flamencos j\u00f3venes.<br>\u00a0<br>\u201cEs maravilloso, es una experiencia que ahora podemos compartir con nuestros clientes. Celest\u00fan tiene mucho que ofrecer, y es positivo que la administraci\u00f3n actual promueva lo mejor de nuestro estado\u201d, destac\u00f3\u00a0Vianey George, de la empresa Mayan Heritage.<br>\u00a0<br>La\u00a0Reserva de la R\u00eda Celest\u00fan, con una superficie superior a\u00a081 mil hect\u00e1reas\u00a0en los estados de Yucat\u00e1n y Campeche, es un ecosistema \u00fanico que alberga diferentes tipos de manglar y recibe a colonias de flamencos.<br>\u00a0<br>El\u00a0Parador Tur\u00edstico Cultur de Celest\u00fan\u00a0est\u00e1 abierto de lunes a domingo de 9:00 a 17:00 horas y ofrece una experiencia plena de conocimiento y respeto por la naturaleza, con servicios dise\u00f1ados para promover un turismo responsable y sostenible.<\/p>\n\n\n\n<figure class=\"wp-block-image size-large\"><img loading=\"lazy\" decoding=\"async\" width=\"1024\" height=\"682\" src=\"http:\/\/vertienteglobal.com\/wp-content\/uploads\/2025\/09\/1000658048-1024x682.jpg\" alt=\"\" class=\"wp-image-244895\" srcset=\"http:\/\/vertienteglobal.com\/wp-content\/uploads\/2025\/09\/1000658048-1024x682.jpg 1024w, http:\/\/vertienteglobal.com\/wp-content\/uploads\/2025\/09\/1000658048-300x200.jpg 300w, http:\/\/vertienteglobal.com\/wp-content\/uploads\/2025\/09\/1000658048-150x100.jpg 150w, http:\/\/vertienteglobal.com\/wp-content\/uploads\/2025\/09\/1000658048-768x512.jpg 768w, http:\/\/vertienteglobal.com\/wp-content\/uploads\/2025\/09\/1000658048-1536x1023.jpg 1536w, http:\/\/vertienteglobal.com\/wp-content\/uploads\/2025\/09\/1000658048.jpg 1600w\" sizes=\"auto, (max-width: 1024px) 100vw, 1024px\" \/><\/figure>\n\n\n\n<figure class=\"wp-block-image size-large\"><img loading=\"lazy\" decoding=\"async\" width=\"1024\" height=\"682\" src=\"http:\/\/vertienteglobal.com\/wp-content\/uploads\/2025\/09\/1000658049-1024x682.jpg\" alt=\"\" class=\"wp-image-244896\" srcset=\"http:\/\/vertienteglobal.com\/wp-content\/uploads\/2025\/09\/1000658049-1024x682.jpg 1024w, http:\/\/vertienteglobal.com\/wp-content\/uploads\/2025\/09\/1000658049-300x200.jpg 300w, http:\/\/vertienteglobal.com\/wp-content\/uploads\/2025\/09\/1000658049-150x100.jpg 150w, http:\/\/vertienteglobal.com\/wp-content\/uploads\/2025\/09\/1000658049-768x512.jpg 768w, http:\/\/vertienteglobal.com\/wp-content\/uploads\/2025\/09\/1000658049-1536x1023.jpg 1536w, http:\/\/vertienteglobal.com\/wp-content\/uploads\/2025\/09\/1000658049.jpg 1600w\" sizes=\"auto, (max-width: 1024px) 100vw, 1024px\" \/><\/figure>\n\n\n\n<figure class=\"wp-block-image size-large\"><img loading=\"lazy\" decoding=\"async\" width=\"1024\" height=\"655\" src=\"http:\/\/vertienteglobal.com\/wp-content\/uploads\/2025\/09\/1000658050-1024x655.jpg\" alt=\"\" class=\"wp-image-244897\" srcset=\"http:\/\/vertienteglobal.com\/wp-content\/uploads\/2025\/09\/1000658050-1024x655.jpg 1024w, http:\/\/vertienteglobal.com\/wp-content\/uploads\/2025\/09\/1000658050-300x192.jpg 300w, http:\/\/vertienteglobal.com\/wp-content\/uploads\/2025\/09\/1000658050-150x96.jpg 150w, http:\/\/vertienteglobal.com\/wp-content\/uploads\/2025\/09\/1000658050-768x492.jpg 768w, http:\/\/vertienteglobal.com\/wp-content\/uploads\/2025\/09\/1000658050-1536x983.jpg 1536w, http:\/\/vertienteglobal.com\/wp-content\/uploads\/2025\/09\/1000658050.jpg 1600w\" sizes=\"auto, (max-width: 1024px) 100vw, 1024px\" \/><\/figure>\n","protected":false},"excerpt":{"rendered":"<p>(Redacci\u00f3n) La capacitaci\u00f3n constante y la coordinaci\u00f3n entre cooperativas, Gobierno del Renacimiento Maya y sector privado consolidan al puerto como referente del ecoturismo en Yucat\u00e1n Celest\u00fan, Yucat\u00e1n, a 26 de septiembre de 2025.-Postales naturales de\u00a0Isla P\u00e1jaros, el arco de manglares que conduce al ojo de agua Baldiosera y la elegancia del flamenco del Caribe\u00a0fueron compartidas [&hellip;]<\/p>\n","protected":false},"author":6,"featured_media":244894,"comment_status":"open","ping_status":"open","sticky":false,"template":"","format":"standard","meta":{"footnotes":""},"categories":[2],"tags":[],"class_list":["post-244893","post","type-post","status-publish","format-standard","has-post-thumbnail","hentry","category-yucatan","entry","has-media"],"jetpack_featured_media_url":"http:\/\/vertienteglobal.com\/wp-content\/uploads\/2025\/09\/1000658047.jpg","_links":{"self":[{"href":"http:\/\/vertienteglobal.com\/index.php?rest_route=\/wp\/v2\/posts\/244893","targetHints":{"allow":["GET"]}}],"collection":[{"href":"http:\/\/vertienteglobal.com\/index.php?rest_route=\/wp\/v2\/posts"}],"about":[{"href":"http:\/\/vertienteglobal.com\/index.php?rest_route=\/wp\/v2\/types\/post"}],"author":[{"embeddable":true,"href":"http:\/\/vertienteglobal.com\/index.php?rest_route=\/wp\/v2\/users\/6"}],"replies":[{"embeddable":true,"href":"http:\/\/vertienteglobal.com\/index.php?rest_route=%2Fwp%2Fv2%2Fcomments&post=244893"}],"version-history":[{"count":1,"href":"http:\/\/vertienteglobal.com\/index.php?rest_route=\/wp\/v2\/posts\/244893\/revisions"}],"predecessor-version":[{"id":244898,"href":"http:\/\/vertienteglobal.com\/index.php?rest_route=\/wp\/v2\/posts\/244893\/revisions\/244898"}],"wp:featuredmedia":[{"embeddable":true,"href":"http:\/\/vertienteglobal.com\/index.php?rest_route=\/wp\/v2\/media\/244894"}],"wp:attachment":[{"href":"http:\/\/vertienteglobal.com\/index.php?rest_route=%2Fwp%2Fv2%2Fmedia&parent=244893"}],"wp:term":[{"taxonomy":"category","embeddable":true,"href":"http:\/\/vertienteglobal.com\/index.php?rest_route=%2Fwp%2Fv2%2Fcategories&post=244893"},{"taxonomy":"post_tag","embeddable":true,"href":"http:\/\/vertienteglobal.com\/index.php?rest_route=%2Fwp%2Fv2%2Ftags&post=244893"}],"curies":[{"name":"wp","href":"https:\/\/api.w.org\/{rel}","templated":true}]}}