{"id":244889,"date":"2025-09-26T14:24:00","date_gmt":"2025-09-26T19:24:00","guid":{"rendered":"http:\/\/vertienteglobal.com\/?p=244889"},"modified":"2025-09-30T11:58:40","modified_gmt":"2025-09-30T16:58:40","slug":"trabajo-coordinado-mantiene-a-yucatan-como-lider-nacional-en-seguridad-joaquin-diaz-mena","status":"publish","type":"post","link":"http:\/\/vertienteglobal.com\/?p=244889","title":{"rendered":"Trabajo coordinado mantiene a Yucat\u00e1n como l\u00edder nacional en seguridad: Joaqu\u00edn Diaz Mena"},"content":{"rendered":"\n<div class=\"twitterbutton\" style=\"float: right; padding-left: 5px;\"><a href=\"http:\/\/twitter.com\/share\" class=\"twitter-share-button\" data-count=\"horizontal\" data-text=\"Trabajo coordinado mantiene a Yucat\u00e1n como l\u00edder nacional en seguridad: Joaqu?...\" data-via=\"https:\/\/twitter.com\/VertienteGloba1\" data-url=\"http:\/\/vertienteglobal.com\/?p=244889\" data-lang=\"es\" data-related=\"Informaci\u00f3n general:S\u00edguenos para que est\u00e9ss informado\"><\/a><\/div>\n<figure class=\"wp-block-image size-full\"><img loading=\"lazy\" decoding=\"async\" width=\"832\" height=\"554\" src=\"http:\/\/vertienteglobal.com\/wp-content\/uploads\/2025\/09\/1000658041.jpg\" alt=\"\" class=\"wp-image-244890\" srcset=\"http:\/\/vertienteglobal.com\/wp-content\/uploads\/2025\/09\/1000658041.jpg 832w, http:\/\/vertienteglobal.com\/wp-content\/uploads\/2025\/09\/1000658041-300x200.jpg 300w, http:\/\/vertienteglobal.com\/wp-content\/uploads\/2025\/09\/1000658041-150x100.jpg 150w, http:\/\/vertienteglobal.com\/wp-content\/uploads\/2025\/09\/1000658041-768x511.jpg 768w\" sizes=\"auto, (max-width: 832px) 100vw, 832px\" \/><\/figure>\n\n\n\n<p>(Redacci\u00f3n)<\/p>\n\n\n\n<p><em>El Gobernador Joaqu\u00edn D\u00edaz Mena encabez\u00f3 la Mesa Estatal Para la Construcci\u00f3n de Paz y Seguridad en Yucat\u00e1n, donde reconoci\u00f3 el trabajo conjunto de las instituciones que mantienen a Yucat\u00e1n como referente nacional de paz<\/em><\/p>\n\n\n\n<p>M\u00e9rida, Yucat\u00e1n, 26 de septiembre de 2025.-Al encabezar la Mesa Estatal para la Construcci\u00f3n de la Paz y Seguridad en Yucat\u00e1n, el Gobernador Joaqu\u00edn D\u00edaz Mena afirm\u00f3 que el clima de seguridad que se vive en la entidad es resultado del trabajo coordinado entre la Secretar\u00eda de Seguridad P\u00fablica (SSP), bajo el mando del Comandante Luis Felipe Said\u00e9n Ojeda, y las Fuerzas Armadas, la Marina y la Guardia Nacional.<br>\u00a0<br>Durante su intervenci\u00f3n, D\u00edaz Mena resalt\u00f3 que la Encuesta Nacional de Victimizaci\u00f3n y Percepci\u00f3n sobre Seguridad P\u00fablica del Inegi confirma que Yucat\u00e1n es uno de los estados m\u00e1s seguros del pa\u00eds, y que la mayor\u00eda de la poblaci\u00f3n reconoce que aqu\u00ed se respira paz, fruto del trabajo conjunto de diversas instituciones.<br>\u00a0<br>Pese a estos logros, el Gobernador insisti\u00f3 que es necesario mantener la responsabilidad y atender los retos que persisten, pues la misma encuesta se\u00f1ala que la extorsi\u00f3n y los robos a casa habitaci\u00f3n y en v\u00eda p\u00fablica contin\u00faan siendo delitos presentes. Por ello, solicit\u00f3 redoblar esfuerzos en su combate.<br>\u00a0<br>En presencia del Secretario General de Gobierno, Omar P\u00e9rez Avil\u00e9s, D\u00edaz Mena hizo un llamado a la poblaci\u00f3n para reportar estos delitos a los n\u00fameros 911 o 089 y reafirm\u00f3 que su gobierno seguir\u00e1 trabajando para apoyar a la ciudadan\u00eda en la prevenci\u00f3n y atenci\u00f3n de estas acciones ilegales.<br>\u00a0<br>Asimismo, el Gobernador enfatiz\u00f3 la importancia de apoyar a las polic\u00edas municipales, escuchar a la ciudadan\u00eda y simplificar los procesos de denuncia, para que estos sean confiables, \u00fatiles y sencillos.<br>\u00a0<br>\u00abTenemos la confianza de los ciudadanos, que es lo m\u00e1s importante, de acuerdo con estas encuestas, y por lo tanto, la coordinaci\u00f3n entre nosotros para promover la prevenci\u00f3n del delito es lo m\u00e1s valioso. La ciudadan\u00eda de Yucat\u00e1n valora principalmente la seguridad, as\u00ed como vivir en paz y tranquilidad. Con estas acciones estoy seguro de que vamos a mantener a Yucat\u00e1n como el estado m\u00e1s seguro del pa\u00eds. Por lo tanto, agradezco much\u00edsimo el esfuerzo que realiza cada una de las instituciones de esta mesa para la construcci\u00f3n de la paz y la seguridad\u00bb, finaliz\u00f3 el Gobernador.<br>\u00a0<br>Por su parte, el titular de la SSP, Luis Felipe Said\u00e9n Ojeda, present\u00f3 un recuento de las acciones de seguridad y prevenci\u00f3n efectuadas desde su dependencia, que han contribuido a mantener la paz y tranquilidad en beneficio de la poblaci\u00f3n yucateca.<br>\u00a0<br>En esta Mesa de Seguridad, participaron el General de Brigada Estado Mayor, Comandante de la 32\/a Zona Militar, Bernardo Reginaldo Reyes Herrera; el General de Brigada Guardia Nacional Estado Mayor, Coordinador Territorial de la Guardia Nacional Regi\u00f3n Sureste, Juan Carlos Guzm\u00e1n Giadans; el General Brigadier Estado Mayor, Representante de la D\u00e9cima Regi\u00f3n Militar, Gabriel Zamudio L\u00f3pez; el General Brigadier Guardia Nacional Estado Mayor, Coordinador Estatal de la Guardia Nacional en Yucat\u00e1n, David Morales Hern\u00e1ndez; y el Contralmirante Cuerpo General Diplomado de Estado Mayor, Representante de la Novena Zona Naval, V\u00edctor Omar Mendoza Aguilar.<br>\u00a0<br>Asimismo, asistieron el Fiscal Federal en el Estado de Yucat\u00e1n, Manuel David Magd\u00f3n Flores; el Secretario Ejecutivo del Sistema Estatal de Seguridad P\u00fablica, Carlos Mart\u00edn Pacheco Medina; el Jefe de Estaci\u00f3n del Centro Nacional de Inteligencia en Yucat\u00e1n, V\u00edctor Hugo Delgado Espino; el Representante de la Secretar\u00eda de Gobernaci\u00f3n, Andr\u00e9s Peralta Rivera; el Director de la Coordinaci\u00f3n de Protecci\u00f3n Civil en Yucat\u00e1n, Hern\u00e1n Hern\u00e1ndez Rodr\u00edguez; y la Representante del Centro Nacional de Inteligencia en el estado, Dalia Araluz Gonz\u00e1lez Valle.<br>\u00a0<br>Tambi\u00e9n participaron el Subsecretario de la Polic\u00eda Estatal Investigadora de la SSP, Comandante Carlos Flores Moo; el Inspector General, representante de la SSP, Jes\u00fas Feliciano Novelo Chan; el Inspector Jefe, Encargado del Centro C5i, Marcos Josu\u00e9 Mena Can; el Subdelegado de la Secretar\u00eda de Gobernaci\u00f3n en Yucat\u00e1n, Jos\u00e9 Manuel Tun Chan; el Fiscal General del Estado, Juan Manuel Le\u00f3n Le\u00f3n; el Subsecretario de Prevenci\u00f3n y Reinserci\u00f3n Social de la Secretar\u00eda General de Gobierno, Miguel Trujillo Ortiz; y el Secretario T\u00e9cnico Estatal de la Mesa para la Construcci\u00f3n de la Paz y la Seguridad en Yucat\u00e1n, Juan Manuel Aboytes Vilchis.<br>\u00a0<br>Finalmente, estuvieron presentes el titular de la Oficina de Representaci\u00f3n del Instituto Nacional de Migraci\u00f3n en Yucat\u00e1n, Luis Felipe Esper\u00f3n Villanueva; el Director de la Polic\u00eda Municipal de M\u00e9rida, Comisario Rafael Chaires Cuevas; la Secretaria de las Mujeres, Sisely Burgos Cano; el Secretario T\u00e9cnico de la Fiscal\u00eda del Estado, David Cetina Manrique; la Subdirectora de Regulaci\u00f3n Migratoria del Instituto Nacional de Migraci\u00f3n, Elisa Masquef Gonz\u00e1lez; el Representante del Centro Nacional de Inteligencia en Yucat\u00e1n, \u00c1ngel Reyes Medina; y el Delegado de Bienestar en el estado, Rogerio Castro V\u00e1zquez.<\/p>\n\n\n\n<figure class=\"wp-block-image size-full\"><img loading=\"lazy\" decoding=\"async\" width=\"832\" height=\"554\" src=\"http:\/\/vertienteglobal.com\/wp-content\/uploads\/2025\/09\/1000658042.jpg\" alt=\"\" class=\"wp-image-244891\" srcset=\"http:\/\/vertienteglobal.com\/wp-content\/uploads\/2025\/09\/1000658042.jpg 832w, http:\/\/vertienteglobal.com\/wp-content\/uploads\/2025\/09\/1000658042-300x200.jpg 300w, http:\/\/vertienteglobal.com\/wp-content\/uploads\/2025\/09\/1000658042-150x100.jpg 150w, http:\/\/vertienteglobal.com\/wp-content\/uploads\/2025\/09\/1000658042-768x511.jpg 768w\" sizes=\"auto, (max-width: 832px) 100vw, 832px\" \/><\/figure>\n","protected":false},"excerpt":{"rendered":"<p>(Redacci\u00f3n) El Gobernador Joaqu\u00edn D\u00edaz Mena encabez\u00f3 la Mesa Estatal Para la Construcci\u00f3n de Paz y Seguridad en Yucat\u00e1n, donde reconoci\u00f3 el trabajo conjunto de las instituciones que mantienen a Yucat\u00e1n como referente nacional de paz M\u00e9rida, Yucat\u00e1n, 26 de septiembre de 2025.-Al encabezar la Mesa Estatal para la Construcci\u00f3n de la Paz y Seguridad [&hellip;]<\/p>\n","protected":false},"author":6,"featured_media":244890,"comment_status":"open","ping_status":"open","sticky":false,"template":"","format":"standard","meta":{"footnotes":""},"categories":[2],"tags":[],"class_list":["post-244889","post","type-post","status-publish","format-standard","has-post-thumbnail","hentry","category-yucatan","entry","has-media"],"jetpack_featured_media_url":"http:\/\/vertienteglobal.com\/wp-content\/uploads\/2025\/09\/1000658041.jpg","_links":{"self":[{"href":"http:\/\/vertienteglobal.com\/index.php?rest_route=\/wp\/v2\/posts\/244889","targetHints":{"allow":["GET"]}}],"collection":[{"href":"http:\/\/vertienteglobal.com\/index.php?rest_route=\/wp\/v2\/posts"}],"about":[{"href":"http:\/\/vertienteglobal.com\/index.php?rest_route=\/wp\/v2\/types\/post"}],"author":[{"embeddable":true,"href":"http:\/\/vertienteglobal.com\/index.php?rest_route=\/wp\/v2\/users\/6"}],"replies":[{"embeddable":true,"href":"http:\/\/vertienteglobal.com\/index.php?rest_route=%2Fwp%2Fv2%2Fcomments&post=244889"}],"version-history":[{"count":1,"href":"http:\/\/vertienteglobal.com\/index.php?rest_route=\/wp\/v2\/posts\/244889\/revisions"}],"predecessor-version":[{"id":244892,"href":"http:\/\/vertienteglobal.com\/index.php?rest_route=\/wp\/v2\/posts\/244889\/revisions\/244892"}],"wp:featuredmedia":[{"embeddable":true,"href":"http:\/\/vertienteglobal.com\/index.php?rest_route=\/wp\/v2\/media\/244890"}],"wp:attachment":[{"href":"http:\/\/vertienteglobal.com\/index.php?rest_route=%2Fwp%2Fv2%2Fmedia&parent=244889"}],"wp:term":[{"taxonomy":"category","embeddable":true,"href":"http:\/\/vertienteglobal.com\/index.php?rest_route=%2Fwp%2Fv2%2Fcategories&post=244889"},{"taxonomy":"post_tag","embeddable":true,"href":"http:\/\/vertienteglobal.com\/index.php?rest_route=%2Fwp%2Fv2%2Ftags&post=244889"}],"curies":[{"name":"wp","href":"https:\/\/api.w.org\/{rel}","templated":true}]}}