{"id":244805,"date":"2025-09-29T17:46:00","date_gmt":"2025-09-29T22:46:00","guid":{"rendered":"http:\/\/vertienteglobal.com\/?p=244805"},"modified":"2025-09-29T18:47:00","modified_gmt":"2025-09-29T23:47:00","slug":"con-voz-y-liderazgo-anahi-gonzalez-impulsa-la-paridad-y-la-agenda-femenina-en-mexico","status":"publish","type":"post","link":"http:\/\/vertienteglobal.com\/?p=244805","title":{"rendered":"Con voz y liderazgo, Anah\u00ed Gonz\u00e1lez impulsa la paridad y la agenda femenina en M\u00e9xico"},"content":{"rendered":"\n<div class=\"twitterbutton\" style=\"float: right; padding-left: 5px;\"><a href=\"http:\/\/twitter.com\/share\" class=\"twitter-share-button\" data-count=\"horizontal\" data-text=\"Con voz y liderazgo, Anah\u00ed Gonz\u00e1lez impulsa la paridad y la agenda femenina en...\" data-via=\"https:\/\/twitter.com\/VertienteGloba1\" data-url=\"http:\/\/vertienteglobal.com\/?p=244805\" data-lang=\"es\" data-related=\"Informaci\u00f3n general:S\u00edguenos para que est\u00e9ss informado\"><\/a><\/div>\n<figure class=\"wp-block-image size-full\"><img loading=\"lazy\" decoding=\"async\" width=\"960\" height=\"540\" src=\"http:\/\/vertienteglobal.com\/wp-content\/uploads\/2025\/09\/1000656695.jpg\" alt=\"\" class=\"wp-image-244806\" srcset=\"http:\/\/vertienteglobal.com\/wp-content\/uploads\/2025\/09\/1000656695.jpg 960w, http:\/\/vertienteglobal.com\/wp-content\/uploads\/2025\/09\/1000656695-300x169.jpg 300w, http:\/\/vertienteglobal.com\/wp-content\/uploads\/2025\/09\/1000656695-150x84.jpg 150w, http:\/\/vertienteglobal.com\/wp-content\/uploads\/2025\/09\/1000656695-768x432.jpg 768w\" sizes=\"auto, (max-width: 960px) 100vw, 960px\" \/><\/figure>\n\n\n\n<p>(Redacci\u00f3n)<\/p>\n\n\n\n<p>Las senadoras recordaron que la reforma constitucional de 2014 introdujo el principio de paridad en candidaturas, y que la reforma de 2019 consolid\u00f3 el principio de \u201cParidad en Todo\u201d<\/p>\n\n\n\n<p>M\u00e9rida, Yucat\u00e1n.- En el marco de las XIII Jornadas Acad\u00e9micas Multidisciplinarias, \u201cMujer Fuerte, Comunidad Saludable\u201d se llev\u00f3 a cabo el panel \u201cMujeres y Pol\u00edtica\u201d, organizadas por el Instituto de Seguridad y Servicios Sociales de los Trabajadores del Estado (ISSSTE) y el Gobierno de M\u00e9xico con la participaci\u00f3n de Anah\u00ed Gonz\u00e1lez Hern\u00e1ndez, Senadora por Quintana Roo, y Ver\u00f3nica Camino Farjat, Senadora por Yucat\u00e1n, quienes compartieron sus reflexiones sobre los retos, avances y perspectivas de la participaci\u00f3n femenina en la vida pol\u00edtica de M\u00e9xico.<\/p>\n\n\n\n<p>Las panelistas coincidieron en que los estereotipos de g\u00e9nero y los roles tradicionales de cuidado y la violencia Pol\u00edtica en raz\u00f3n de g\u00e9nero contin\u00faan siendo los principales obst\u00e1culos que enfrentan las mujeres al ingresar o mantenerse en la pol\u00edtica.<\/p>\n\n\n\n<p>Hist\u00f3ricamente coincidieron, este espacio ha sido concebido como competitivo, jer\u00e1rquico y dominado por hombres. Sin embargo, destacaron que los avances alcanzados en los \u00faltimos a\u00f1os \u2014incluyendo la llegada de la primera Presidenta de M\u00e9xico, la Dra. Claudia Sheinbaum Pardo\u2014 marcan un hito hist\u00f3rico y abren camino a nuevas generaciones.<\/p>\n\n\n\n<p>El impacto de la paridad de g\u00e9nero<\/p>\n\n\n\n<p>Las senadoras recordaron que la reforma constitucional de 2014 introdujo el principio de paridad en candidaturas, y que la reforma de 2019 consolid\u00f3 el principio de \u201cParidad en Todo\u201d.<\/p>\n\n\n\n<p>Hoy M\u00e9xico cuenta con un Congreso totalmente paritario (250 diputadas y 250 diputados; 64 senadoras y 64 senadores), con 13 gobernadoras y una jefa de Gobierno en la Ciudad de M\u00e9xico. Asimismo, la reciente elecci\u00f3n paritaria en el Poder Judicial refuerza el liderazgo femenino en todos los niveles.<\/p>\n\n\n\n<p>Participaci\u00f3n femenina y agenda pol\u00edtica<\/p>\n\n\n\n<p>Adem\u00e1s la fundadora de Morena en Quintana Roo, Anah\u00ed Gonz\u00e1lez dijo que la presencia de mujeres en espacios de decisi\u00f3n ha permitido visibilizar temas antes relegados: igualdad de g\u00e9nero, derechos laborales, violencia contra las mujeres, salud reproductiva, cuidados y protecci\u00f3n social.<\/p>\n\n\n\n<p>Ejemplo de ello es la estipulaci\u00f3n de violencia obst\u00e9trica, menstruaci\u00f3n digna, programas como la Pensi\u00f3n Mujeres Bienestar y la consolidaci\u00f3n de la Secretar\u00eda de las Mujeres, acciones que \u2014en palabras de la legisladora\u2014 representan la Revoluci\u00f3n del Bienestar\u201d, una transformaci\u00f3n que coloca a las mujeres en el centro de las pol\u00edticas p\u00fablicas y del proyecto de naci\u00f3n.<\/p>\n\n\n\n<p>En el panel que se desarroll\u00f3 en el Auditorio Manuel Cepeda del Centro Cultural Universitario de la Univerdad Aut\u00f3noma de Yucat\u00e1n, estuvieron presentes el Dr. Omar Berm\u00fadez Ferro, director del Hospital Regional \u201cElvia Carrillo Puerto\u201d y la Dra. Darinela Borges M\u00e1rquez Coordinadora de Ense\u00f1anza e Investigaci\u00f3n del mismo hospital y tambi\u00e9n se destac\u00f3 que, la participaci\u00f3n pol\u00edtica de las mujeres en M\u00e9xico vive un momento hist\u00f3rico, pero a\u00fan enfrenta retos que requieren del compromiso de las instituciones, los partidos, los medios y la sociedad civil para garantizar una democracia plena, incluyente y con igualdad sustantiva.<\/p>\n\n\n\n<figure class=\"wp-block-image size-large\"><img loading=\"lazy\" decoding=\"async\" width=\"1024\" height=\"573\" src=\"http:\/\/vertienteglobal.com\/wp-content\/uploads\/2025\/09\/1000656694-1024x573.jpg\" alt=\"\" class=\"wp-image-244807\" srcset=\"http:\/\/vertienteglobal.com\/wp-content\/uploads\/2025\/09\/1000656694-1024x573.jpg 1024w, http:\/\/vertienteglobal.com\/wp-content\/uploads\/2025\/09\/1000656694-300x168.jpg 300w, http:\/\/vertienteglobal.com\/wp-content\/uploads\/2025\/09\/1000656694-150x84.jpg 150w, http:\/\/vertienteglobal.com\/wp-content\/uploads\/2025\/09\/1000656694-768x430.jpg 768w, http:\/\/vertienteglobal.com\/wp-content\/uploads\/2025\/09\/1000656694.jpg 1280w\" sizes=\"auto, (max-width: 1024px) 100vw, 1024px\" \/><\/figure>\n\n\n\n<figure class=\"wp-block-image size-full\"><img loading=\"lazy\" decoding=\"async\" width=\"960\" height=\"588\" src=\"http:\/\/vertienteglobal.com\/wp-content\/uploads\/2025\/09\/1000656696.jpg\" alt=\"\" class=\"wp-image-244808\" srcset=\"http:\/\/vertienteglobal.com\/wp-content\/uploads\/2025\/09\/1000656696.jpg 960w, http:\/\/vertienteglobal.com\/wp-content\/uploads\/2025\/09\/1000656696-300x184.jpg 300w, http:\/\/vertienteglobal.com\/wp-content\/uploads\/2025\/09\/1000656696-150x92.jpg 150w, http:\/\/vertienteglobal.com\/wp-content\/uploads\/2025\/09\/1000656696-768x470.jpg 768w\" sizes=\"auto, (max-width: 960px) 100vw, 960px\" \/><\/figure>\n\n\n\n<figure class=\"wp-block-image size-full\"><img loading=\"lazy\" decoding=\"async\" width=\"768\" height=\"403\" src=\"http:\/\/vertienteglobal.com\/wp-content\/uploads\/2025\/09\/1000656697.jpg\" alt=\"\" class=\"wp-image-244809\" srcset=\"http:\/\/vertienteglobal.com\/wp-content\/uploads\/2025\/09\/1000656697.jpg 768w, http:\/\/vertienteglobal.com\/wp-content\/uploads\/2025\/09\/1000656697-300x157.jpg 300w, http:\/\/vertienteglobal.com\/wp-content\/uploads\/2025\/09\/1000656697-150x79.jpg 150w\" sizes=\"auto, (max-width: 768px) 100vw, 768px\" \/><\/figure>\n","protected":false},"excerpt":{"rendered":"<p>(Redacci\u00f3n) Las senadoras recordaron que la reforma constitucional de 2014 introdujo el principio de paridad en candidaturas, y que la reforma de 2019 consolid\u00f3 el principio de \u201cParidad en Todo\u201d M\u00e9rida, Yucat\u00e1n.- En el marco de las XIII Jornadas Acad\u00e9micas Multidisciplinarias, \u201cMujer Fuerte, Comunidad Saludable\u201d se llev\u00f3 a cabo el panel \u201cMujeres y Pol\u00edtica\u201d, organizadas [&hellip;]<\/p>\n","protected":false},"author":6,"featured_media":244807,"comment_status":"open","ping_status":"open","sticky":false,"template":"","format":"standard","meta":{"footnotes":""},"categories":[8,3,2],"tags":[],"class_list":["post-244805","post","type-post","status-publish","format-standard","has-post-thumbnail","hentry","category-pais","category-quintana-roo","category-yucatan","entry","has-media"],"jetpack_featured_media_url":"http:\/\/vertienteglobal.com\/wp-content\/uploads\/2025\/09\/1000656694.jpg","_links":{"self":[{"href":"http:\/\/vertienteglobal.com\/index.php?rest_route=\/wp\/v2\/posts\/244805","targetHints":{"allow":["GET"]}}],"collection":[{"href":"http:\/\/vertienteglobal.com\/index.php?rest_route=\/wp\/v2\/posts"}],"about":[{"href":"http:\/\/vertienteglobal.com\/index.php?rest_route=\/wp\/v2\/types\/post"}],"author":[{"embeddable":true,"href":"http:\/\/vertienteglobal.com\/index.php?rest_route=\/wp\/v2\/users\/6"}],"replies":[{"embeddable":true,"href":"http:\/\/vertienteglobal.com\/index.php?rest_route=%2Fwp%2Fv2%2Fcomments&post=244805"}],"version-history":[{"count":1,"href":"http:\/\/vertienteglobal.com\/index.php?rest_route=\/wp\/v2\/posts\/244805\/revisions"}],"predecessor-version":[{"id":244810,"href":"http:\/\/vertienteglobal.com\/index.php?rest_route=\/wp\/v2\/posts\/244805\/revisions\/244810"}],"wp:featuredmedia":[{"embeddable":true,"href":"http:\/\/vertienteglobal.com\/index.php?rest_route=\/wp\/v2\/media\/244807"}],"wp:attachment":[{"href":"http:\/\/vertienteglobal.com\/index.php?rest_route=%2Fwp%2Fv2%2Fmedia&parent=244805"}],"wp:term":[{"taxonomy":"category","embeddable":true,"href":"http:\/\/vertienteglobal.com\/index.php?rest_route=%2Fwp%2Fv2%2Fcategories&post=244805"},{"taxonomy":"post_tag","embeddable":true,"href":"http:\/\/vertienteglobal.com\/index.php?rest_route=%2Fwp%2Fv2%2Ftags&post=244805"}],"curies":[{"name":"wp","href":"https:\/\/api.w.org\/{rel}","templated":true}]}}