{"id":244670,"date":"2025-09-24T08:55:00","date_gmt":"2025-09-24T13:55:00","guid":{"rendered":"http:\/\/vertienteglobal.com\/?p=244670"},"modified":"2025-09-24T13:22:37","modified_gmt":"2025-09-24T18:22:37","slug":"la-presidenta-claudia-sheinbaum-pardo-enviara-al-congreso-iniciativas-de-reforma-para-regular-uso-de-agua","status":"publish","type":"post","link":"http:\/\/vertienteglobal.com\/?p=244670","title":{"rendered":"La Presidenta Claudia Sheinbaum Pardo, enviar\u00e1 al Congreso iniciativas de reforma para regular uso de agua"},"content":{"rendered":"\n<div class=\"twitterbutton\" style=\"float: right; padding-left: 5px;\"><a href=\"http:\/\/twitter.com\/share\" class=\"twitter-share-button\" data-count=\"horizontal\" data-text=\"La Presidenta Claudia Sheinbaum Pardo, enviar\u00e1 al Congreso iniciativas de refor...\" data-via=\"https:\/\/twitter.com\/VertienteGloba1\" data-url=\"http:\/\/vertienteglobal.com\/?p=244670\" data-lang=\"es\" data-related=\"Informaci\u00f3n general:S\u00edguenos para que est\u00e9ss informado\"><\/a><\/div>\n<figure class=\"wp-block-image size-full\"><img loading=\"lazy\" decoding=\"async\" width=\"614\" height=\"409\" src=\"http:\/\/vertienteglobal.com\/wp-content\/uploads\/2025\/09\/1000641355.jpg\" alt=\"\" class=\"wp-image-244671\" srcset=\"http:\/\/vertienteglobal.com\/wp-content\/uploads\/2025\/09\/1000641355.jpg 614w, http:\/\/vertienteglobal.com\/wp-content\/uploads\/2025\/09\/1000641355-300x200.jpg 300w, http:\/\/vertienteglobal.com\/wp-content\/uploads\/2025\/09\/1000641355-150x100.jpg 150w\" sizes=\"auto, (max-width: 614px) 100vw, 614px\" \/><\/figure>\n\n\n\n<p>(Redacci\u00f3n)<\/p>\n\n\n\n<p>Mencion\u00f3 que se ha detectado a particulares que venden pipas a la poblaci\u00f3n en dos o tres mil pesos, as\u00ed como sitios de donde salen cientos de pipas<\/p>\n\n\n\n<p>Ciudad de M\u00e9xico 24 de septiembre 2025.-La presidenta Claudia Sheinbaum Pardo anunci\u00f3 la presentaci\u00f3n de dos iniciativas de ley para reformar la Ley general de aguas nacionales, con la finalidad de aprovechar los acu\u00edferos y acabar con la comercializaci\u00f3n ilegal de agua mediante la prohibici\u00f3n de las transmisiones de t\u00edtulos de concesi\u00f3n entre particulares y elevar las sanciones econ\u00f3micas a quienes violen dicha norma.<\/p>\n\n\n\n<p>Y es que en la conferencia de prensa, Sheinbaum Pardo, se\u00f1al\u00f3 que este lunes se presentar\u00e1n las reformas a consideraci\u00f3n del Poder Legislativo, las cuales son resultado de 13 foros de consulta realizados en todo el pa\u00eds.<\/p>\n\n\n\n<p>Por su parte, el director nacional de Conagua, Efra\u00edn Morales L\u00f3pez, indic\u00f3 que el objetivo es fortalecer a la autoridad del agua y regular el esquema de transmisiones para acabar con los intercambios entre particulares, la venta de t\u00edtulos de concesi\u00f3n de una persona a otra, solo dando aviso a la autoridad, y la venta ilegal de agua como es el caso de la perforaci\u00f3n de pozos clandestinos.<\/p>\n\n\n\n<p>Con la reforma, el estado ser\u00e1 el \u00fanico autorizado para regular el uso de los t\u00edtulos de concesi\u00f3n, evitando con ello el \u00absobre-concesionamiento\u00bb y el acaparamiento en varias regiones del pa\u00eds, lo que ha generado un mercado negro del agua.<\/p>\n\n\n\n<p>La presidenta Claudia Sheinbaum Pardo indic\u00f3 que con dicha reforma regresar\u00e1n a la autoridad del agua las concesiones que no sean utilizadas, para ser concesionadas a quien realmente necesite del vital l\u00edquido: \u00abEs poner orden y dejar de ver al agua como mercanc\u00eda cuando es un recurso escaso en el pa\u00eds\u00bb.<\/p>\n\n\n\n<p>Mencion\u00f3 que se ha detectado a particulares que venden pipas a la poblaci\u00f3n en dos o tres mil pesos, as\u00ed como sitios de donde salen cientos de pipas.<\/p>\n\n\n\n<p>Es por ello que la reforma plantea elevar las sanciones econ\u00f3micas con multas m\u00e1ximas que pasar\u00edan de 26 mil a 50 mil UMAS, ya que con la ley como est\u00e1 actualmente el sujeto sancionado es multado a las nueve de la ma\u00f1ana y a las dos de la tarde paga y retoma su actividad.( Fuente: Agencias)<\/p>\n\n\n\n<p><\/p>\n","protected":false},"excerpt":{"rendered":"<p>(Redacci\u00f3n) Mencion\u00f3 que se ha detectado a particulares que venden pipas a la poblaci\u00f3n en dos o tres mil pesos, as\u00ed como sitios de donde salen cientos de pipas Ciudad de M\u00e9xico 24 de septiembre 2025.-La presidenta Claudia Sheinbaum Pardo anunci\u00f3 la presentaci\u00f3n de dos iniciativas de ley para reformar la Ley general de aguas [&hellip;]<\/p>\n","protected":false},"author":6,"featured_media":244671,"comment_status":"open","ping_status":"open","sticky":false,"template":"","format":"standard","meta":{"footnotes":""},"categories":[8],"tags":[],"class_list":["post-244670","post","type-post","status-publish","format-standard","has-post-thumbnail","hentry","category-pais","entry","has-media"],"jetpack_featured_media_url":"http:\/\/vertienteglobal.com\/wp-content\/uploads\/2025\/09\/1000641355.jpg","_links":{"self":[{"href":"http:\/\/vertienteglobal.com\/index.php?rest_route=\/wp\/v2\/posts\/244670","targetHints":{"allow":["GET"]}}],"collection":[{"href":"http:\/\/vertienteglobal.com\/index.php?rest_route=\/wp\/v2\/posts"}],"about":[{"href":"http:\/\/vertienteglobal.com\/index.php?rest_route=\/wp\/v2\/types\/post"}],"author":[{"embeddable":true,"href":"http:\/\/vertienteglobal.com\/index.php?rest_route=\/wp\/v2\/users\/6"}],"replies":[{"embeddable":true,"href":"http:\/\/vertienteglobal.com\/index.php?rest_route=%2Fwp%2Fv2%2Fcomments&post=244670"}],"version-history":[{"count":1,"href":"http:\/\/vertienteglobal.com\/index.php?rest_route=\/wp\/v2\/posts\/244670\/revisions"}],"predecessor-version":[{"id":244672,"href":"http:\/\/vertienteglobal.com\/index.php?rest_route=\/wp\/v2\/posts\/244670\/revisions\/244672"}],"wp:featuredmedia":[{"embeddable":true,"href":"http:\/\/vertienteglobal.com\/index.php?rest_route=\/wp\/v2\/media\/244671"}],"wp:attachment":[{"href":"http:\/\/vertienteglobal.com\/index.php?rest_route=%2Fwp%2Fv2%2Fmedia&parent=244670"}],"wp:term":[{"taxonomy":"category","embeddable":true,"href":"http:\/\/vertienteglobal.com\/index.php?rest_route=%2Fwp%2Fv2%2Fcategories&post=244670"},{"taxonomy":"post_tag","embeddable":true,"href":"http:\/\/vertienteglobal.com\/index.php?rest_route=%2Fwp%2Fv2%2Ftags&post=244670"}],"curies":[{"name":"wp","href":"https:\/\/api.w.org\/{rel}","templated":true}]}}