{"id":244548,"date":"2025-09-22T14:36:00","date_gmt":"2025-09-22T19:36:00","guid":{"rendered":"http:\/\/vertienteglobal.com\/?p=244548"},"modified":"2025-09-22T22:26:41","modified_gmt":"2025-09-23T03:26:41","slug":"obtiene-la-fge-de-quintana-roo-47-vinculaciones-a-proceso-del-15-al-21-de-septiembre","status":"publish","type":"post","link":"http:\/\/vertienteglobal.com\/?p=244548","title":{"rendered":"Obtiene la FGE de Quintana Roo 47 vinculaciones a proceso del 15 al 21 de septiembre"},"content":{"rendered":"\n<div class=\"twitterbutton\" style=\"float: right; padding-left: 5px;\"><a href=\"http:\/\/twitter.com\/share\" class=\"twitter-share-button\" data-count=\"horizontal\" data-text=\"Obtiene la FGE de Quintana Roo 47 vinculaciones a proceso del 15 al 21 de septie...\" data-via=\"https:\/\/twitter.com\/VertienteGloba1\" data-url=\"http:\/\/vertienteglobal.com\/?p=244548\" data-lang=\"es\" data-related=\"Informaci\u00f3n general:S\u00edguenos para que est\u00e9ss informado\"><\/a><\/div>\n<figure class=\"wp-block-image size-full\"><img loading=\"lazy\" decoding=\"async\" width=\"614\" height=\"346\" src=\"http:\/\/vertienteglobal.com\/wp-content\/uploads\/2025\/09\/1000637322.jpg\" alt=\"\" class=\"wp-image-244549\" srcset=\"http:\/\/vertienteglobal.com\/wp-content\/uploads\/2025\/09\/1000637322.jpg 614w, http:\/\/vertienteglobal.com\/wp-content\/uploads\/2025\/09\/1000637322-300x169.jpg 300w, http:\/\/vertienteglobal.com\/wp-content\/uploads\/2025\/09\/1000637322-150x85.jpg 150w\" sizes=\"auto, (max-width: 614px) 100vw, 614px\" \/><\/figure>\n\n\n\n<p>(Redacci\u00f3n)<\/p>\n\n\n\n<p>El titular de la Fiscal\u00eda General del Estado, Raciel L\u00f3pez Salar, inform\u00f3 que el organismo bajo su mando cumpliment\u00f3, adem\u00e1s, 19 \u00f3rdenes de aprehensi\u00f3n y ocho \u00f3rdenes de cateo<\/p>\n\n\n\n<p>Benito Ju\u00e1rez, Quintana Roo 22 de septiembre 2025.- El Fiscal General Raciel L\u00f3pez Salazar inform\u00f3, durante la conferencia de prensa del Gabinete de Seguridad, que durante la semana del 15 al 21 de septiembre del a\u00f1o en curso, la Representaci\u00f3n Social bajo su mando obtuvo 47 vinculaciones a proceso, adem\u00e1s de cumplimentar 19 \u00f3rdenes de aprehensi\u00f3n y ocho \u00f3rdenes de cateo por delitos diversos.<\/p>\n\n\n\n<p>En lo que respecta a las vinculaciones a proceso, se\u00f1al\u00f3 que por delitos contra la salud en su modalidad de narcomenudeo, fueron 21; por violencia familiar, siete; abuso sexual, tres; robo, tres; violaci\u00f3n, tres; homicidio calificado y secuestro, dos; lesiones y da\u00f1os culposos, dos; adem\u00e1s de uno por cada uno de los il\u00edcitos de abuso sexual y violaci\u00f3n, despojo y abuso de autoridad, extorsi\u00f3n, homicidio calificado y secuestro, homicidio, lesiones y da\u00f1os culposos, lesiones culposas, y trata de personas.<\/p>\n\n\n\n<p>Asimismo, en el rubro de \u00f3rdenes de aprehensi\u00f3n cumplimentadas, cuatro fueron por violaci\u00f3n, dos por abusos sexuales, dos por fraude gen\u00e9rico, dos por robo calificado; los delitos de abusos sexuales y violaci\u00f3n, homicidio, homicidio calificado y homicidio en grado de tentativa, homicidio culposo, lesiones, pederastia, robo, violaci\u00f3n y homicidio calificado en grado de tentativa, y privaci\u00f3n ilegal de la libertad y robo en colaboraci\u00f3n con Yucat\u00e1n, sumaron una aprehensi\u00f3n cada uno.<\/p>\n\n\n\n<p>Personal de la Fiscal\u00eda General del Estado cumpliment\u00f3 ocho \u00f3rdenes de cateo: seis por delitos contra la salud en su modalidad de narcomenudeo y dos por trata de personas. En cuanto a las carpetas de investigaci\u00f3n abiertas durante el periodo referido, Raciel L\u00f3pez Salazar dijo que fueron 858: 804 sin detenidos y 54 con detenidos.<\/p>\n\n\n\n<p>En la rueda de prensa estuvieron presentes tambi\u00e9n, Cristina Torres G\u00f3mez, Secretaria de Gobierno; Contralmirante Julio C\u00e9sar G\u00f3mez Torres, Secretario de Seguridad Ciudadana; Almirante Diplomado de Estado Mayor Guadalupe Juan Jos\u00e9 Bernal M\u00e9ndez, Comandante de la Quinta Regi\u00f3n Naval y Jos\u00e9 Rafael Lara D\u00edaz, Secretario de Obras P\u00fablicas.<\/p>\n","protected":false},"excerpt":{"rendered":"<p>(Redacci\u00f3n) El titular de la Fiscal\u00eda General del Estado, Raciel L\u00f3pez Salar, inform\u00f3 que el organismo bajo su mando cumpliment\u00f3, adem\u00e1s, 19 \u00f3rdenes de aprehensi\u00f3n y ocho \u00f3rdenes de cateo Benito Ju\u00e1rez, Quintana Roo 22 de septiembre 2025.- El Fiscal General Raciel L\u00f3pez Salazar inform\u00f3, durante la conferencia de prensa del Gabinete de Seguridad, que [&hellip;]<\/p>\n","protected":false},"author":6,"featured_media":244549,"comment_status":"open","ping_status":"open","sticky":false,"template":"","format":"standard","meta":{"footnotes":""},"categories":[3],"tags":[],"class_list":["post-244548","post","type-post","status-publish","format-standard","has-post-thumbnail","hentry","category-quintana-roo","entry","has-media"],"jetpack_featured_media_url":"http:\/\/vertienteglobal.com\/wp-content\/uploads\/2025\/09\/1000637322.jpg","_links":{"self":[{"href":"http:\/\/vertienteglobal.com\/index.php?rest_route=\/wp\/v2\/posts\/244548","targetHints":{"allow":["GET"]}}],"collection":[{"href":"http:\/\/vertienteglobal.com\/index.php?rest_route=\/wp\/v2\/posts"}],"about":[{"href":"http:\/\/vertienteglobal.com\/index.php?rest_route=\/wp\/v2\/types\/post"}],"author":[{"embeddable":true,"href":"http:\/\/vertienteglobal.com\/index.php?rest_route=\/wp\/v2\/users\/6"}],"replies":[{"embeddable":true,"href":"http:\/\/vertienteglobal.com\/index.php?rest_route=%2Fwp%2Fv2%2Fcomments&post=244548"}],"version-history":[{"count":1,"href":"http:\/\/vertienteglobal.com\/index.php?rest_route=\/wp\/v2\/posts\/244548\/revisions"}],"predecessor-version":[{"id":244550,"href":"http:\/\/vertienteglobal.com\/index.php?rest_route=\/wp\/v2\/posts\/244548\/revisions\/244550"}],"wp:featuredmedia":[{"embeddable":true,"href":"http:\/\/vertienteglobal.com\/index.php?rest_route=\/wp\/v2\/media\/244549"}],"wp:attachment":[{"href":"http:\/\/vertienteglobal.com\/index.php?rest_route=%2Fwp%2Fv2%2Fmedia&parent=244548"}],"wp:term":[{"taxonomy":"category","embeddable":true,"href":"http:\/\/vertienteglobal.com\/index.php?rest_route=%2Fwp%2Fv2%2Fcategories&post=244548"},{"taxonomy":"post_tag","embeddable":true,"href":"http:\/\/vertienteglobal.com\/index.php?rest_route=%2Fwp%2Fv2%2Ftags&post=244548"}],"curies":[{"name":"wp","href":"https:\/\/api.w.org\/{rel}","templated":true}]}}