{"id":244327,"date":"2025-09-18T13:24:00","date_gmt":"2025-09-18T18:24:00","guid":{"rendered":"http:\/\/vertienteglobal.com\/?p=244327"},"modified":"2025-09-18T16:12:34","modified_gmt":"2025-09-18T21:12:34","slug":"encabeza-mara-lezama-reunion-de-trabajo-para-revisar-avances-del-polo-de-desarrollo-para-el-bienestar","status":"publish","type":"post","link":"http:\/\/vertienteglobal.com\/?p=244327","title":{"rendered":"Encabeza Mara Lezama reuni\u00f3n de trabajo para revisar avances del Polo de Desarrollo para el Bienestar"},"content":{"rendered":"\n<div class=\"twitterbutton\" style=\"float: right; padding-left: 5px;\"><a href=\"http:\/\/twitter.com\/share\" class=\"twitter-share-button\" data-count=\"horizontal\" data-text=\"Encabeza Mara Lezama reuni\u00f3n de trabajo para revisar avances del Polo de Desarr...\" data-via=\"https:\/\/twitter.com\/VertienteGloba1\" data-url=\"http:\/\/vertienteglobal.com\/?p=244327\" data-lang=\"es\" data-related=\"Informaci\u00f3n general:S\u00edguenos para que est\u00e9ss informado\"><\/a><\/div>\n<figure class=\"wp-block-image size-full\"><img loading=\"lazy\" decoding=\"async\" width=\"819\" height=\"546\" src=\"http:\/\/vertienteglobal.com\/wp-content\/uploads\/2025\/09\/1000625789.jpg\" alt=\"\" class=\"wp-image-244328\" srcset=\"http:\/\/vertienteglobal.com\/wp-content\/uploads\/2025\/09\/1000625789.jpg 819w, http:\/\/vertienteglobal.com\/wp-content\/uploads\/2025\/09\/1000625789-300x200.jpg 300w, http:\/\/vertienteglobal.com\/wp-content\/uploads\/2025\/09\/1000625789-150x100.jpg 150w, http:\/\/vertienteglobal.com\/wp-content\/uploads\/2025\/09\/1000625789-768x512.jpg 768w\" sizes=\"auto, (max-width: 819px) 100vw, 819px\" \/><\/figure>\n\n\n\n<p>(Redacci\u00f3n)<\/p>\n\n\n\n<p>Con la presencia de la titular del Sector de Promoci\u00f3n y Apoyo a Nuevas Ideas de la Secretar\u00eda de Econom\u00eda, Lizzeth Pacheco Barrera<\/p>\n\n\n\n<p>Canc\u00fan, Quintana Roo 18 de septiembre de 2025.- Para darle seguimiento a los trabajos para la consolidaci\u00f3n del Polo de Desarrollo para el Bienestar de Chetumal, la gobernadora Mara Lezama Espinosa sostuvo una reuni\u00f3n de trabajo con Lizzeth Pacheco Barrera, titular del Sector de Promoci\u00f3n y Apoyo a Nuevas Ideas de la Secretar\u00eda de Econom\u00eda, organizada por la Secretar\u00eda de Desarrollo Econ\u00f3mico que encabeza Paul Carrillo de C\u00e1ceres.<\/p>\n\n\n\n<p>Los Polos de Desarrollo para el Bienestar (PODECOBI) son zonas geogr\u00e1ficas espec\u00edficas en M\u00e9xico designadas para atraer inversiones mediante la concentraci\u00f3n de infraestructura, incentivos fiscales y apoyos administrativos. En Quintana Roo la sede es Chetumal, lo que permitir\u00e1 impulsar el crecimiento econ\u00f3mico del sur.<\/p>\n\n\n\n<p>Durante la reuni\u00f3n de trabajo se revisaron todas las opciones disponibles para el fomento a la inversi\u00f3n nacional y extranjera, generar empleos, fortalecer cadenas de valor y promover el desarrollo econ\u00f3mico y social del estado, con un enfoque particular en la inclusi\u00f3n de Mipymes y la sustituci\u00f3n de importaciones.<\/p>\n\n\n\n<p>Mara Lezama destac\u00f3 que la fortaleza de Chetumal es la Zona Libre decretada y publicada en el Diario Oficial de la Federaci\u00f3n en abril de 2024, que establece est\u00edmulos fiscales para la revitalizaci\u00f3n econ\u00f3mica del sur de Quintana Roo, espec\u00edficamente en el municipio de Oth\u00f3n P. Blanco.<\/p>\n\n\n\n<p>Participaron en la reuni\u00f3n el secretario de Desarrollo Econ\u00f3mico, Pa\u00fal Carrillo de C\u00e1ceres; el director del Consejo Quintanarroense de Humanidades, Ciencia y Tecnolog\u00edas, Cristopher Malpica Morales; la secretaria de Educaci\u00f3n, Elda Xix Eu\u00e1n; el secretario de Ecolog\u00eda, \u00d3scar R\u00e9bora; y el secretario particular de la Gobernadora, \u00c1ngel Rivero.<\/p>\n\n\n\n<figure class=\"wp-block-image size-full\"><img loading=\"lazy\" decoding=\"async\" width=\"819\" height=\"448\" src=\"http:\/\/vertienteglobal.com\/wp-content\/uploads\/2025\/09\/1000625807.jpg\" alt=\"\" class=\"wp-image-244329\" srcset=\"http:\/\/vertienteglobal.com\/wp-content\/uploads\/2025\/09\/1000625807.jpg 819w, http:\/\/vertienteglobal.com\/wp-content\/uploads\/2025\/09\/1000625807-300x164.jpg 300w, http:\/\/vertienteglobal.com\/wp-content\/uploads\/2025\/09\/1000625807-150x82.jpg 150w, http:\/\/vertienteglobal.com\/wp-content\/uploads\/2025\/09\/1000625807-768x420.jpg 768w\" sizes=\"auto, (max-width: 819px) 100vw, 819px\" \/><\/figure>\n","protected":false},"excerpt":{"rendered":"<p>(Redacci\u00f3n) Con la presencia de la titular del Sector de Promoci\u00f3n y Apoyo a Nuevas Ideas de la Secretar\u00eda de Econom\u00eda, Lizzeth Pacheco Barrera Canc\u00fan, Quintana Roo 18 de septiembre de 2025.- Para darle seguimiento a los trabajos para la consolidaci\u00f3n del Polo de Desarrollo para el Bienestar de Chetumal, la gobernadora Mara Lezama Espinosa [&hellip;]<\/p>\n","protected":false},"author":6,"featured_media":244329,"comment_status":"open","ping_status":"open","sticky":false,"template":"","format":"standard","meta":{"footnotes":""},"categories":[3],"tags":[],"class_list":["post-244327","post","type-post","status-publish","format-standard","has-post-thumbnail","hentry","category-quintana-roo","entry","has-media"],"jetpack_featured_media_url":"http:\/\/vertienteglobal.com\/wp-content\/uploads\/2025\/09\/1000625807.jpg","_links":{"self":[{"href":"http:\/\/vertienteglobal.com\/index.php?rest_route=\/wp\/v2\/posts\/244327","targetHints":{"allow":["GET"]}}],"collection":[{"href":"http:\/\/vertienteglobal.com\/index.php?rest_route=\/wp\/v2\/posts"}],"about":[{"href":"http:\/\/vertienteglobal.com\/index.php?rest_route=\/wp\/v2\/types\/post"}],"author":[{"embeddable":true,"href":"http:\/\/vertienteglobal.com\/index.php?rest_route=\/wp\/v2\/users\/6"}],"replies":[{"embeddable":true,"href":"http:\/\/vertienteglobal.com\/index.php?rest_route=%2Fwp%2Fv2%2Fcomments&post=244327"}],"version-history":[{"count":1,"href":"http:\/\/vertienteglobal.com\/index.php?rest_route=\/wp\/v2\/posts\/244327\/revisions"}],"predecessor-version":[{"id":244330,"href":"http:\/\/vertienteglobal.com\/index.php?rest_route=\/wp\/v2\/posts\/244327\/revisions\/244330"}],"wp:featuredmedia":[{"embeddable":true,"href":"http:\/\/vertienteglobal.com\/index.php?rest_route=\/wp\/v2\/media\/244329"}],"wp:attachment":[{"href":"http:\/\/vertienteglobal.com\/index.php?rest_route=%2Fwp%2Fv2%2Fmedia&parent=244327"}],"wp:term":[{"taxonomy":"category","embeddable":true,"href":"http:\/\/vertienteglobal.com\/index.php?rest_route=%2Fwp%2Fv2%2Fcategories&post=244327"},{"taxonomy":"post_tag","embeddable":true,"href":"http:\/\/vertienteglobal.com\/index.php?rest_route=%2Fwp%2Fv2%2Ftags&post=244327"}],"curies":[{"name":"wp","href":"https:\/\/api.w.org\/{rel}","templated":true}]}}