{"id":244232,"date":"2025-09-15T16:24:00","date_gmt":"2025-09-15T21:24:00","guid":{"rendered":"http:\/\/vertienteglobal.com\/?p=244232"},"modified":"2025-09-16T21:39:33","modified_gmt":"2025-09-17T02:39:33","slug":"realizan-en-el-congreso-del-estado-de-quintana-roo-guardia-de-honor-a-don-jesus-martinez-ross-primer-gobernador-constitucional-de-quintana-roo","status":"publish","type":"post","link":"http:\/\/vertienteglobal.com\/?p=244232","title":{"rendered":"Realizan en el Congreso del Estado de Quintana Roo Guardia de Honor a Don Jes\u00fas Mart\u00ednez Ross, primer gobernador constitucional de Quintana Roo"},"content":{"rendered":"\n<div class=\"twitterbutton\" style=\"float: right; padding-left: 5px;\"><a href=\"http:\/\/twitter.com\/share\" class=\"twitter-share-button\" data-count=\"horizontal\" data-text=\"Realizan en el Congreso del Estado de Quintana Roo Guardia de Honor a Don Jes\u00fas...\" data-via=\"https:\/\/twitter.com\/VertienteGloba1\" data-url=\"http:\/\/vertienteglobal.com\/?p=244232\" data-lang=\"es\" data-related=\"Informaci\u00f3n general:S\u00edguenos para que est\u00e9ss informado\"><\/a><\/div>\n<figure class=\"wp-block-image size-full\"><img loading=\"lazy\" decoding=\"async\" width=\"800\" height=\"533\" src=\"http:\/\/vertienteglobal.com\/wp-content\/uploads\/2025\/09\/1000621539.jpg\" alt=\"\" class=\"wp-image-244233\" srcset=\"http:\/\/vertienteglobal.com\/wp-content\/uploads\/2025\/09\/1000621539.jpg 800w, http:\/\/vertienteglobal.com\/wp-content\/uploads\/2025\/09\/1000621539-300x200.jpg 300w, http:\/\/vertienteglobal.com\/wp-content\/uploads\/2025\/09\/1000621539-150x100.jpg 150w, http:\/\/vertienteglobal.com\/wp-content\/uploads\/2025\/09\/1000621539-768x512.jpg 768w\" sizes=\"auto, (max-width: 800px) 100vw, 800px\" \/><\/figure>\n\n\n\n<p>(Redacci\u00f3n)<\/p>\n\n\n\n<p>El diputado presidente de la Junta de Gobierno y Coordinaci\u00f3n Pol\u00edtica (JUGOCOPO) de la XVIII Legislatura, Ren\u00e1n S\u00e1nchez Tajonar, acompa\u00f1a a la Gobernadora Mara Lezama en la Guardia de Honor<\/p>\n\n\n\n<p>Chetumal, Quintana Roo, 15 de septiembre de 2025.- El diputado presidente de la Junta de Gobierno y Coordinaci\u00f3n Pol\u00edtica (JUGOCOPO) de la XVIII Legislatura del Congreso de Quintana Roo, Ren\u00e1n S\u00e1nchez Tajonar , acompa\u00f1\u00f3 a la Gobernadora Mara Lezama en la ceremonia de Guardia de Honor al primer Gobernador Constitucional de Quintana Roo, Don Jes\u00fas Mart\u00ednez Ross, realizada en el vest\u00edbulo del Congreso.<\/p>\n\n\n\n<p>En este acto solemne, el magistrado Heyden Cebada Rivas presidente del Tribunal Superior de Justicia, as\u00ed como hijos y nietos de Mart\u00ednez Ross, montaron una guardia de honor a la memoria y legado del primer gobernador de nuestra entidad, quien fue despedido de la sede del Poder Legislativo entre aplausos.<\/p>\n\n\n\n<p>Posteriormente en la sesi\u00f3n ordinaria, Ren\u00e1n S\u00e1nchez Tajonar destac\u00f3 el legado de Mart\u00ednez Ross como el hombre que sent\u00f3 las bases del Quintana Roo moderno.<\/p>\n\n\n\n<p>Record\u00f3 que durante su mandato impuls\u00f3 la creaci\u00f3n de las instituciones estatales, consolid\u00f3 el desarrollo tur\u00edstico de Canc\u00fan, promovi\u00f3 la fundaci\u00f3n del Instituto Tecnol\u00f3gico de Chetumal, construy\u00f3 carreteras que unieron al norte y al sur del estado y fortaleci\u00f3 las artes y la cultura que dieron identidad a Quintana Roo.<\/p>\n\n\n\n<p>\u201cEl ejemplo de Don Jes\u00fas nos recuerda que el bienestar debe ser un derecho para todas y todos. Hoy, m\u00e1s que nunca, tenemos la responsabilidad de continuar con su visi\u00f3n de un Quintana Roo justo, pr\u00f3spero y unido\u201d, expres\u00f3 Ren\u00e1n S\u00e1nchez Tajonar.<\/p>\n\n\n\n<p>Finalmente, el diputado presidente de la JUGOCOPO subray\u00f3 que el legado de Mart\u00ednez Ross es un recordatorio de que la pol\u00edtica debe ser un instrumento al servicio del pueblo y que, como servidores p\u00fablicos, corresponde honrarlo con hechos y con resultados que contin\u00faen transformando la vida de las familias quintanarroenses.<\/p>\n","protected":false},"excerpt":{"rendered":"<p>(Redacci\u00f3n) El diputado presidente de la Junta de Gobierno y Coordinaci\u00f3n Pol\u00edtica (JUGOCOPO) de la XVIII Legislatura, Ren\u00e1n S\u00e1nchez Tajonar, acompa\u00f1a a la Gobernadora Mara Lezama en la Guardia de Honor Chetumal, Quintana Roo, 15 de septiembre de 2025.- El diputado presidente de la Junta de Gobierno y Coordinaci\u00f3n Pol\u00edtica (JUGOCOPO) de la XVIII Legislatura [&hellip;]<\/p>\n","protected":false},"author":6,"featured_media":244233,"comment_status":"open","ping_status":"open","sticky":false,"template":"","format":"standard","meta":{"footnotes":""},"categories":[3],"tags":[],"class_list":["post-244232","post","type-post","status-publish","format-standard","has-post-thumbnail","hentry","category-quintana-roo","entry","has-media"],"jetpack_featured_media_url":"http:\/\/vertienteglobal.com\/wp-content\/uploads\/2025\/09\/1000621539.jpg","_links":{"self":[{"href":"http:\/\/vertienteglobal.com\/index.php?rest_route=\/wp\/v2\/posts\/244232","targetHints":{"allow":["GET"]}}],"collection":[{"href":"http:\/\/vertienteglobal.com\/index.php?rest_route=\/wp\/v2\/posts"}],"about":[{"href":"http:\/\/vertienteglobal.com\/index.php?rest_route=\/wp\/v2\/types\/post"}],"author":[{"embeddable":true,"href":"http:\/\/vertienteglobal.com\/index.php?rest_route=\/wp\/v2\/users\/6"}],"replies":[{"embeddable":true,"href":"http:\/\/vertienteglobal.com\/index.php?rest_route=%2Fwp%2Fv2%2Fcomments&post=244232"}],"version-history":[{"count":1,"href":"http:\/\/vertienteglobal.com\/index.php?rest_route=\/wp\/v2\/posts\/244232\/revisions"}],"predecessor-version":[{"id":244234,"href":"http:\/\/vertienteglobal.com\/index.php?rest_route=\/wp\/v2\/posts\/244232\/revisions\/244234"}],"wp:featuredmedia":[{"embeddable":true,"href":"http:\/\/vertienteglobal.com\/index.php?rest_route=\/wp\/v2\/media\/244233"}],"wp:attachment":[{"href":"http:\/\/vertienteglobal.com\/index.php?rest_route=%2Fwp%2Fv2%2Fmedia&parent=244232"}],"wp:term":[{"taxonomy":"category","embeddable":true,"href":"http:\/\/vertienteglobal.com\/index.php?rest_route=%2Fwp%2Fv2%2Fcategories&post=244232"},{"taxonomy":"post_tag","embeddable":true,"href":"http:\/\/vertienteglobal.com\/index.php?rest_route=%2Fwp%2Fv2%2Ftags&post=244232"}],"curies":[{"name":"wp","href":"https:\/\/api.w.org\/{rel}","templated":true}]}}