{"id":244105,"date":"2025-09-12T17:19:00","date_gmt":"2025-09-12T22:19:00","guid":{"rendered":"http:\/\/vertienteglobal.com\/?p=244105"},"modified":"2025-09-13T10:09:48","modified_gmt":"2025-09-13T15:09:48","slug":"el-gobernador-joaquin-diaz-mena-atestigua-entrega-del-distintivo-hecho-en-mexico-al-tren-maya","status":"publish","type":"post","link":"http:\/\/vertienteglobal.com\/?p=244105","title":{"rendered":"El Gobernador Joaqu\u00edn D\u00edaz Mena atestigua entrega del distintivo \u201cHecho en M\u00e9xico\u201d al Tren Maya"},"content":{"rendered":"\n<div class=\"twitterbutton\" style=\"float: right; padding-left: 5px;\"><a href=\"http:\/\/twitter.com\/share\" class=\"twitter-share-button\" data-count=\"horizontal\" data-text=\"El Gobernador Joaqu\u00edn D\u00edaz Mena atestigua entrega del distintivo \u201cHecho en M...\" data-via=\"https:\/\/twitter.com\/VertienteGloba1\" data-url=\"http:\/\/vertienteglobal.com\/?p=244105\" data-lang=\"es\" data-related=\"Informaci\u00f3n general:S\u00edguenos para que est\u00e9ss informado\"><\/a><\/div>\n<figure class=\"wp-block-image size-full\"><img loading=\"lazy\" decoding=\"async\" width=\"1014\" height=\"676\" src=\"http:\/\/vertienteglobal.com\/wp-content\/uploads\/2025\/09\/1000612885.jpg\" alt=\"\" class=\"wp-image-244106\" srcset=\"http:\/\/vertienteglobal.com\/wp-content\/uploads\/2025\/09\/1000612885.jpg 1014w, http:\/\/vertienteglobal.com\/wp-content\/uploads\/2025\/09\/1000612885-300x200.jpg 300w, http:\/\/vertienteglobal.com\/wp-content\/uploads\/2025\/09\/1000612885-150x100.jpg 150w, http:\/\/vertienteglobal.com\/wp-content\/uploads\/2025\/09\/1000612885-768x512.jpg 768w\" sizes=\"auto, (max-width: 1014px) 100vw, 1014px\" \/><\/figure>\n\n\n\n<p>(Redacci\u00f3n)<\/p>\n\n\n\n<p><em>El mandatario encabez\u00f3 la entrega de la certificaci\u00f3n a esta obra ferroviaria, resaltando que representa la capacidad de ingenieras, ingenieros y empresas mexicanas, y refuerza la conectividad y el desarrollo econ\u00f3mico del sureste<\/em><\/p>\n\n\n\n<p>M\u00e9rida, Yucat\u00e1n, a 12 de septiembre 2025.-El Gobernador Joaqu\u00edn D\u00edaz Mena atestigu\u00f3 la entrega del distintivo \u201cHecho en M\u00e9xico\u201d al Tren Maya, otorgado por la Secretar\u00eda de Econom\u00eda como reconocimiento a una obra ferroviaria construida con talento y manos mexicanas.<br>\u00a0<br>Durante su intervenci\u00f3n, D\u00edaz Mena destac\u00f3 que el Tren Maya representa el firme compromiso con el progreso del sureste y el fortalecimiento de la infraestructura nacional; y a\u00f1adi\u00f3 que esta obra es fruto de una visi\u00f3n cimentada en el orgullo, la planeaci\u00f3n estrat\u00e9gica y las ra\u00edces profundas que conectan a M\u00e9xico con su historia y su porvenir.<br>\u00a0<br>\u201cEsta obra ferroviaria representa el orgullo del pa\u00eds, impulsa el turismo y reafirma el compromiso de M\u00e9xico con el desarrollo sostenible y la identidad cultural\u201d, sostuvo el Gobernador.<br>\u00a0<br>En presencia del director del Tren Maya, el General de Brigada Intendente del Estado Mayor, \u00d3scar David Lozano \u00c1guila, y del Gobernador de Tabasco, Javier May Rodr\u00edguez, D\u00edaz Mena detall\u00f3 que el distintivo \u201cHecho en M\u00e9xico\u201d tiene una historia que comenz\u00f3 en 1978 y que en este 2025 alcanz\u00f3 un punto muy importante, al convertirse en una marca de certificaci\u00f3n oficial vinculada a los Objetivos de Desarrollo Sostenible de la Agenda 2030.<br>\u00a0<br>\u00abHoy m\u00e1s de 600 empresas y casi 2,000 productos han sido certificados con esta marca, lo que abre la puerta a que nuestros productores, comerciantes y emprendedores tengan mayor visibilidad en los mercados internacionales\u00bb, manifest\u00f3.<br>\u00a0<br>\u00abYa no es s\u00f3lo un logotipo, sino que es un compromiso con la competitividad, la innovaci\u00f3n y el consumo responsable. Que el Tren Maya lleve esta marca grabada en sus vagones significa que M\u00e9xico conf\u00eda en su propio talento y que apuesta por su gente. Con esta certificaci\u00f3n, no s\u00f3lo se reconoce como un gran proyecto ferroviario, sino como un s\u00edmbolo de identidad nacional\u00bb, asever\u00f3.<br>\u00a0<br>Asimismo, el Gobernador agradeci\u00f3 a la Presidenta de M\u00e9xico Claudia Sheinbaum Pardo por mantener esta iniciativa como una prioridad nacional.<br>\u00a0<br>\u00abLe agradecemos que mantenga este esfuerzo como prioridad nacional, pues su apoyo a Yucat\u00e1n con 25 mil millones de pesos para llevar el Tren Maya de carga de Um\u00e1n a Progreso significa que el sureste no est\u00e1 solo; y que vamos a sacar adelante a nuestros estados\u00bb, se\u00f1al\u00f3.<br>\u00a0<br>En su turno, el director del Tren Maya, \u00d3scar David Lozano \u00c1guila, inform\u00f3 que de diciembre de 2023 a septiembre de 2025 han viajado un mill\u00f3n 600 mil personas, lo que demuestra el respaldo a esta gran obra emblem\u00e1tica para la naci\u00f3n.<br>\u00a0<br>\u00abEl Tren Maya no es \u00fanicamente una obra de transporte, es un espejo en el que se refleja nuestra identidad. En sus rieles viaja la historia milenaria de la pen\u00ednsula, las voces de nuestros pueblos originarios, el ingenio de nuestras y nuestros ingenieros y el orgullo de un pa\u00eds que conf\u00eda en s\u00ed mismo\u00bb, expres\u00f3.<br>\u00a0<br>En su intervenci\u00f3n, el Gobernador de Tabasco, Javier May Rodr\u00edguez, destac\u00f3 que la entrega del distintivo \u201cHecho en M\u00e9xico\u201d representa un homenaje al esfuerzo de miles de mexicanas y mexicanos que, incluso en medio de la pandemia, lograron avanzar en esta magna obra mientras el mundo se deten\u00eda.<br>\u00a0<br>Por su parte, la responsable del Plan de Marca Nacional en la Secretar\u00eda de Econom\u00eda, B\u00e1rbara Botello Santib\u00e1\u00f1ez, afirm\u00f3 que el Tren Maya representa la visi\u00f3n de un M\u00e9xico moderno que honra sus ra\u00edces.<br>\u00a0<br>\u201cEste proyecto conecta al productor del campo con el visitante de la ciudad, al artesano con el consumidor internacional, y al estudiante con nuevas oportunidades para construir su futuro\u201d, se\u00f1al\u00f3.<br>\u00a0<br>En esta ceremonia tambi\u00e9n estuvieron presentes representantes de la Gobernadora de Quintana Roo, Mara Lezama Espinosa; y de Campeche, Layda Sansores San Rom\u00e1n: Jos\u00e9 Alberto Alonso Ovando y Jorge Luis Lavalle Maury, respectivamente.<\/p>\n\n\n\n<figure class=\"wp-block-image size-full\"><img loading=\"lazy\" decoding=\"async\" width=\"832\" height=\"554\" src=\"http:\/\/vertienteglobal.com\/wp-content\/uploads\/2025\/09\/1000612886.jpg\" alt=\"\" class=\"wp-image-244107\" srcset=\"http:\/\/vertienteglobal.com\/wp-content\/uploads\/2025\/09\/1000612886.jpg 832w, http:\/\/vertienteglobal.com\/wp-content\/uploads\/2025\/09\/1000612886-300x200.jpg 300w, http:\/\/vertienteglobal.com\/wp-content\/uploads\/2025\/09\/1000612886-150x100.jpg 150w, http:\/\/vertienteglobal.com\/wp-content\/uploads\/2025\/09\/1000612886-768x511.jpg 768w\" sizes=\"auto, (max-width: 832px) 100vw, 832px\" \/><\/figure>\n","protected":false},"excerpt":{"rendered":"<p>(Redacci\u00f3n) El mandatario encabez\u00f3 la entrega de la certificaci\u00f3n a esta obra ferroviaria, resaltando que representa la capacidad de ingenieras, ingenieros y empresas mexicanas, y refuerza la conectividad y el desarrollo econ\u00f3mico del sureste M\u00e9rida, Yucat\u00e1n, a 12 de septiembre 2025.-El Gobernador Joaqu\u00edn D\u00edaz Mena atestigu\u00f3 la entrega del distintivo \u201cHecho en M\u00e9xico\u201d al Tren [&hellip;]<\/p>\n","protected":false},"author":6,"featured_media":244107,"comment_status":"open","ping_status":"open","sticky":false,"template":"","format":"standard","meta":{"footnotes":""},"categories":[2],"tags":[],"class_list":["post-244105","post","type-post","status-publish","format-standard","has-post-thumbnail","hentry","category-yucatan","entry","has-media"],"jetpack_featured_media_url":"http:\/\/vertienteglobal.com\/wp-content\/uploads\/2025\/09\/1000612886.jpg","_links":{"self":[{"href":"http:\/\/vertienteglobal.com\/index.php?rest_route=\/wp\/v2\/posts\/244105","targetHints":{"allow":["GET"]}}],"collection":[{"href":"http:\/\/vertienteglobal.com\/index.php?rest_route=\/wp\/v2\/posts"}],"about":[{"href":"http:\/\/vertienteglobal.com\/index.php?rest_route=\/wp\/v2\/types\/post"}],"author":[{"embeddable":true,"href":"http:\/\/vertienteglobal.com\/index.php?rest_route=\/wp\/v2\/users\/6"}],"replies":[{"embeddable":true,"href":"http:\/\/vertienteglobal.com\/index.php?rest_route=%2Fwp%2Fv2%2Fcomments&post=244105"}],"version-history":[{"count":1,"href":"http:\/\/vertienteglobal.com\/index.php?rest_route=\/wp\/v2\/posts\/244105\/revisions"}],"predecessor-version":[{"id":244108,"href":"http:\/\/vertienteglobal.com\/index.php?rest_route=\/wp\/v2\/posts\/244105\/revisions\/244108"}],"wp:featuredmedia":[{"embeddable":true,"href":"http:\/\/vertienteglobal.com\/index.php?rest_route=\/wp\/v2\/media\/244107"}],"wp:attachment":[{"href":"http:\/\/vertienteglobal.com\/index.php?rest_route=%2Fwp%2Fv2%2Fmedia&parent=244105"}],"wp:term":[{"taxonomy":"category","embeddable":true,"href":"http:\/\/vertienteglobal.com\/index.php?rest_route=%2Fwp%2Fv2%2Fcategories&post=244105"},{"taxonomy":"post_tag","embeddable":true,"href":"http:\/\/vertienteglobal.com\/index.php?rest_route=%2Fwp%2Fv2%2Ftags&post=244105"}],"curies":[{"name":"wp","href":"https:\/\/api.w.org\/{rel}","templated":true}]}}