{"id":243828,"date":"2025-09-01T14:24:00","date_gmt":"2025-09-01T19:24:00","guid":{"rendered":"http:\/\/vertienteglobal.com\/?p=243828"},"modified":"2025-09-01T17:52:02","modified_gmt":"2025-09-01T22:52:02","slug":"atenea-gomez-ricalde-entrega-mochilas-nuevas-en-zona-agricola-y-francisco-may","status":"publish","type":"post","link":"http:\/\/vertienteglobal.com\/?p=243828","title":{"rendered":"Atenea G\u00f3mez Ricalde entrega mochilas nuevas en Zona Agr\u00edcola y Francisco May"},"content":{"rendered":"\n<div class=\"twitterbutton\" style=\"float: right; padding-left: 5px;\"><a href=\"http:\/\/twitter.com\/share\" class=\"twitter-share-button\" data-count=\"horizontal\" data-text=\"Atenea G\u00f3mez Ricalde entrega mochilas nuevas en Zona Agr\u00edcola y Francisco May\" data-via=\"https:\/\/twitter.com\/VertienteGloba1\" data-url=\"http:\/\/vertienteglobal.com\/?p=243828\" data-lang=\"es\" data-related=\"Informaci\u00f3n general:S\u00edguenos para que est\u00e9ss informado\"><\/a><\/div>\n<figure class=\"wp-block-image size-full\"><img loading=\"lazy\" decoding=\"async\" width=\"640\" height=\"526\" src=\"http:\/\/vertienteglobal.com\/wp-content\/uploads\/2025\/09\/1000586798.jpg\" alt=\"\" class=\"wp-image-243829\" srcset=\"http:\/\/vertienteglobal.com\/wp-content\/uploads\/2025\/09\/1000586798.jpg 640w, http:\/\/vertienteglobal.com\/wp-content\/uploads\/2025\/09\/1000586798-300x247.jpg 300w, http:\/\/vertienteglobal.com\/wp-content\/uploads\/2025\/09\/1000586798-150x123.jpg 150w\" sizes=\"auto, (max-width: 640px) 100vw, 640px\" \/><\/figure>\n\n\n\n<p>(Redacci\u00f3n)<\/p>\n\n\n\n<p>La alcaldesa isle\u00f1a visit\u00f3 la escuela Luis Donaldo Colosio, en Zona Agr\u00edcola y Florencio Chan, en Francisco May, donde aprovech\u00f3 para desearles un feliz de regreso a clases a los infantes, reiter\u00e1ndoles qu\u00e9 continuar\u00e1 trabajando con el coraz\u00f3n por la ni\u00f1ez de Isla Mujeres<\/p>\n\n\n\n<p>Isla Mujeres, Quintana Roo a 01 de septiembre de 2025.-La Presidenta Municipal, Atenea G\u00f3mez Ricalde, entreg\u00f3 mochilas nuevas del Programa Transformando la Educaci\u00f3n: Mi Mochila, a las ni\u00f1as y ni\u00f1os de Zona Agr\u00edcola y de la comunidad de Francisco May.<\/p>\n\n\n\n<p>Acompa\u00f1ada de la Presidenta Honoraria del Sistema para el Desarrollo Integral de la Familia (DIF) Isla Mujeres, Alicia Ricalde Maga\u00f1a, la alcaldesa isle\u00f1a visit\u00f3 la escuela Luis Donaldo Colosio, en Zona Agr\u00edcola y Florencio Chan, en Francisco May, donde aprovech\u00f3 para desearles un feliz de regreso a clases a los infantes, reiter\u00e1ndoles qu\u00e9 continuar\u00e1 trabajando con el coraz\u00f3n por la ni\u00f1ez de Isla Mujeres.<\/p>\n\n\n\n<p>\u201cCon este programa hacemos justicia social, porque no solo apoyamos la econom\u00eda familiar, sino tambi\u00e9n llevamos ilusi\u00f3n y felicidad a nuestros peque\u00f1itos, quienes hoy tendr\u00e1n la oportunidad de estrenar una preciosa mochila en este regreso a clases\u201d, precis\u00f3 Atenea G\u00f3mez.<\/p>\n\n\n\n<p>La Presidenta Municipal, reiter\u00f3 que en su Gobierno ning\u00fan estudiante se queda afuera ni atr\u00e1s, por ello emprenden acciones del coraz\u00f3n para hacer feliz a la ni\u00f1ez de cada rinc\u00f3n del municipio.<\/p>\n\n\n\n<p>Acompa\u00f1aron a la alcaldesa, el S\u00edndico Municipal, Jos\u00e9 Aguilar Rodr\u00edguez; los regidores Geisler Fern\u00e1ndez Lor\u00eda, Jes\u00fas Orlando Silva Koh y Opalina Flores Gonz\u00e1lez; la Directora General de Desarrollo Social, Suemi Beatriz Gonz\u00e1lez S\u00e1nchez; la Directora de Educaci\u00f3n, Jessica Contreras G\u00f3mez; el Representante de Gobierno de Zona Continental, Gaspar Kumul Ay; el Representante de Gobierno de Zona Agr\u00edcola, Juan May y la Representante de Gobierno de Francisco May, Reina.<\/p>\n","protected":false},"excerpt":{"rendered":"<p>(Redacci\u00f3n) La alcaldesa isle\u00f1a visit\u00f3 la escuela Luis Donaldo Colosio, en Zona Agr\u00edcola y Florencio Chan, en Francisco May, donde aprovech\u00f3 para desearles un feliz de regreso a clases a los infantes, reiter\u00e1ndoles qu\u00e9 continuar\u00e1 trabajando con el coraz\u00f3n por la ni\u00f1ez de Isla Mujeres Isla Mujeres, Quintana Roo a 01 de septiembre de 2025.-La [&hellip;]<\/p>\n","protected":false},"author":6,"featured_media":243829,"comment_status":"open","ping_status":"open","sticky":false,"template":"","format":"standard","meta":{"footnotes":""},"categories":[3],"tags":[],"class_list":["post-243828","post","type-post","status-publish","format-standard","has-post-thumbnail","hentry","category-quintana-roo","entry","has-media"],"jetpack_featured_media_url":"http:\/\/vertienteglobal.com\/wp-content\/uploads\/2025\/09\/1000586798.jpg","_links":{"self":[{"href":"http:\/\/vertienteglobal.com\/index.php?rest_route=\/wp\/v2\/posts\/243828","targetHints":{"allow":["GET"]}}],"collection":[{"href":"http:\/\/vertienteglobal.com\/index.php?rest_route=\/wp\/v2\/posts"}],"about":[{"href":"http:\/\/vertienteglobal.com\/index.php?rest_route=\/wp\/v2\/types\/post"}],"author":[{"embeddable":true,"href":"http:\/\/vertienteglobal.com\/index.php?rest_route=\/wp\/v2\/users\/6"}],"replies":[{"embeddable":true,"href":"http:\/\/vertienteglobal.com\/index.php?rest_route=%2Fwp%2Fv2%2Fcomments&post=243828"}],"version-history":[{"count":1,"href":"http:\/\/vertienteglobal.com\/index.php?rest_route=\/wp\/v2\/posts\/243828\/revisions"}],"predecessor-version":[{"id":243830,"href":"http:\/\/vertienteglobal.com\/index.php?rest_route=\/wp\/v2\/posts\/243828\/revisions\/243830"}],"wp:featuredmedia":[{"embeddable":true,"href":"http:\/\/vertienteglobal.com\/index.php?rest_route=\/wp\/v2\/media\/243829"}],"wp:attachment":[{"href":"http:\/\/vertienteglobal.com\/index.php?rest_route=%2Fwp%2Fv2%2Fmedia&parent=243828"}],"wp:term":[{"taxonomy":"category","embeddable":true,"href":"http:\/\/vertienteglobal.com\/index.php?rest_route=%2Fwp%2Fv2%2Fcategories&post=243828"},{"taxonomy":"post_tag","embeddable":true,"href":"http:\/\/vertienteglobal.com\/index.php?rest_route=%2Fwp%2Fv2%2Ftags&post=243828"}],"curies":[{"name":"wp","href":"https:\/\/api.w.org\/{rel}","templated":true}]}}