{"id":243165,"date":"2024-08-30T18:10:59","date_gmt":"2024-08-30T23:10:59","guid":{"rendered":"http:\/\/vertienteglobal.com\/?p=243165"},"modified":"2024-08-30T18:10:59","modified_gmt":"2024-08-30T23:10:59","slug":"yucatan-seguira-siendo-referente-nacional-en-materia-de-seguridad-coinciden-joaquin-diaz-mena-y-omar-garcia-harfuch","status":"publish","type":"post","link":"http:\/\/vertienteglobal.com\/?p=243165","title":{"rendered":"Yucat\u00e1n seguir\u00e1 siendo referente nacional en materia de seguridad, coinciden Joaqu\u00edn D\u00edaz Mena y Omar Garc\u00eda Harfuch\u00a0"},"content":{"rendered":"\n<div class=\"twitterbutton\" style=\"float: right; padding-left: 5px;\"><a href=\"http:\/\/twitter.com\/share\" class=\"twitter-share-button\" data-count=\"horizontal\" data-text=\"Yucat\u00e1n seguir\u00e1 siendo referente nacional en materia de seguridad, coinciden J...\" data-via=\"https:\/\/twitter.com\/VertienteGloba1\" data-url=\"http:\/\/vertienteglobal.com\/?p=243165\" data-lang=\"es\" data-related=\"Informaci\u00f3n general:S\u00edguenos para que est\u00e9ss informado\"><\/a><\/div>\n<figure class=\"wp-block-image size-large\"><img loading=\"lazy\" decoding=\"async\" width=\"1024\" height=\"682\" src=\"http:\/\/vertienteglobal.com\/wp-content\/uploads\/2024\/11\/1000016124-1024x682.jpg\" alt=\"\" class=\"wp-image-243166\" srcset=\"http:\/\/vertienteglobal.com\/wp-content\/uploads\/2024\/11\/1000016124-1024x682.jpg 1024w, http:\/\/vertienteglobal.com\/wp-content\/uploads\/2024\/11\/1000016124-300x200.jpg 300w, http:\/\/vertienteglobal.com\/wp-content\/uploads\/2024\/11\/1000016124-150x100.jpg 150w, http:\/\/vertienteglobal.com\/wp-content\/uploads\/2024\/11\/1000016124-768x512.jpg 768w, http:\/\/vertienteglobal.com\/wp-content\/uploads\/2024\/11\/1000016124-1536x1023.jpg 1536w, http:\/\/vertienteglobal.com\/wp-content\/uploads\/2024\/11\/1000016124.jpg 1600w\" sizes=\"auto, (max-width: 1024px) 100vw, 1024px\" \/><\/figure>\n\n\n\n<p>(Redacci\u00f3n)<\/p>\n\n\n\n<p>El gobernador de Yucat\u00e1n destac\u00f3 el compromiso de su administraci\u00f3n por mantener y fortalecer los niveles de paz y seguridad que caracterizan a la entidad, a trav\u00e9s de una estrecha coordinaci\u00f3n con las autoridades federales.<br>\u00a0<br>Ciudad de M\u00e9xico, 31 de octubre 2024.-Como parte de su estrategia para consolidar a Yucat\u00e1n como uno de los estados m\u00e1s seguros del pa\u00eds, el Gobernador Joaqu\u00edn D\u00edaz Mena sostuvo una reuni\u00f3n de trabajo con el Secretario de Seguridad y Protecci\u00f3n Ciudadana, Omar Garc\u00eda Harfuch.<br>\u00a0<br>El encuentro se centr\u00f3 en el fortalecimiento de la colaboraci\u00f3n estrat\u00e9gica entre el Estado y la Federaci\u00f3n en materia de seguridad p\u00fablica y la actualizaci\u00f3n de estrategias de prevenci\u00f3n del delito, adaptadas a las necesidades de la regi\u00f3n y alineadas con las pol\u00edticas nacionales en la materia.<br>\u00a0<br>Acompa\u00f1ado por el secretario de Seguridad P\u00fablica del Estado, comandante Luis Felipe Said\u00e9n Ojeda, y de la titular del Secretariado Ejecutivo del Sistema Nacional de Seguridad P\u00fablica, Marcela Figueroa Franco, el gobernador plante\u00f3 temas clave para garantizar que Yucat\u00e1n contin\u00fae siendo un referente nacional en seguridad p\u00fablica.<br>\u00a0<br>D\u00edaz Mena destac\u00f3 el compromiso de su administraci\u00f3n por mantener los niveles de paz y seguridad que caracterizan a Yucat\u00e1n, a trav\u00e9s de una estrecha coordinaci\u00f3n con las autoridades federales y del fortalecimiento de las capacidades de las fuerzas de seguridad estatales.<br>\u00a0<br>En la sesi\u00f3n de trabajo se revisaron los protocolos y medidas preventivas que han dado resultados positivos en el estado.<br>\u00a0<br>Finalmente, el Secretario Garc\u00eda Harfuch subray\u00f3 la importancia de la colaboraci\u00f3n continua con Yucat\u00e1n, un estado que ha demostrado efectividad en la implementaci\u00f3n de pol\u00edticas de seguridad p\u00fablica y cuyas experiencias y estrategias pueden servir para otras entidades.<\/p>\n","protected":false},"excerpt":{"rendered":"<p>(Redacci\u00f3n) El gobernador de Yucat\u00e1n destac\u00f3 el compromiso de su administraci\u00f3n por mantener y fortalecer los niveles de paz y seguridad que caracterizan a la entidad, a trav\u00e9s de una estrecha coordinaci\u00f3n con las autoridades federales.\u00a0Ciudad de M\u00e9xico, 31 de octubre 2024.-Como parte de su estrategia para consolidar a Yucat\u00e1n como uno de los estados [&hellip;]<\/p>\n","protected":false},"author":1,"featured_media":243166,"comment_status":"open","ping_status":"open","sticky":false,"template":"","format":"standard","meta":{"footnotes":""},"categories":[8,2],"tags":[],"class_list":["post-243165","post","type-post","status-publish","format-standard","has-post-thumbnail","hentry","category-pais","category-yucatan","entry","has-media"],"jetpack_featured_media_url":"http:\/\/vertienteglobal.com\/wp-content\/uploads\/2024\/11\/1000016124.jpg","_links":{"self":[{"href":"http:\/\/vertienteglobal.com\/index.php?rest_route=\/wp\/v2\/posts\/243165","targetHints":{"allow":["GET"]}}],"collection":[{"href":"http:\/\/vertienteglobal.com\/index.php?rest_route=\/wp\/v2\/posts"}],"about":[{"href":"http:\/\/vertienteglobal.com\/index.php?rest_route=\/wp\/v2\/types\/post"}],"author":[{"embeddable":true,"href":"http:\/\/vertienteglobal.com\/index.php?rest_route=\/wp\/v2\/users\/1"}],"replies":[{"embeddable":true,"href":"http:\/\/vertienteglobal.com\/index.php?rest_route=%2Fwp%2Fv2%2Fcomments&post=243165"}],"version-history":[{"count":0,"href":"http:\/\/vertienteglobal.com\/index.php?rest_route=\/wp\/v2\/posts\/243165\/revisions"}],"wp:featuredmedia":[{"embeddable":true,"href":"http:\/\/vertienteglobal.com\/index.php?rest_route=\/wp\/v2\/media\/243166"}],"wp:attachment":[{"href":"http:\/\/vertienteglobal.com\/index.php?rest_route=%2Fwp%2Fv2%2Fmedia&parent=243165"}],"wp:term":[{"taxonomy":"category","embeddable":true,"href":"http:\/\/vertienteglobal.com\/index.php?rest_route=%2Fwp%2Fv2%2Fcategories&post=243165"},{"taxonomy":"post_tag","embeddable":true,"href":"http:\/\/vertienteglobal.com\/index.php?rest_route=%2Fwp%2Fv2%2Ftags&post=243165"}],"curies":[{"name":"wp","href":"https:\/\/api.w.org\/{rel}","templated":true}]}}