{"id":243126,"date":"2024-10-26T17:54:00","date_gmt":"2024-10-26T22:54:00","guid":{"rendered":"http:\/\/vertienteglobal.com\/?p=243126"},"modified":"2024-12-05T23:17:50","modified_gmt":"2024-12-06T05:17:50","slug":"reafirma-renan-sanchez-su-compromiso-con-la-salud-de-los-ciudadanos","status":"publish","type":"post","link":"http:\/\/vertienteglobal.com\/?p=243126","title":{"rendered":"Reafirma Ren\u00e1n S\u00e1nchez su compromiso con la salud de los ciudadanos"},"content":{"rendered":"\n<div class=\"twitterbutton\" style=\"float: right; padding-left: 5px;\"><a href=\"http:\/\/twitter.com\/share\" class=\"twitter-share-button\" data-count=\"horizontal\" data-text=\"Reafirma Ren\u00e1n S\u00e1nchez su compromiso con la salud de los ciudadanos\" data-via=\"https:\/\/twitter.com\/VertienteGloba1\" data-url=\"http:\/\/vertienteglobal.com\/?p=243126\" data-lang=\"es\" data-related=\"Informaci\u00f3n general:S\u00edguenos para que est\u00e9ss informado\"><\/a><\/div>\n<figure class=\"wp-block-image size-large\"><img loading=\"lazy\" decoding=\"async\" width=\"1024\" height=\"768\" src=\"http:\/\/vertienteglobal.com\/wp-content\/uploads\/2024\/11\/1000015986-1024x768.jpg\" alt=\"\" class=\"wp-image-243127\" srcset=\"http:\/\/vertienteglobal.com\/wp-content\/uploads\/2024\/11\/1000015986-1024x768.jpg 1024w, http:\/\/vertienteglobal.com\/wp-content\/uploads\/2024\/11\/1000015986-300x225.jpg 300w, http:\/\/vertienteglobal.com\/wp-content\/uploads\/2024\/11\/1000015986-150x113.jpg 150w, http:\/\/vertienteglobal.com\/wp-content\/uploads\/2024\/11\/1000015986-768x576.jpg 768w, http:\/\/vertienteglobal.com\/wp-content\/uploads\/2024\/11\/1000015986-1536x1152.jpg 1536w, http:\/\/vertienteglobal.com\/wp-content\/uploads\/2024\/11\/1000015986.jpg 1600w\" sizes=\"auto, (max-width: 1024px) 100vw, 1024px\" \/><\/figure>\n\n\n\n<p>(Redacci\u00f3n)<\/p>\n\n\n\n<p>El diputado de la XVIII Legislatura del Congreso de Quintana Roo, impulsa atenci\u00f3n m\u00e9dica digna, oportuna y de calidad para las y los quintanarroenses<\/p>\n\n\n\n<p>\u00abVoy a seguir luchando desde mi posici\u00f3n para que se destinen m\u00e1s recursos a la salud, para que hospitales y cl\u00ednicas mejoren\u00bb, se\u00f1ala el legislador del Partido Verde<br>&nbsp;<\/p>\n\n\n\n<p>Cozumel, Quintana Roo a 26 de octubre de 2024.-En el marco del D\u00eda Nacional contra el C\u00e1ncer, el diputado por Quintana Roo, Ren\u00e1n S\u00e1nchez, comprometido con la salud y el bienestar de los ciudadanos, visit\u00f3 a do\u00f1a Paula Nerina Tun Bentancurt,&nbsp;una mujer valiente que enfrenta esta dura lucha, a quien le expres\u00f3 su apoyo y reafirm\u00f3 su compromiso de trabajar para mejorar el acceso a la salud.<br>&nbsp;<br>\u00abAntes que nada, quiero que sepa que no est\u00e1 sola en esta lucha. S\u00e9 que enfrentar esta enfermedad no ha sido f\u00e1cil, pero quiero que tenga la certeza de que cuenta conmigo para apoyarle en lo que necesite\u00bb, comparti\u00f3 el diputado, Ren\u00e1n S\u00e1nchez.<br>&nbsp;<br>Con una prioridad clara en la mejora de los servicios de salud, el legislador local, Ren\u00e1n S\u00e1nchez, destac\u00f3 su compromiso en gestionar mayor presupuesto para contar con m\u00e1s especialistas y fortalecer la infraestructura de los hospitales p\u00fablicos. \u00abLas familias merecen una atenci\u00f3n m\u00e9dica digna, oportuna y de calidad\u00bb, enfatiz\u00f3.<br>&nbsp;<br>Adem\u00e1s, subray\u00f3 los avances logrados en la creaci\u00f3n de convenios con hospitales, los cuales permiten que personas en situaciones dif\u00edciles accedan a servicios m\u00e9dicos de calidad a un costo reducido, \u00abvoy a seguir luchando desde mi posici\u00f3n para que se destinen m\u00e1s recursos a la salud, para que hospitales y cl\u00ednicas mejoren y que los tratamientos especializados est\u00e9n al alcance de m\u00e1s personas\u00bb, afirm\u00f3.<\/p>\n","protected":false},"excerpt":{"rendered":"<p>(Redacci\u00f3n) El diputado de la XVIII Legislatura del Congreso de Quintana Roo, impulsa atenci\u00f3n m\u00e9dica digna, oportuna y de calidad para las y los quintanarroenses \u00abVoy a seguir luchando desde mi posici\u00f3n para que se destinen m\u00e1s recursos a la salud, para que hospitales y cl\u00ednicas mejoren\u00bb, se\u00f1ala el legislador del Partido Verde&nbsp; Cozumel, Quintana [&hellip;]<\/p>\n","protected":false},"author":1,"featured_media":243127,"comment_status":"open","ping_status":"open","sticky":false,"template":"","format":"standard","meta":{"footnotes":""},"categories":[3],"tags":[],"class_list":["post-243126","post","type-post","status-publish","format-standard","has-post-thumbnail","hentry","category-quintana-roo","entry","has-media"],"jetpack_featured_media_url":"http:\/\/vertienteglobal.com\/wp-content\/uploads\/2024\/11\/1000015986.jpg","_links":{"self":[{"href":"http:\/\/vertienteglobal.com\/index.php?rest_route=\/wp\/v2\/posts\/243126","targetHints":{"allow":["GET"]}}],"collection":[{"href":"http:\/\/vertienteglobal.com\/index.php?rest_route=\/wp\/v2\/posts"}],"about":[{"href":"http:\/\/vertienteglobal.com\/index.php?rest_route=\/wp\/v2\/types\/post"}],"author":[{"embeddable":true,"href":"http:\/\/vertienteglobal.com\/index.php?rest_route=\/wp\/v2\/users\/1"}],"replies":[{"embeddable":true,"href":"http:\/\/vertienteglobal.com\/index.php?rest_route=%2Fwp%2Fv2%2Fcomments&post=243126"}],"version-history":[{"count":0,"href":"http:\/\/vertienteglobal.com\/index.php?rest_route=\/wp\/v2\/posts\/243126\/revisions"}],"wp:featuredmedia":[{"embeddable":true,"href":"http:\/\/vertienteglobal.com\/index.php?rest_route=\/wp\/v2\/media\/243127"}],"wp:attachment":[{"href":"http:\/\/vertienteglobal.com\/index.php?rest_route=%2Fwp%2Fv2%2Fmedia&parent=243126"}],"wp:term":[{"taxonomy":"category","embeddable":true,"href":"http:\/\/vertienteglobal.com\/index.php?rest_route=%2Fwp%2Fv2%2Fcategories&post=243126"},{"taxonomy":"post_tag","embeddable":true,"href":"http:\/\/vertienteglobal.com\/index.php?rest_route=%2Fwp%2Fv2%2Ftags&post=243126"}],"curies":[{"name":"wp","href":"https:\/\/api.w.org\/{rel}","templated":true}]}}