{"id":243069,"date":"2024-10-28T08:54:00","date_gmt":"2024-10-28T14:54:00","guid":{"rendered":"http:\/\/vertienteglobal.com\/?p=243069"},"modified":"2024-12-05T23:16:18","modified_gmt":"2024-12-06T05:16:18","slug":"hoy-28-de-octubre-celebran-a-san-judas-tadeo-en-la-cdmx","status":"publish","type":"post","link":"http:\/\/vertienteglobal.com\/?p=243069","title":{"rendered":"Hoy 28 de octubre celebran a San Judas Tadeo en la CDMX"},"content":{"rendered":"\n<div class=\"twitterbutton\" style=\"float: right; padding-left: 5px;\"><a href=\"http:\/\/twitter.com\/share\" class=\"twitter-share-button\" data-count=\"horizontal\" data-text=\"Hoy 28 de octubre celebran a San Judas Tadeo en la CDMX\" data-via=\"https:\/\/twitter.com\/VertienteGloba1\" data-url=\"http:\/\/vertienteglobal.com\/?p=243069\" data-lang=\"es\" data-related=\"Informaci\u00f3n general:S\u00edguenos para que est\u00e9ss informado\"><\/a><\/div>\n<figure class=\"wp-block-image size-full\"><img loading=\"lazy\" decoding=\"async\" width=\"992\" height=\"661\" src=\"http:\/\/vertienteglobal.com\/wp-content\/uploads\/2024\/11\/1000015861.jpg\" alt=\"\" class=\"wp-image-243070\" srcset=\"http:\/\/vertienteglobal.com\/wp-content\/uploads\/2024\/11\/1000015861.jpg 992w, http:\/\/vertienteglobal.com\/wp-content\/uploads\/2024\/11\/1000015861-300x200.jpg 300w, http:\/\/vertienteglobal.com\/wp-content\/uploads\/2024\/11\/1000015861-150x100.jpg 150w, http:\/\/vertienteglobal.com\/wp-content\/uploads\/2024\/11\/1000015861-768x512.jpg 768w\" sizes=\"auto, (max-width: 992px) 100vw, 992px\" \/><\/figure>\n\n\n\n<p>(Redacci\u00f3n)<\/p>\n\n\n\n<p>Como cada a\u00f1o miles de feligreses arriban al templo de San Hip\u00f3lito para destejar a San Judas Tadeo<\/p>\n\n\n\n<p>Ciudad de M\u00e9xico 28 de octubre del 2024.- Hoy 28 de octubre en la Ciudad de M\u00e9xico se celebra el D\u00eda de San Judas Tadeo, uno de los santos m\u00e1s venerados en el pa\u00eds.<\/p>\n\n\n\n<p>Y es que como cada a\u00f1o, miles de fieles acuden a las iglesias y templos dedicados a \u00e9l, especialmente al Santuario de San Hip\u00f3lito en la capital del pa\u00eds, para rendirle homenaje, as\u00ed como para agradecerles milagros y pedir su intercesi\u00f3n.<\/p>\n\n\n\n<p>Este a\u00f1o 2024 los feligreses comenzaron a arribar al templo desde la noche de este 27 y en la madrugada del 28 de octubre.<\/p>\n\n\n\n<p>Por su parte, la Secretar\u00eda de Seguridad Ciudadana (SSC) y el Centro de Orientaci\u00f3n Vial de la Secretar\u00eda de Seguridad Ciudadana emitieron una serie de recomendaciones ante los cierres viales.<\/p>\n\n\n\n<p>Cabe destacar que hasta las 2:13 horas, se anunci\u00f3 el corte a la circulaci\u00f3n en Paseo de la Reforma, exactamente a la altura de Av. Ju\u00e1rez hacia Eje 2 Norte, ya que las peregrinaciones comenzaron a tomar dicho camino, rumbo a la Iglesia de San Hip\u00f3lito.(Fuente:Agencias)<\/p>\n\n\n\n<figure class=\"wp-block-image size-full\"><img loading=\"lazy\" decoding=\"async\" width=\"992\" height=\"606\" src=\"http:\/\/vertienteglobal.com\/wp-content\/uploads\/2024\/11\/1000015871.jpg\" alt=\"\" class=\"wp-image-243071\" srcset=\"http:\/\/vertienteglobal.com\/wp-content\/uploads\/2024\/11\/1000015871.jpg 992w, http:\/\/vertienteglobal.com\/wp-content\/uploads\/2024\/11\/1000015871-300x183.jpg 300w, http:\/\/vertienteglobal.com\/wp-content\/uploads\/2024\/11\/1000015871-150x92.jpg 150w, http:\/\/vertienteglobal.com\/wp-content\/uploads\/2024\/11\/1000015871-768x469.jpg 768w\" sizes=\"auto, (max-width: 992px) 100vw, 992px\" \/><\/figure>\n\n\n\n<figure class=\"wp-block-image size-full\"><img loading=\"lazy\" decoding=\"async\" width=\"992\" height=\"558\" src=\"http:\/\/vertienteglobal.com\/wp-content\/uploads\/2024\/11\/1000015872.jpg\" alt=\"\" class=\"wp-image-243072\" srcset=\"http:\/\/vertienteglobal.com\/wp-content\/uploads\/2024\/11\/1000015872.jpg 992w, http:\/\/vertienteglobal.com\/wp-content\/uploads\/2024\/11\/1000015872-300x169.jpg 300w, http:\/\/vertienteglobal.com\/wp-content\/uploads\/2024\/11\/1000015872-150x84.jpg 150w, http:\/\/vertienteglobal.com\/wp-content\/uploads\/2024\/11\/1000015872-768x432.jpg 768w\" sizes=\"auto, (max-width: 992px) 100vw, 992px\" \/><\/figure>\n","protected":false},"excerpt":{"rendered":"<p>(Redacci\u00f3n) Como cada a\u00f1o miles de feligreses arriban al templo de San Hip\u00f3lito para destejar a San Judas Tadeo Ciudad de M\u00e9xico 28 de octubre del 2024.- Hoy 28 de octubre en la Ciudad de M\u00e9xico se celebra el D\u00eda de San Judas Tadeo, uno de los santos m\u00e1s venerados en el pa\u00eds. Y es [&hellip;]<\/p>\n","protected":false},"author":1,"featured_media":243071,"comment_status":"open","ping_status":"open","sticky":false,"template":"","format":"standard","meta":{"footnotes":""},"categories":[8],"tags":[],"class_list":["post-243069","post","type-post","status-publish","format-standard","has-post-thumbnail","hentry","category-pais","entry","has-media"],"jetpack_featured_media_url":"http:\/\/vertienteglobal.com\/wp-content\/uploads\/2024\/11\/1000015871.jpg","_links":{"self":[{"href":"http:\/\/vertienteglobal.com\/index.php?rest_route=\/wp\/v2\/posts\/243069","targetHints":{"allow":["GET"]}}],"collection":[{"href":"http:\/\/vertienteglobal.com\/index.php?rest_route=\/wp\/v2\/posts"}],"about":[{"href":"http:\/\/vertienteglobal.com\/index.php?rest_route=\/wp\/v2\/types\/post"}],"author":[{"embeddable":true,"href":"http:\/\/vertienteglobal.com\/index.php?rest_route=\/wp\/v2\/users\/1"}],"replies":[{"embeddable":true,"href":"http:\/\/vertienteglobal.com\/index.php?rest_route=%2Fwp%2Fv2%2Fcomments&post=243069"}],"version-history":[{"count":0,"href":"http:\/\/vertienteglobal.com\/index.php?rest_route=\/wp\/v2\/posts\/243069\/revisions"}],"wp:featuredmedia":[{"embeddable":true,"href":"http:\/\/vertienteglobal.com\/index.php?rest_route=\/wp\/v2\/media\/243071"}],"wp:attachment":[{"href":"http:\/\/vertienteglobal.com\/index.php?rest_route=%2Fwp%2Fv2%2Fmedia&parent=243069"}],"wp:term":[{"taxonomy":"category","embeddable":true,"href":"http:\/\/vertienteglobal.com\/index.php?rest_route=%2Fwp%2Fv2%2Fcategories&post=243069"},{"taxonomy":"post_tag","embeddable":true,"href":"http:\/\/vertienteglobal.com\/index.php?rest_route=%2Fwp%2Fv2%2Ftags&post=243069"}],"curies":[{"name":"wp","href":"https:\/\/api.w.org\/{rel}","templated":true}]}}