{"id":242995,"date":"2024-08-30T18:10:57","date_gmt":"2024-08-30T23:10:57","guid":{"rendered":"http:\/\/vertienteglobal.com\/?p=242995"},"modified":"2024-08-30T18:10:57","modified_gmt":"2024-08-30T23:10:57","slug":"con-mara-lezama-seguiremos-fortaleciendo-el-epicentro-de-la-transformacion-para-que-la-prosperidad-compartida-y-el-bienestar-social-llegue-a-todos-los-rincones-de-cancun-ana-paty-peralta","status":"publish","type":"post","link":"http:\/\/vertienteglobal.com\/?p=242995","title":{"rendered":"Con Mara Lezama seguiremos fortaleciendo el Epicentro de la Transformaci\u00f3n para que la prosperidad compartida y el bienestar social llegue a todos los rincones de Canc\u00fan: Ana Paty Peralta"},"content":{"rendered":"\n<div class=\"twitterbutton\" style=\"float: right; padding-left: 5px;\"><a href=\"http:\/\/twitter.com\/share\" class=\"twitter-share-button\" data-count=\"horizontal\" data-text=\"Con Mara Lezama seguiremos fortaleciendo el Epicentro de la Transformaci\u00f3n para...\" data-via=\"https:\/\/twitter.com\/VertienteGloba1\" data-url=\"http:\/\/vertienteglobal.com\/?p=242995\" data-lang=\"es\" data-related=\"Informaci\u00f3n general:S\u00edguenos para que est\u00e9ss informado\"><\/a><\/div>\n<figure class=\"wp-block-image size-large\"><img loading=\"lazy\" decoding=\"async\" width=\"1024\" height=\"581\" src=\"http:\/\/vertienteglobal.com\/wp-content\/uploads\/2024\/10\/1000004825-1024x581.jpg\" alt=\"\" class=\"wp-image-242996\" srcset=\"http:\/\/vertienteglobal.com\/wp-content\/uploads\/2024\/10\/1000004825-1024x581.jpg 1024w, http:\/\/vertienteglobal.com\/wp-content\/uploads\/2024\/10\/1000004825-300x170.jpg 300w, http:\/\/vertienteglobal.com\/wp-content\/uploads\/2024\/10\/1000004825-150x85.jpg 150w, http:\/\/vertienteglobal.com\/wp-content\/uploads\/2024\/10\/1000004825-768x435.jpg 768w, http:\/\/vertienteglobal.com\/wp-content\/uploads\/2024\/10\/1000004825.jpg 1487w\" sizes=\"auto, (max-width: 1024px) 100vw, 1024px\" \/><\/figure>\n\n\n\n<p>(Redacci\u00f3n)<\/p>\n\n\n\n<p>Al rendir protesta hoy, en una nueva etapa de la transformaci\u00f3n de Benito Ju\u00e1rez, Ana Paty Peralta afirm\u00f3 que su compromiso es el bienestar de todas y todos para consolidar la cuarta transformaci\u00f3n en el municipio<\/p>\n\n\n\n<p>Canc\u00fan.- Hoy es un d\u00eda de esperanza para Benito Ju\u00e1rez. Con la gobernadora Mara Lezama seguiremos construyendo un Canc\u00fan que refleje la esencia de lo que somos, de la prosperidad y de la transformaci\u00f3n, para el bienestar de los benitojuarenses, expres\u00f3 Ana Paty Peralta de la Pe\u00f1a al rendir protesta como presidenta municipal de Benito Ju\u00e1rez e instalar el Ayuntamiento 2024-2027.<\/p>\n\n\n\n<p>\u201cMi compromiso es con el bienestar para todas y todos, con la justicia social para los que menos tienen, con la prosperidad para que sea compartida con todas y todos\u201d asegur\u00f3 en la sesi\u00f3n solemne que se desarroll\u00f3 en el reci\u00e9n inaugurado Teatro de la Ciudad de Canc\u00fan. Afirm\u00f3 que con el apoyo de Mara Lezama y el respaldo de la presidenta Claudia Sheinbaum se consolidar\u00e1 el segundo piso de la Cuarta Transformaci\u00f3n.<\/p>\n\n\n\n<p>La sesi\u00f3n solemne cont\u00f3 con la asistencia del presidente del Tribunal Superior de Justicia, Heyden Cebada Rivas, y el presidente de la JUGOCOPO del Congreso del Estado, Jorge San\u00e9n Cervantes, ante quienes Ana Paty Peralta se comprometi\u00f3 a un gobierno de puertas abiertas para todas y todos.<\/p>\n\n\n\n<figure class=\"wp-block-image size-large\"><img loading=\"lazy\" decoding=\"async\" width=\"1024\" height=\"682\" src=\"http:\/\/vertienteglobal.com\/wp-content\/uploads\/2024\/10\/1000004828-1024x682.jpg\" alt=\"\" class=\"wp-image-242997\" srcset=\"http:\/\/vertienteglobal.com\/wp-content\/uploads\/2024\/10\/1000004828-1024x682.jpg 1024w, http:\/\/vertienteglobal.com\/wp-content\/uploads\/2024\/10\/1000004828-300x200.jpg 300w, http:\/\/vertienteglobal.com\/wp-content\/uploads\/2024\/10\/1000004828-150x100.jpg 150w, http:\/\/vertienteglobal.com\/wp-content\/uploads\/2024\/10\/1000004828-768x512.jpg 768w, http:\/\/vertienteglobal.com\/wp-content\/uploads\/2024\/10\/1000004828-1536x1023.jpg 1536w, http:\/\/vertienteglobal.com\/wp-content\/uploads\/2024\/10\/1000004828.jpg 1600w\" sizes=\"auto, (max-width: 1024px) 100vw, 1024px\" \/><\/figure>\n\n\n\n<figure class=\"wp-block-image size-large\"><img loading=\"lazy\" decoding=\"async\" width=\"682\" height=\"1024\" src=\"http:\/\/vertienteglobal.com\/wp-content\/uploads\/2024\/10\/1000004826-682x1024.jpg\" alt=\"\" class=\"wp-image-242998\" srcset=\"http:\/\/vertienteglobal.com\/wp-content\/uploads\/2024\/10\/1000004826-682x1024.jpg 682w, http:\/\/vertienteglobal.com\/wp-content\/uploads\/2024\/10\/1000004826-200x300.jpg 200w, http:\/\/vertienteglobal.com\/wp-content\/uploads\/2024\/10\/1000004826-100x150.jpg 100w, http:\/\/vertienteglobal.com\/wp-content\/uploads\/2024\/10\/1000004826-768x1153.jpg 768w, http:\/\/vertienteglobal.com\/wp-content\/uploads\/2024\/10\/1000004826-1023x1536.jpg 1023w, http:\/\/vertienteglobal.com\/wp-content\/uploads\/2024\/10\/1000004826.jpg 1066w\" sizes=\"auto, (max-width: 682px) 100vw, 682px\" \/><\/figure>\n","protected":false},"excerpt":{"rendered":"<p>(Redacci\u00f3n) Al rendir protesta hoy, en una nueva etapa de la transformaci\u00f3n de Benito Ju\u00e1rez, Ana Paty Peralta afirm\u00f3 que su compromiso es el bienestar de todas y todos para consolidar la cuarta transformaci\u00f3n en el municipio Canc\u00fan.- Hoy es un d\u00eda de esperanza para Benito Ju\u00e1rez. Con la gobernadora Mara Lezama seguiremos construyendo un [&hellip;]<\/p>\n","protected":false},"author":1,"featured_media":242996,"comment_status":"open","ping_status":"open","sticky":false,"template":"","format":"standard","meta":{"footnotes":""},"categories":[3],"tags":[],"class_list":["post-242995","post","type-post","status-publish","format-standard","has-post-thumbnail","hentry","category-quintana-roo","entry","has-media"],"jetpack_featured_media_url":"http:\/\/vertienteglobal.com\/wp-content\/uploads\/2024\/10\/1000004825.jpg","_links":{"self":[{"href":"http:\/\/vertienteglobal.com\/index.php?rest_route=\/wp\/v2\/posts\/242995","targetHints":{"allow":["GET"]}}],"collection":[{"href":"http:\/\/vertienteglobal.com\/index.php?rest_route=\/wp\/v2\/posts"}],"about":[{"href":"http:\/\/vertienteglobal.com\/index.php?rest_route=\/wp\/v2\/types\/post"}],"author":[{"embeddable":true,"href":"http:\/\/vertienteglobal.com\/index.php?rest_route=\/wp\/v2\/users\/1"}],"replies":[{"embeddable":true,"href":"http:\/\/vertienteglobal.com\/index.php?rest_route=%2Fwp%2Fv2%2Fcomments&post=242995"}],"version-history":[{"count":0,"href":"http:\/\/vertienteglobal.com\/index.php?rest_route=\/wp\/v2\/posts\/242995\/revisions"}],"wp:featuredmedia":[{"embeddable":true,"href":"http:\/\/vertienteglobal.com\/index.php?rest_route=\/wp\/v2\/media\/242996"}],"wp:attachment":[{"href":"http:\/\/vertienteglobal.com\/index.php?rest_route=%2Fwp%2Fv2%2Fmedia&parent=242995"}],"wp:term":[{"taxonomy":"category","embeddable":true,"href":"http:\/\/vertienteglobal.com\/index.php?rest_route=%2Fwp%2Fv2%2Fcategories&post=242995"},{"taxonomy":"post_tag","embeddable":true,"href":"http:\/\/vertienteglobal.com\/index.php?rest_route=%2Fwp%2Fv2%2Ftags&post=242995"}],"curies":[{"name":"wp","href":"https:\/\/api.w.org\/{rel}","templated":true}]}}