{"id":242954,"date":"2024-08-30T18:10:51","date_gmt":"2024-08-30T23:10:51","guid":{"rendered":"http:\/\/vertienteglobal.com\/?p=242954"},"modified":"2024-08-30T18:10:51","modified_gmt":"2024-08-30T23:10:51","slug":"solidaridad-vivira-una-nueva-era-cargada-de-esperanza-para-su-transformacion-y-beneficio-del-pueblo","status":"publish","type":"post","link":"http:\/\/vertienteglobal.com\/?p=242954","title":{"rendered":"Solidaridad vivir\u00e1 una nueva era cargada de esperanza para su transformaci\u00f3n y beneficio del pueblo"},"content":{"rendered":"\n<div class=\"twitterbutton\" style=\"float: right; padding-left: 5px;\"><a href=\"http:\/\/twitter.com\/share\" class=\"twitter-share-button\" data-count=\"horizontal\" data-text=\"Solidaridad vivir\u00e1 una nueva era cargada de esperanza para su transformaci\u00f3n y...\" data-via=\"https:\/\/twitter.com\/VertienteGloba1\" data-url=\"http:\/\/vertienteglobal.com\/?p=242954\" data-lang=\"es\" data-related=\"Informaci\u00f3n general:S\u00edguenos para que est\u00e9ss informado\"><\/a><\/div>\n<figure class=\"wp-block-image size-full\"><img loading=\"lazy\" decoding=\"async\" width=\"585\" height=\"390\" src=\"http:\/\/vertienteglobal.com\/wp-content\/uploads\/2024\/10\/1000004760.jpg\" alt=\"\" class=\"wp-image-242955\" srcset=\"http:\/\/vertienteglobal.com\/wp-content\/uploads\/2024\/10\/1000004760.jpg 585w, http:\/\/vertienteglobal.com\/wp-content\/uploads\/2024\/10\/1000004760-300x200.jpg 300w, http:\/\/vertienteglobal.com\/wp-content\/uploads\/2024\/10\/1000004760-150x100.jpg 150w\" sizes=\"auto, (max-width: 585px) 100vw, 585px\" \/><\/figure>\n\n\n\n<p>(Redacci\u00f3n)<\/p>\n\n\n\n<p>Nuestro modelo ser\u00e1 la transformaci\u00f3n y la prosperidad compartida para el bienestar del pueblo, cit\u00f3 Estefan\u00eda Mercado al rendir protesta como presidenta municipal de Solidaridad con la presencia de la gobernadora Mara Lezama<\/p>\n\n\n\n<p>Playa del Carmen, Solidaridad, Quintana Roo, 30 de septiembre del 2024.- Al rendir protesta como presidenta municipal, Estefan\u00eda Mercado Asencio afirm\u00f3 ante la gobernadora Mara Lezama que Solidaridad est\u00e1 lista para una transformaci\u00f3n profunda que comienza y termina con su gente.<\/p>\n\n\n\n<p>\u201cNuestro modelo de trabajo es el de la prosperidad compartida, la que pone al ser humano en el centro. Nuestro gobierno se guiar\u00e1 por la transformaci\u00f3n y la prosperidad. El futuro de Solidaridad comienza hoy con una nueva era cargada de esperanza para su transformaci\u00f3n y beneficio del pueblo\u201d expres\u00f3 la presidenta Estefan\u00eda Mercado.<\/p>\n\n\n\n<p>La sesi\u00f3n solemne de toma de protesta e instalaci\u00f3n del Ayuntamiento se llev\u00f3 a cabo con la presencia de la gobernadora Mara Lezama Espinosa, del presidente del Tribunal Superior de Justicia Heyden Cebada Rivas, y del presidente de la JUGOCOPO del Congreso del Estado, Jorge Sanen Cervantes.<\/p>\n\n\n\n<figure class=\"wp-block-image size-large\"><img loading=\"lazy\" decoding=\"async\" width=\"1024\" height=\"682\" src=\"http:\/\/vertienteglobal.com\/wp-content\/uploads\/2024\/10\/1000004759-1024x682.jpg\" alt=\"\" class=\"wp-image-242956\" srcset=\"http:\/\/vertienteglobal.com\/wp-content\/uploads\/2024\/10\/1000004759-1024x682.jpg 1024w, http:\/\/vertienteglobal.com\/wp-content\/uploads\/2024\/10\/1000004759-300x200.jpg 300w, http:\/\/vertienteglobal.com\/wp-content\/uploads\/2024\/10\/1000004759-150x100.jpg 150w, http:\/\/vertienteglobal.com\/wp-content\/uploads\/2024\/10\/1000004759-768x512.jpg 768w, http:\/\/vertienteglobal.com\/wp-content\/uploads\/2024\/10\/1000004759-1536x1023.jpg 1536w, http:\/\/vertienteglobal.com\/wp-content\/uploads\/2024\/10\/1000004759.jpg 1600w\" sizes=\"auto, (max-width: 1024px) 100vw, 1024px\" \/><\/figure>\n\n\n\n<figure class=\"wp-block-image size-full\"><img loading=\"lazy\" decoding=\"async\" width=\"585\" height=\"390\" src=\"http:\/\/vertienteglobal.com\/wp-content\/uploads\/2024\/10\/1000004761.jpg\" alt=\"\" class=\"wp-image-242957\" srcset=\"http:\/\/vertienteglobal.com\/wp-content\/uploads\/2024\/10\/1000004761.jpg 585w, http:\/\/vertienteglobal.com\/wp-content\/uploads\/2024\/10\/1000004761-300x200.jpg 300w, http:\/\/vertienteglobal.com\/wp-content\/uploads\/2024\/10\/1000004761-150x100.jpg 150w\" sizes=\"auto, (max-width: 585px) 100vw, 585px\" \/><\/figure>\n\n\n\n<figure class=\"wp-block-image size-full\"><img loading=\"lazy\" decoding=\"async\" width=\"585\" height=\"390\" src=\"http:\/\/vertienteglobal.com\/wp-content\/uploads\/2024\/10\/1000004762.jpg\" alt=\"\" class=\"wp-image-242958\" srcset=\"http:\/\/vertienteglobal.com\/wp-content\/uploads\/2024\/10\/1000004762.jpg 585w, http:\/\/vertienteglobal.com\/wp-content\/uploads\/2024\/10\/1000004762-300x200.jpg 300w, http:\/\/vertienteglobal.com\/wp-content\/uploads\/2024\/10\/1000004762-150x100.jpg 150w\" sizes=\"auto, (max-width: 585px) 100vw, 585px\" \/><\/figure>\n","protected":false},"excerpt":{"rendered":"<p>(Redacci\u00f3n) Nuestro modelo ser\u00e1 la transformaci\u00f3n y la prosperidad compartida para el bienestar del pueblo, cit\u00f3 Estefan\u00eda Mercado al rendir protesta como presidenta municipal de Solidaridad con la presencia de la gobernadora Mara Lezama Playa del Carmen, Solidaridad, Quintana Roo, 30 de septiembre del 2024.- Al rendir protesta como presidenta municipal, Estefan\u00eda Mercado Asencio afirm\u00f3 [&hellip;]<\/p>\n","protected":false},"author":1,"featured_media":242956,"comment_status":"open","ping_status":"open","sticky":false,"template":"","format":"standard","meta":{"footnotes":""},"categories":[3],"tags":[],"class_list":["post-242954","post","type-post","status-publish","format-standard","has-post-thumbnail","hentry","category-quintana-roo","entry","has-media"],"jetpack_featured_media_url":"http:\/\/vertienteglobal.com\/wp-content\/uploads\/2024\/10\/1000004759.jpg","_links":{"self":[{"href":"http:\/\/vertienteglobal.com\/index.php?rest_route=\/wp\/v2\/posts\/242954","targetHints":{"allow":["GET"]}}],"collection":[{"href":"http:\/\/vertienteglobal.com\/index.php?rest_route=\/wp\/v2\/posts"}],"about":[{"href":"http:\/\/vertienteglobal.com\/index.php?rest_route=\/wp\/v2\/types\/post"}],"author":[{"embeddable":true,"href":"http:\/\/vertienteglobal.com\/index.php?rest_route=\/wp\/v2\/users\/1"}],"replies":[{"embeddable":true,"href":"http:\/\/vertienteglobal.com\/index.php?rest_route=%2Fwp%2Fv2%2Fcomments&post=242954"}],"version-history":[{"count":0,"href":"http:\/\/vertienteglobal.com\/index.php?rest_route=\/wp\/v2\/posts\/242954\/revisions"}],"wp:featuredmedia":[{"embeddable":true,"href":"http:\/\/vertienteglobal.com\/index.php?rest_route=\/wp\/v2\/media\/242956"}],"wp:attachment":[{"href":"http:\/\/vertienteglobal.com\/index.php?rest_route=%2Fwp%2Fv2%2Fmedia&parent=242954"}],"wp:term":[{"taxonomy":"category","embeddable":true,"href":"http:\/\/vertienteglobal.com\/index.php?rest_route=%2Fwp%2Fv2%2Fcategories&post=242954"},{"taxonomy":"post_tag","embeddable":true,"href":"http:\/\/vertienteglobal.com\/index.php?rest_route=%2Fwp%2Fv2%2Ftags&post=242954"}],"curies":[{"name":"wp","href":"https:\/\/api.w.org\/{rel}","templated":true}]}}