{"id":242789,"date":"2024-08-30T18:11:37","date_gmt":"2024-08-30T23:11:37","guid":{"rendered":"http:\/\/vertienteglobal.com\/?p=242789"},"modified":"2024-08-30T18:11:37","modified_gmt":"2024-08-30T23:11:37","slug":"estos-son-los-emojis-que-llegaran-a-whatsapp-en-2025","status":"publish","type":"post","link":"http:\/\/vertienteglobal.com\/?p=242789","title":{"rendered":"Estos son los emojis que llegar\u00e1n a WhatsApp en 2025"},"content":{"rendered":"\n<div class=\"twitterbutton\" style=\"float: right; padding-left: 5px;\"><a href=\"http:\/\/twitter.com\/share\" class=\"twitter-share-button\" data-count=\"horizontal\" data-text=\"Estos son los emojis que llegar\u00e1n a WhatsApp en 2025\" data-via=\"https:\/\/twitter.com\/VertienteGloba1\" data-url=\"http:\/\/vertienteglobal.com\/?p=242789\" data-lang=\"es\" data-related=\"Informaci\u00f3n general:S\u00edguenos para que est\u00e9ss informado\"><\/a><\/div>\n<figure class=\"wp-block-image size-full\"><img loading=\"lazy\" decoding=\"async\" width=\"1024\" height=\"683\" src=\"http:\/\/vertienteglobal.com\/wp-content\/uploads\/2024\/10\/1000567526.webp\" alt=\"\" class=\"wp-image-242790\" srcset=\"http:\/\/vertienteglobal.com\/wp-content\/uploads\/2024\/10\/1000567526.webp 1024w, http:\/\/vertienteglobal.com\/wp-content\/uploads\/2024\/10\/1000567526-300x200.webp 300w, http:\/\/vertienteglobal.com\/wp-content\/uploads\/2024\/10\/1000567526-150x100.webp 150w, http:\/\/vertienteglobal.com\/wp-content\/uploads\/2024\/10\/1000567526-768x512.webp 768w\" sizes=\"auto, (max-width: 1024px) 100vw, 1024px\" \/><\/figure>\n\n\n\n<p>(Redacci\u00f3n)<\/p>\n\n\n\n<p>WhatsApp introducir\u00e1 otros s\u00edmbolos que representan aspectos de la vida cotidiana, la cultura y las emociones de manera m\u00e1s diversa. Estos son algunos de los emojis destacados que estar\u00e1n disponibles en 2025<\/p>\n\n\n\n<p>Ciudad de M\u00e9xico 01 de octubre del 2024.- La plataforma de WhatsApp, la popular plataforma de mensajer\u00eda de Meta, ha anunciado la pr\u00f3xima incorporaci\u00f3n de 8 nuevos emojis a su biblioteca. Estos \u00edconos estar\u00e1n disponibles para usuarios de Android y iOS (iPhone) a partir de 2025, una actualizaci\u00f3n que genera gran expectaci\u00f3n entre los usuarios, quienes ven en los emojis una forma din\u00e1mica de enriquecer la comunicaci\u00f3n y expresar emociones de manera visual.<\/p>\n\n\n\n<p>Entre los nuevos emojis, el que ha captado mayor atenci\u00f3n es el emoji de rostro exhausto con ojeras, el cual simboliza el cansancio acumulado, reflejando una era marcada por el estr\u00e9s, la sobrecarga laboral y la falta de descanso. Seg\u00fan Emojipedia, este emoji fue votado como el \u00abm\u00e1s esperado\u00bb en los World Emoji Awards, obteniendo m\u00e1s del 60% de los votos.<\/p>\n\n\n\n<p>Adem\u00e1s del emoji de cansancio, WhatsApp introducir\u00e1 otros s\u00edmbolos que representan aspectos de la vida cotidiana, la cultura y las emociones de manera m\u00e1s diversa. Estos son algunos de los emojis destacados que estar\u00e1n disponibles en 2025:<\/p>\n\n\n\n<p>Emoji de cansancio: Ideal para expresar agotamiento o el final de un d\u00eda largo y pesado.<\/p>\n\n\n\n<p>Arpa: Perfecto para conversaciones relacionadas con m\u00fasica, serenidad y creatividad.<\/p>\n\n\n\n<p>\u00c1rbol sin hojas: Un s\u00edmbolo que puede representar el cambio de estaciones, el paso del tiempo o transiciones en la vida.<\/p>\n\n\n\n<p>Pala: \u00datil para hablar de trabajos manuales o jardiner\u00eda, y con un sentido metaf\u00f3rico para \u00abenterrar el pasado\u00bb o profundizar en un tema.<\/p>\n\n\n\n<p>Salpicadura morada: Vers\u00e1til y con m\u00faltiples interpretaciones, desde creatividad y caos hasta momentos de emoci\u00f3n intensa.<\/p>\n\n\n\n<p>Bandera de Sark: Una representaci\u00f3n de la peque\u00f1a isla en el canal de la Mancha, con una rica historia y cultura.<\/p>\n\n\n\n<p>Hortaliza: Popular entre los entusiastas de la comida saludable, chefs en casa y amantes de las recetas.(Fuente: Infobae\/Xeva)<\/p>\n\n\n\n<figure class=\"wp-block-image size-full\"><img loading=\"lazy\" decoding=\"async\" width=\"800\" height=\"534\" src=\"http:\/\/vertienteglobal.com\/wp-content\/uploads\/2024\/10\/1000567527.jpg\" alt=\"\" class=\"wp-image-242791\" srcset=\"http:\/\/vertienteglobal.com\/wp-content\/uploads\/2024\/10\/1000567527.jpg 800w, http:\/\/vertienteglobal.com\/wp-content\/uploads\/2024\/10\/1000567527-300x200.jpg 300w, http:\/\/vertienteglobal.com\/wp-content\/uploads\/2024\/10\/1000567527-150x100.jpg 150w, http:\/\/vertienteglobal.com\/wp-content\/uploads\/2024\/10\/1000567527-768x513.jpg 768w\" sizes=\"auto, (max-width: 800px) 100vw, 800px\" \/><\/figure>\n","protected":false},"excerpt":{"rendered":"<p>(Redacci\u00f3n) WhatsApp introducir\u00e1 otros s\u00edmbolos que representan aspectos de la vida cotidiana, la cultura y las emociones de manera m\u00e1s diversa. Estos son algunos de los emojis destacados que estar\u00e1n disponibles en 2025 Ciudad de M\u00e9xico 01 de octubre del 2024.- La plataforma de WhatsApp, la popular plataforma de mensajer\u00eda de Meta, ha anunciado la [&hellip;]<\/p>\n","protected":false},"author":1,"featured_media":242791,"comment_status":"open","ping_status":"open","sticky":false,"template":"","format":"standard","meta":{"footnotes":""},"categories":[8],"tags":[],"class_list":["post-242789","post","type-post","status-publish","format-standard","has-post-thumbnail","hentry","category-pais","entry","has-media"],"jetpack_featured_media_url":"http:\/\/vertienteglobal.com\/wp-content\/uploads\/2024\/10\/1000567527.jpg","_links":{"self":[{"href":"http:\/\/vertienteglobal.com\/index.php?rest_route=\/wp\/v2\/posts\/242789","targetHints":{"allow":["GET"]}}],"collection":[{"href":"http:\/\/vertienteglobal.com\/index.php?rest_route=\/wp\/v2\/posts"}],"about":[{"href":"http:\/\/vertienteglobal.com\/index.php?rest_route=\/wp\/v2\/types\/post"}],"author":[{"embeddable":true,"href":"http:\/\/vertienteglobal.com\/index.php?rest_route=\/wp\/v2\/users\/1"}],"replies":[{"embeddable":true,"href":"http:\/\/vertienteglobal.com\/index.php?rest_route=%2Fwp%2Fv2%2Fcomments&post=242789"}],"version-history":[{"count":0,"href":"http:\/\/vertienteglobal.com\/index.php?rest_route=\/wp\/v2\/posts\/242789\/revisions"}],"wp:featuredmedia":[{"embeddable":true,"href":"http:\/\/vertienteglobal.com\/index.php?rest_route=\/wp\/v2\/media\/242791"}],"wp:attachment":[{"href":"http:\/\/vertienteglobal.com\/index.php?rest_route=%2Fwp%2Fv2%2Fmedia&parent=242789"}],"wp:term":[{"taxonomy":"category","embeddable":true,"href":"http:\/\/vertienteglobal.com\/index.php?rest_route=%2Fwp%2Fv2%2Fcategories&post=242789"},{"taxonomy":"post_tag","embeddable":true,"href":"http:\/\/vertienteglobal.com\/index.php?rest_route=%2Fwp%2Fv2%2Ftags&post=242789"}],"curies":[{"name":"wp","href":"https:\/\/api.w.org\/{rel}","templated":true}]}}